{"id":4230,"date":"2018-05-23T23:06:16","date_gmt":"2018-05-24T02:06:16","guid":{"rendered":"http:\/\/www.catedracosgaya.com.ar\/tipoblog\/2018\/?p=4230"},"modified":"2018-05-23T23:06:16","modified_gmt":"2018-05-24T02:06:16","slug":"hoy-abriste-tu-cabeza","status":"publish","type":"post","link":"https:\/\/www.catedracosgaya.com.ar\/tipoblog\/2018\/hoy-abriste-tu-cabeza\/","title":{"rendered":"\u00bfHoy abriste tu cabeza?"},"content":{"rendered":"<p>Hace poco me hablaron sobre la importancia de las preguntas. Me dijeron que hay que irse de cada lugar con una pregunta nueva, con algo en lo que pensar. Me hablaron tambi\u00e9n sobre las preguntas como la manera que tenemos de aprender, pero no solo en un \u00e1mbito de educaci\u00f3n formal sino tambi\u00e9n en cualquier otra instancia de la vida. La capacidad de hacer preguntas acerca de nosotros mismos y del mundo que nos rodea es una destreza importante que tenemos los humanos, nos habla sobre la habilidad de generar un pensamiento racional.<\/p>\n<p>Hacernos preguntas nos hace pensar. Nos hace reflexionar sobre lo que escuchamos, generar opiniones y plantear determinantes frente a distintos temas, nos hace procesar y generar contenido. Cada pregunta nos hace crecer, aunque sea un poco, y con cada pregunta logramos abrir todav\u00eda m\u00e1s la cabeza \u201cLa mente es como un paraca\u00eddas, solo funciona si se abre\u201d \u2013 Albert Einstein. Tenemos que estar atentos, abiertos a poder descubrir y redescubrir las cosas de las cuales nos rodeamos, las cosas de la vida cotidiana tienen mucho para decir, pero somos nosotros \u2013 y solo nosotros \u2013 quienes podemos sacarle provecho.<\/p>\n<p>Por \u00faltimo, quer\u00eda hablar de la zona de confort. Esa zona en la que estamos seguros sin ning\u00fan peligro, la zona en la cual nos sentimos c\u00f3modos. Para esto hay un cuento que me contaron de chica que me gusta mucho y quer\u00eda compartir: Hab\u00eda una vez un elefante que creci\u00f3 en el circo atado a un \u00e1rbol con una soga, desde chiquito que el elefante tira y tira de la soga para poder soltarse, pero no logra desatarse. Pasan los a\u00f1os y el elefante crece, se hace m\u00e1s fuerte y grande con la suficiente fuerza como para poder tirar de la soga que lo mantiene atado al \u00e1rbol y salir en libertad, pero \u00e9l nunca volvi\u00f3 a intentarlo porque ten\u00eda el recuerdo de que esa soga no se pod\u00eda romper. A veces uno no sale de su zona de confort porque cree que no puede, porque cree que si una vez \u2013 o dos o tres \u2013 no pudo romper la soga que lo tiene atado al \u00e1rbol, cuando vuelva a probar no va a poder tampoco, ya sea por la propia limitaci\u00f3n que nos imponemos o porque nos genere miedo probar algo nuevo.<\/p>\n<p>Ahora bien, salir de la zona de confort, hacernos preguntas, cuestionarnos, poder abrir la cabeza. Creo que todos estos puntos est\u00e1n \u00edntimamente relacionados con el dise\u00f1o y con el pensamiento proyectual con el que convivimos.<\/p>\n<p>A la hora de dise\u00f1ar, tendr\u00edamos que poder salir de nuestra zona de confort, no enamorarnos de las cosas ni atarnos a lo que solemos hacer, de lo que sabemos que podemos manejar y as\u00ed arriesgarnos a probar algo nuevo, a experimentar, porque siempre hay tiempo de volver para atr\u00e1s. No conformarnos con lo que ya tenemos adquirido porque acomodarse significa estancarse, no buscar nuevos est\u00edmulos, nuevos retos. \u201cLo bueno es el enemigo de lo grandioso\u201d \u2013 Jonathan Ive<\/p>\n<p>Para llevar a cabo un buen dise\u00f1o debemos hacernos preguntas. \u00bfQU\u00c9? \u00bfC\u00d3MO? \u00bfCU\u00c1L? \u00bfPARA QUI\u00c9N? \u00bfCUANDO? \u00bfEN QU\u00c9 CONTEXTO? (y dem\u00e1s)<\/p>\n<p>\u00bfQu\u00e9 dise\u00f1amos? Un libro.<\/p>\n<p>\u00bfQu\u00e9 tipo de libro quiero dise\u00f1ar?<\/p>\n<p>\u00bfPara quien va a estar dirigido?<\/p>\n<p>\u00bfCu\u00e1l es su funci\u00f3n?<\/p>\n<p>\u00bfEn qu\u00e9 a\u00f1o est\u00e1 ambientado\/ orientado\/ en qu\u00e9 a\u00f1o lo estoy dise\u00f1ando?<\/p>\n<p>\u00bfEs un sistema? Si es un sistema, \u00bfcu\u00e1les ser\u00e1n sus constantes y cu\u00e1les sus variables? \u00bfQu\u00e9 tipograf\u00eda voy a usar? \u00bfCu\u00e1l va a ser su funci\u00f3n? \u00bfQu\u00e9 quiero transmitir?<\/p>\n<p>No todo da lo mismo. Es por esto que es importante no dejar de preguntarnos, pero tambi\u00e9n permitirnos, darnos el lugar a dudar de lo que creemos correcto.<\/p>\n<p>En cualquier punto donde nos paremos, si observamos con una mirada m\u00e1s cr\u00edtica deber\u00edamos tener una idea, un proyecto, deber\u00edamos tener DISE\u00d1O.<\/p>\n","protected":false},"excerpt":{"rendered":"<p>\u201cMuchas personas son lo bastante educadas como para no hablar con la boca llena, pero no les preocupa hacerlo con la cabeza vac\u00eda\u201d \u2013 Orson Welles.<br \/>\nEn esta publicaci\u00f3n voy a hablar sobre la importancia de generar conocimiento a trav\u00e9s de nuevas preguntas, de poder abrir la cabeza y salir de la zona de confort para poder llevar a cabo un dise\u00f1o con sentido. <\/p>\n","protected":false},"author":11,"featured_media":4236,"comment_status":"closed","ping_status":"closed","sticky":false,"template":"","format":"standard","meta":{"jetpack_post_was_ever_published":false,"_jetpack_newsletter_access":"","_jetpack_dont_email_post_to_subs":false,"_jetpack_newsletter_tier_id":0,"_jetpack_memberships_contains_paywalled_content":false,"_jetpack_memberships_contains_paid_content":false,"footnotes":"","jetpack_publicize_message":"\u00bfHoy abriste tu cabeza?  #\u200eTipoblog #Tipograf&iacute;a2 #C&aacute;tedraCosgaya #\u200eFADU #\u200eUBA","jetpack_publicize_feature_enabled":true,"jetpack_social_post_already_shared":true,"jetpack_social_options":{"image_generator_settings":{"template":"highway","default_image_id":0,"font":"","enabled":false},"version":2}},"categories":[26,27,20],"tags":[39,2,15],"class_list":["post-4230","post","type-post","status-publish","format-standard","has-post-thumbnail","hentry","category-arte","category-cultura","category-educacion","tag-libro-2","tag-opinion","tag-relato-personal"],"jetpack_publicize_connections":[],"jetpack_featured_media_url":"https:\/\/www.catedracosgaya.com.ar\/tipoblog\/2018\/wp-content\/uploads\/2018\/05\/Paracaidas-1-1.jpg","jetpack_sharing_enabled":true,"jetpack_shortlink":"https:\/\/wp.me\/p9TJog-16e","_links":{"self":[{"href":"https:\/\/www.catedracosgaya.com.ar\/tipoblog\/2018\/wp-json\/wp\/v2\/posts\/4230","targetHints":{"allow":["GET"]}}],"collection":[{"href":"https:\/\/www.catedracosgaya.com.ar\/tipoblog\/2018\/wp-json\/wp\/v2\/posts"}],"about":[{"href":"https:\/\/www.catedracosgaya.com.ar\/tipoblog\/2018\/wp-json\/wp\/v2\/types\/post"}],"author":[{"embeddable":true,"href":"https:\/\/www.catedracosgaya.com.ar\/tipoblog\/2018\/wp-json\/wp\/v2\/users\/11"}],"replies":[{"embeddable":true,"href":"https:\/\/www.catedracosgaya.com.ar\/tipoblog\/2018\/wp-json\/wp\/v2\/comments?post=4230"}],"version-history":[{"count":2,"href":"https:\/\/www.catedracosgaya.com.ar\/tipoblog\/2018\/wp-json\/wp\/v2\/posts\/4230\/revisions"}],"predecessor-version":[{"id":4234,"href":"https:\/\/www.catedracosgaya.com.ar\/tipoblog\/2018\/wp-json\/wp\/v2\/posts\/4230\/revisions\/4234"}],"wp:featuredmedia":[{"embeddable":true,"href":"https:\/\/www.catedracosgaya.com.ar\/tipoblog\/2018\/wp-json\/wp\/v2\/media\/4236"}],"wp:attachment":[{"href":"https:\/\/www.catedracosgaya.com.ar\/tipoblog\/2018\/wp-json\/wp\/v2\/media?parent=4230"}],"wp:term":[{"taxonomy":"category","embeddable":true,"href":"https:\/\/www.catedracosgaya.com.ar\/tipoblog\/2018\/wp-json\/wp\/v2\/categories?post=4230"},{"taxonomy":"post_tag","embeddable":true,"href":"https:\/\/www.catedracosgaya.com.ar\/tipoblog\/2018\/wp-json\/wp\/v2\/tags?post=4230"}],"curies":[{"name":"wp","href":"https:\/\/api.w.org\/{rel}","templated":true}]}}