{"id":4183,"date":"2018-05-22T15:56:40","date_gmt":"2018-05-22T18:56:40","guid":{"rendered":"http:\/\/www.catedracosgaya.com.ar\/tipoblog\/2018\/?p=4183"},"modified":"2018-05-22T15:56:40","modified_gmt":"2018-05-22T18:56:40","slug":"antoni-gaudi-estetica-y-funcionalidad","status":"publish","type":"post","link":"https:\/\/www.catedracosgaya.com.ar\/tipoblog\/2018\/antoni-gaudi-estetica-y-funcionalidad\/","title":{"rendered":"Antoni Gaud\u00ed, est\u00e9tica y funcionalidad"},"content":{"rendered":"<p>A principios de este a\u00f1o tuve la posibilidad de recorrer Barcelona. Me pareci\u00f3 una ciudad &#8221;m\u00e1gica&#8221;, con una impronta\u00a0y un\u00a0atractivo tan particular que no hab\u00eda visto antes. Una de las cosas que m\u00e1s me impact\u00f3 de esa ciudad fue La Sagrada Familia. Nunca hab\u00eda estado en un lugar tan imponente\u00a0y admirable como ese. Sin duda, distinta a cualquier iglesia en la que haya estado. Sorprende el trabajo innovador e impactante que tanto representa a su arqui- tecto, Gaud\u00ed. Esa experimentaci\u00f3n con materiales, colores y figuras geom\u00e9tricas, inspir\u00e1n- dose en la naturaleza me pareci\u00f3 alucinante .<\/p>\n<p><img loading=\"lazy\" decoding=\"async\" data-attachment-id=\"4186\" data-permalink=\"https:\/\/www.catedracosgaya.com.ar\/tipoblog\/2018\/antoni-gaudi-estetica-y-funcionalidad\/img_0353-1\/\" data-orig-file=\"https:\/\/www.catedracosgaya.com.ar\/tipoblog\/2018\/wp-content\/uploads\/2018\/05\/IMG_0353-1.jpg\" data-orig-size=\"1536,2048\" data-comments-opened=\"0\" data-image-meta=\"{&quot;aperture&quot;:&quot;1.8&quot;,&quot;credit&quot;:&quot;&quot;,&quot;camera&quot;:&quot;iPhone 7&quot;,&quot;caption&quot;:&quot;&quot;,&quot;created_timestamp&quot;:&quot;1521541185&quot;,&quot;copyright&quot;:&quot;&quot;,&quot;focal_length&quot;:&quot;3.99&quot;,&quot;iso&quot;:&quot;40&quot;,&quot;shutter_speed&quot;:&quot;0.04&quot;,&quot;title&quot;:&quot;&quot;,&quot;orientation&quot;:&quot;0&quot;}\" data-image-title=\"IMG_0353 (1)\" data-image-description=\"\" data-image-caption=\"\" data-large-file=\"https:\/\/www.catedracosgaya.com.ar\/tipoblog\/2018\/wp-content\/uploads\/2018\/05\/IMG_0353-1-768x1024.jpg\" class=\"alignnone  wp-image-4186\" src=\"http:\/\/www.catedracosgaya.com.ar\/tipoblog\/2018\/wp-content\/uploads\/2018\/05\/IMG_0353-1-225x300.jpg\" alt=\"\" width=\"353\" height=\"471\" srcset=\"https:\/\/www.catedracosgaya.com.ar\/tipoblog\/2018\/wp-content\/uploads\/2018\/05\/IMG_0353-1-225x300.jpg 225w, https:\/\/www.catedracosgaya.com.ar\/tipoblog\/2018\/wp-content\/uploads\/2018\/05\/IMG_0353-1-768x1024.jpg 768w, https:\/\/www.catedracosgaya.com.ar\/tipoblog\/2018\/wp-content\/uploads\/2018\/05\/IMG_0353-1.jpg 1536w\" sizes=\"auto, (max-width: 353px) 100vw, 353px\" \/>\u00a0 \u00a0 \u00a0 \u00a0<img loading=\"lazy\" decoding=\"async\" data-attachment-id=\"4187\" data-permalink=\"https:\/\/www.catedracosgaya.com.ar\/tipoblog\/2018\/antoni-gaudi-estetica-y-funcionalidad\/img_0385\/\" data-orig-file=\"https:\/\/www.catedracosgaya.com.ar\/tipoblog\/2018\/wp-content\/uploads\/2018\/05\/IMG_0385.jpg\" data-orig-size=\"1536,2048\" data-comments-opened=\"0\" data-image-meta=\"{&quot;aperture&quot;:&quot;1.8&quot;,&quot;credit&quot;:&quot;&quot;,&quot;camera&quot;:&quot;iPhone 7&quot;,&quot;caption&quot;:&quot;&quot;,&quot;created_timestamp&quot;:&quot;1521547883&quot;,&quot;copyright&quot;:&quot;&quot;,&quot;focal_length&quot;:&quot;3.99&quot;,&quot;iso&quot;:&quot;40&quot;,&quot;shutter_speed&quot;:&quot;0.04&quot;,&quot;title&quot;:&quot;&quot;,&quot;orientation&quot;:&quot;0&quot;}\" data-image-title=\"IMG_0385\" data-image-description=\"\" data-image-caption=\"\" data-large-file=\"https:\/\/www.catedracosgaya.com.ar\/tipoblog\/2018\/wp-content\/uploads\/2018\/05\/IMG_0385-768x1024.jpg\" class=\"alignnone  wp-image-4187\" src=\"http:\/\/www.catedracosgaya.com.ar\/tipoblog\/2018\/wp-content\/uploads\/2018\/05\/IMG_0385-225x300.jpg\" alt=\"\" width=\"352\" height=\"469\" srcset=\"https:\/\/www.catedracosgaya.com.ar\/tipoblog\/2018\/wp-content\/uploads\/2018\/05\/IMG_0385-225x300.jpg 225w, https:\/\/www.catedracosgaya.com.ar\/tipoblog\/2018\/wp-content\/uploads\/2018\/05\/IMG_0385-768x1024.jpg 768w, https:\/\/www.catedracosgaya.com.ar\/tipoblog\/2018\/wp-content\/uploads\/2018\/05\/IMG_0385.jpg 1536w\" sizes=\"auto, (max-width: 352px) 100vw, 352px\" \/><\/p>\n<p>Me llamaba mucho la atenci\u00f3n cada m\u00ednimo detalle del lugar, porque eso fue lo que m\u00e1s me impresion\u00f3, el nivel de <strong><em>detalles<\/em><\/strong> que manej\u00f3 Gaud\u00ed al momento de dise\u00f1arla. Nada estaba hecho \u201cporque s\u00ed\u201d o \u201cporque queda bien&#8221;. Cada sector y cada figura estaba pensado con una funcionalidad, una justificaci\u00f3n de para qu\u00e9, por qu\u00e9 y c\u00f3mo estaba ah\u00ed.<\/p>\n<p>Al pensar en estos recursos y relacionarlos con el &#8216;por\u00a0qu\u00e9&#8217; de los elementos que compongan mi trabajo, se demuestra que el proceso de hacernos preguntas y buscar una justificaci\u00f3n para cada prueba que se haga es fundamental. <em>\u00bfPara qui\u00e9n va a estar dirigido mi libro? \u00bfme sirve poner el t\u00edtulo ac\u00e1? \u00bffunciona en esta escala?<\/em> Ser detallistas, poder <em>distinguir lo que funciona, de lo que no funciona<\/em>.<\/p>\n<p>Probar y errar, hasta que salga y as\u00ed ir creando una identidad propia. Lograr un \u201cconcepto\u201d bien definido, que sirva como base para el desarrollo de los dem\u00e1s pasos a dar. Unir los conocimientos que tengo y poder argumentarlos. Hacer a consciencia y con inter\u00e9s creo que es la clave fundamental para potenciar un trabajo.<\/p>\n<p>&nbsp;<\/p>\n","protected":false},"excerpt":{"rendered":"<p>Quise compartir mi experiencia en La Sagrada Familia en Barcelona y como pienso que se relaciona con la importancia de crear un dise\u00f1o a consciencia y pensando en su funci\u00f3n.<\/p>\n","protected":false},"author":8,"featured_media":4184,"comment_status":"closed","ping_status":"closed","sticky":false,"template":"","format":"standard","meta":{"jetpack_post_was_ever_published":false,"_jetpack_newsletter_access":"","_jetpack_dont_email_post_to_subs":false,"_jetpack_newsletter_tier_id":0,"_jetpack_memberships_contains_paywalled_content":false,"_jetpack_memberships_contains_paid_content":false,"footnotes":"","jetpack_publicize_message":"Antoni Gaud\u00ed, est\u00e9tica y funcionalidad  #\u200eTipoblog #Tipograf&iacute;a2 #C&aacute;tedraCosgaya #\u200eFADU #\u200eUBA","jetpack_publicize_feature_enabled":true,"jetpack_social_post_already_shared":true,"jetpack_social_options":{"image_generator_settings":{"template":"highway","default_image_id":0,"font":"","enabled":false},"version":2}},"categories":[26,27,29],"tags":[39],"class_list":["post-4183","post","type-post","status-publish","format-standard","has-post-thumbnail","hentry","category-arte","category-cultura","category-historia","tag-libro-2"],"jetpack_publicize_connections":[],"jetpack_featured_media_url":"https:\/\/www.catedracosgaya.com.ar\/tipoblog\/2018\/wp-content\/uploads\/2018\/05\/IMG_0439.jpg","jetpack_sharing_enabled":true,"jetpack_shortlink":"https:\/\/wp.me\/p9TJog-15t","_links":{"self":[{"href":"https:\/\/www.catedracosgaya.com.ar\/tipoblog\/2018\/wp-json\/wp\/v2\/posts\/4183","targetHints":{"allow":["GET"]}}],"collection":[{"href":"https:\/\/www.catedracosgaya.com.ar\/tipoblog\/2018\/wp-json\/wp\/v2\/posts"}],"about":[{"href":"https:\/\/www.catedracosgaya.com.ar\/tipoblog\/2018\/wp-json\/wp\/v2\/types\/post"}],"author":[{"embeddable":true,"href":"https:\/\/www.catedracosgaya.com.ar\/tipoblog\/2018\/wp-json\/wp\/v2\/users\/8"}],"replies":[{"embeddable":true,"href":"https:\/\/www.catedracosgaya.com.ar\/tipoblog\/2018\/wp-json\/wp\/v2\/comments?post=4183"}],"version-history":[{"count":17,"href":"https:\/\/www.catedracosgaya.com.ar\/tipoblog\/2018\/wp-json\/wp\/v2\/posts\/4183\/revisions"}],"predecessor-version":[{"id":4205,"href":"https:\/\/www.catedracosgaya.com.ar\/tipoblog\/2018\/wp-json\/wp\/v2\/posts\/4183\/revisions\/4205"}],"wp:featuredmedia":[{"embeddable":true,"href":"https:\/\/www.catedracosgaya.com.ar\/tipoblog\/2018\/wp-json\/wp\/v2\/media\/4184"}],"wp:attachment":[{"href":"https:\/\/www.catedracosgaya.com.ar\/tipoblog\/2018\/wp-json\/wp\/v2\/media?parent=4183"}],"wp:term":[{"taxonomy":"category","embeddable":true,"href":"https:\/\/www.catedracosgaya.com.ar\/tipoblog\/2018\/wp-json\/wp\/v2\/categories?post=4183"},{"taxonomy":"post_tag","embeddable":true,"href":"https:\/\/www.catedracosgaya.com.ar\/tipoblog\/2018\/wp-json\/wp\/v2\/tags?post=4183"}],"curies":[{"name":"wp","href":"https:\/\/api.w.org\/{rel}","templated":true}]}}