{"id":4133,"date":"2018-05-21T15:57:00","date_gmt":"2018-05-21T18:57:00","guid":{"rendered":"http:\/\/www.catedracosgaya.com.ar\/tipoblog\/2018\/?p=4133"},"modified":"2018-05-21T19:47:06","modified_gmt":"2018-05-21T22:47:06","slug":"gusto-de-vos","status":"publish","type":"post","link":"https:\/\/www.catedracosgaya.com.ar\/tipoblog\/2018\/gusto-de-vos\/","title":{"rendered":"Gusto de vos."},"content":{"rendered":"<p><img loading=\"lazy\" decoding=\"async\" data-attachment-id=\"4140\" data-permalink=\"https:\/\/www.catedracosgaya.com.ar\/tipoblog\/2018\/gusto-de-vos\/tgtg\/\" data-orig-file=\"https:\/\/www.catedracosgaya.com.ar\/tipoblog\/2018\/wp-content\/uploads\/2018\/05\/tgtg.png\" data-orig-size=\"4768,1701\" data-comments-opened=\"0\" data-image-meta=\"{&quot;aperture&quot;:&quot;0&quot;,&quot;credit&quot;:&quot;&quot;,&quot;camera&quot;:&quot;&quot;,&quot;caption&quot;:&quot;&quot;,&quot;created_timestamp&quot;:&quot;0&quot;,&quot;copyright&quot;:&quot;&quot;,&quot;focal_length&quot;:&quot;0&quot;,&quot;iso&quot;:&quot;0&quot;,&quot;shutter_speed&quot;:&quot;0&quot;,&quot;title&quot;:&quot;&quot;,&quot;orientation&quot;:&quot;0&quot;}\" data-image-title=\"tgtg\" data-image-description=\"\" data-image-caption=\"\" data-large-file=\"https:\/\/www.catedracosgaya.com.ar\/tipoblog\/2018\/wp-content\/uploads\/2018\/05\/tgtg-1024x365.png\" class=\"alignnone size-full wp-image-4140\" src=\"http:\/\/www.catedracosgaya.com.ar\/tipoblog\/2018\/wp-content\/uploads\/2018\/05\/tgtg.png\" alt=\"\" width=\"4768\" height=\"1701\" srcset=\"https:\/\/www.catedracosgaya.com.ar\/tipoblog\/2018\/wp-content\/uploads\/2018\/05\/tgtg.png 4768w, https:\/\/www.catedracosgaya.com.ar\/tipoblog\/2018\/wp-content\/uploads\/2018\/05\/tgtg-300x107.png 300w, https:\/\/www.catedracosgaya.com.ar\/tipoblog\/2018\/wp-content\/uploads\/2018\/05\/tgtg-768x274.png 768w, https:\/\/www.catedracosgaya.com.ar\/tipoblog\/2018\/wp-content\/uploads\/2018\/05\/tgtg-1024x365.png 1024w\" sizes=\"auto, (max-width: 4768px) 100vw, 4768px\" \/><\/p>\n<p>Amiga Tipograf\u00eda, se\u00a0que hace poco tiempo que nos estamos viendo pero necesito decirte algo: estoy un poco enamorado de vos&#8230;<\/p>\n<p>Lo confieso, me atrae y me conmueve ese ritmo que ten\u00e9s, ese equilibrio, las armon\u00edas y contrastes que se dan en el recorrido visual de tus piezas.<\/p>\n<p>A pesar de tratar de tener en cuenta los conceptos que vengo aprendiendo en este tiempo, muchas veces la mirada cr\u00edtica y t\u00e9cnica se convierte en algo mucho\u00a0m\u00e1s\u00a0emocional, como ese momento perfecto y exacto de una canci\u00f3n que\u00a0 te deja\u00a0embobado.<\/p>\n<p>Me sorprende tu sutilidad y capacidad de expresar una idea de forma ultra potenciada y disfrutable para la vista, entendiendo tu orden, estructura y &#8220;desorden&#8221; controlado como forma de ser.\u00a0Sos dura e impactante cuando es necesario , o suave y llevadera cuando necesito un descanso de tanta informaci\u00f3n.<\/p>\n<p>Quiero hacer tambi\u00e9n una menci\u00f3n especial a tu capacidad de ense\u00f1anza colateral,\u00a0llev\u00e1ndome\u00a0mil veces a relacionar situaciones que pasan a nivel tipogr\u00e1fico, con otras reales\u00a0que\u00a0enfrento d\u00eda a d\u00eda y me hace pensar acerca de qu\u00e9 lugar ocupa mi cuerpo en este campo.<\/p>\n<p>De una forma disimulada, haciendo como que\u00a0no\u00a0pero\u00a0s\u00ed, me haces pensar en varios temas:<\/p>\n<p>-El tomar decisiones y sostenerlas! Aprender a defender lo que hago, y que la justificaci\u00f3n sea v\u00e1lida y no solo por tirar una.<\/p>\n<p>-Que la &#8220;estructura&#8221; de vez en cuando no\u00a0est\u00e1\u00a0mal que se rompa, siempre y cuando eso no haga que <em>la cague<\/em> y se caiga todo.<\/p>\n<p>-Que cada variable, o postura que adoptamos tiene una utilidad,\u00a0a veces\u00a0m\u00e1s acertada en un lugar que en otro.<\/p>\n<p>-Pero principalmente me resuena mucho en la cabeza la variable <em>Bold<\/em> como postura para plantarse, para hacerse visible y decir &#8220;-\u00a1<em>ac\u00e1 estoy!<\/em>\u00a0<em>soy uno m\u00e1s como todos y vengo a decir esto&#8221;<\/em>. &#8220;<em>Me hago Bold\u00a0ahora para que me escuchen,\u00a0me respeten como una variable m\u00e1s en la diversidad de esta gran familia, con el derecho de estar a la misma altura de x que todos<\/em>&#8220;.<\/p>\n<p>En fin, qu\u00e9 meloso me puse, no me quiero ir de los\u00a0m\u00e1rgenes\u00a0de este relato as\u00ed\u00a0porque\u00a0si, s\u00f3lo quiero que sepas que gusto de vos.<\/p>\n<p>&nbsp;<\/p>\n<p><em>Gracias por hacerme sentir cosas y pensar otras.\u00a0<\/em><\/p>\n<p>&nbsp;<\/p>\n<p>Horacio.<\/p>\n","protected":false},"excerpt":{"rendered":"<p>Hace d\u00edas se plante\u00f3 una consigna en clase que consist\u00eda en escribir un texto breve, acerca de alguna cuesti\u00f3n emocional relacionada a la lectura de alg\u00fan libro, pero como soy muy poco lector, se me ocurri\u00f3 contar algo que me est\u00e1 pasado no con un libro, sino con la tipograf\u00eda. <\/p>\n","protected":false},"author":6,"featured_media":0,"comment_status":"closed","ping_status":"closed","sticky":false,"template":"","format":"standard","meta":{"jetpack_post_was_ever_published":false,"_jetpack_newsletter_access":"","_jetpack_dont_email_post_to_subs":false,"_jetpack_newsletter_tier_id":0,"_jetpack_memberships_contains_paywalled_content":false,"_jetpack_memberships_contains_paid_content":false,"footnotes":"","jetpack_publicize_message":"Gusto de vos.  #\u200eTipoblog #Tipograf&iacute;a2 #C&aacute;tedraCosgaya #\u200eFADU #\u200eUBA","jetpack_publicize_feature_enabled":true,"jetpack_social_post_already_shared":true,"jetpack_social_options":{"image_generator_settings":{"template":"highway","default_image_id":0,"font":"","enabled":false},"version":2}},"categories":[27,22,24],"tags":[],"class_list":["post-4133","post","type-post","status-publish","format-standard","hentry","category-cultura","category-genero","category-sociedad"],"jetpack_publicize_connections":[],"jetpack_featured_media_url":"","jetpack_sharing_enabled":true,"jetpack_shortlink":"https:\/\/wp.me\/p9TJog-14F","_links":{"self":[{"href":"https:\/\/www.catedracosgaya.com.ar\/tipoblog\/2018\/wp-json\/wp\/v2\/posts\/4133","targetHints":{"allow":["GET"]}}],"collection":[{"href":"https:\/\/www.catedracosgaya.com.ar\/tipoblog\/2018\/wp-json\/wp\/v2\/posts"}],"about":[{"href":"https:\/\/www.catedracosgaya.com.ar\/tipoblog\/2018\/wp-json\/wp\/v2\/types\/post"}],"author":[{"embeddable":true,"href":"https:\/\/www.catedracosgaya.com.ar\/tipoblog\/2018\/wp-json\/wp\/v2\/users\/6"}],"replies":[{"embeddable":true,"href":"https:\/\/www.catedracosgaya.com.ar\/tipoblog\/2018\/wp-json\/wp\/v2\/comments?post=4133"}],"version-history":[{"count":14,"href":"https:\/\/www.catedracosgaya.com.ar\/tipoblog\/2018\/wp-json\/wp\/v2\/posts\/4133\/revisions"}],"predecessor-version":[{"id":4163,"href":"https:\/\/www.catedracosgaya.com.ar\/tipoblog\/2018\/wp-json\/wp\/v2\/posts\/4133\/revisions\/4163"}],"wp:attachment":[{"href":"https:\/\/www.catedracosgaya.com.ar\/tipoblog\/2018\/wp-json\/wp\/v2\/media?parent=4133"}],"wp:term":[{"taxonomy":"category","embeddable":true,"href":"https:\/\/www.catedracosgaya.com.ar\/tipoblog\/2018\/wp-json\/wp\/v2\/categories?post=4133"},{"taxonomy":"post_tag","embeddable":true,"href":"https:\/\/www.catedracosgaya.com.ar\/tipoblog\/2018\/wp-json\/wp\/v2\/tags?post=4133"}],"curies":[{"name":"wp","href":"https:\/\/api.w.org\/{rel}","templated":true}]}}