{"id":4555,"date":"2016-10-31T20:23:23","date_gmt":"2016-10-31T20:23:23","guid":{"rendered":"http:\/\/www.catedracosgaya.com.ar\/tipoblog\/2016\/?p=4555"},"modified":"2016-10-31T20:23:23","modified_gmt":"2016-10-31T20:23:23","slug":"un-papel-sensible","status":"publish","type":"post","link":"https:\/\/www.catedracosgaya.com.ar\/tipoblog\/2016\/un-papel-sensible\/","title":{"rendered":"Un papel sensible"},"content":{"rendered":"<p>El auge de las publicaciones digitales ha supuesto una serie de formas de recepci\u00f3n del dispositivo donde la administraci\u00f3n de la lectura resulta m\u00e1s din\u00e1mica y aleatoria mientras sus contenidos se vuelven hiperactualizados y ef\u00edmeros.<\/p>\n<p>La cantidad de proyectos editoriales digitales supera hoy ampliamente\u00a0a la capacidad de los lectores por absorber contenidos. En un torrente pr\u00e1cticamente infinito de informaci\u00f3n digital pareciera que la calidad de los escritos digitales muchas veces es pasada por alto en vistas a una necesidad de inmediatez, difusi\u00f3n y competencia, donde el formato papel podr\u00eda ser pensado como una resistencia ante esto, una forma de estabilizar los escritos y darles mayor espacio y potencial cr\u00edtico.<\/p>\n<p>Ante este escenario, la pregunta que surge es sobre el sentido que pueden tener hoy las publicaciones digitales en relaci\u00f3n con su perdurabilidad y expresi\u00f3n cr\u00edtica, cuando se sabe ya que lo digital no rellena los espacios vac\u00edos que pens\u00e1bamos dejaban las ediciones en papel, sino que ayuda a valorizar el aspecto sensible de la publicaci\u00f3n anal\u00f3gica y a\u00f1orar de alguna manera medios m\u00e1s estables.<\/p>\n<p>El desarrollo de las publicaciones digitales no ha hecho otra cosa que definir un tipo de consumo m\u00e1s global, instant\u00e1neo y vol\u00e1til donde lo que se aprecia es la facilidad de la lectura, la hiperconexi\u00f3n con otros textos y el acceso a la posibilidad de acciones virtuales asociadas con ella, como el compartir y opinar, acciones \u00e9stas igualmente breves y transitorias.<\/p>\n<p>Al igual que lo que ha ocurrido con la reaparici\u00f3n de los discos de vinilos y la fotograf\u00eda, las ediciones de papel se han revalorizado como producciones que desde el contenido desarrollan una cierta mirada, definen un receptor m\u00e1s ajustado, y desde el soporte, exhiben un tipo de materialidad y expresividad imposibles de retomar por lo digital.<\/p>\n<p>En el extremo del abanico anal\u00f3gico, afirmando la sensorialidad y donde el soporte habla m\u00e1s del contenido que el contenido mismo, se encuentran, por ej. las producciones de <em>Eloisa Cartonera<\/em>, los libros cartoneros o las de peque\u00f1as editoriales autogestionadas cuyos libros son impresos de manera artesanal.<\/p>\n<p><img loading=\"lazy\" decoding=\"async\" class=\"alignnone wp-image-4568 size-large\" src=\"http:\/\/www.catedracosgaya.com.ar\/tipoblog\/2016\/wp-content\/uploads\/2016\/10\/Eloisa_Cartonera-1-1024x734.jpg\" width=\"640\" height=\"459\" srcset=\"https:\/\/www.catedracosgaya.com.ar\/tipoblog\/2016\/wp-content\/uploads\/2016\/10\/Eloisa_Cartonera-1-1024x734.jpg 1024w, https:\/\/www.catedracosgaya.com.ar\/tipoblog\/2016\/wp-content\/uploads\/2016\/10\/Eloisa_Cartonera-1-300x215.jpg 300w, https:\/\/www.catedracosgaya.com.ar\/tipoblog\/2016\/wp-content\/uploads\/2016\/10\/Eloisa_Cartonera-1-768x550.jpg 768w, https:\/\/www.catedracosgaya.com.ar\/tipoblog\/2016\/wp-content\/uploads\/2016\/10\/Eloisa_Cartonera-1.jpg 1331w\" sizes=\"auto, (max-width: 640px) 100vw, 640px\" \/><figcaption class=\"wp-caption-text\">En plena era de la informaci\u00f3n digital, estas obras suponen un contrapunto original que demuestra que lo anal\u00f3gico\u00a0es amplio, rico y lleno de matices.<\/figcaption>&nbsp;<\/p>\n<p>La pregunta, en fin, es saber c\u00f3mo la expresi\u00f3n se encarnar\u00e1 en lo digital y c\u00f3mo lo volver\u00e1 cr\u00edtico o si m\u00e1s bien lejos de desnaturalizarlo, quedar\u00e1 relegada a nuevas y cada vez m\u00e1s variadas formas en papel.<\/p>\n<p>&nbsp;<\/p>\n<h3>Fuentes<\/h3>\n<ul>\n<li>Albornoz, L.A., 2006.\u00a0Periodismo digital: los grandes diarios en la Red. Buenos Aires: La Cruj\u00eda. <a href=\"http:\/\/www.revistalatinacs.org\/Resena_Albornoz.htm\">http:\/\/www.revistalatinacs.org\/Resena_Albornoz.htm<\/a><\/li>\n<li>Edo Bolos, C., 2001. El lenguaje period\u00edstico en la red: del texto al hipertexto y del multimedia al hipermedia.\u00a0Estudios sobre el mensaje period\u00edstico<\/li>\n<li><a href=\"http:\/\/www.eloisacartonera.com.ar\/historia.html\">www.eloisacartonera.com.ar\/historia.html<\/a><\/li>\n<\/ul>\n","protected":false},"excerpt":{"rendered":"<p>\u00bfCu\u00e1l es el sentido que pueden tener hoy las publicaciones digitales, en relaci\u00f3n con su perdurabilidad y expresi\u00f3n cr\u00edtica, cuando se sabe ya que lo digital no rellena los espacios vac\u00edos que pens\u00e1bamos dejaban las ediciones en papel?<\/p>\n","protected":false},"author":204,"featured_media":4557,"comment_status":"closed","ping_status":"closed","sticky":false,"template":"","format":"standard","meta":{"jetpack_post_was_ever_published":false,"_jetpack_newsletter_access":"","_jetpack_dont_email_post_to_subs":false,"_jetpack_newsletter_tier_id":0,"_jetpack_memberships_contains_paywalled_content":false,"_jetpack_memberships_contains_paid_content":false,"footnotes":"","jetpack_publicize_message":"Un papel sensible  #\u200eTipoblog #Tipograf&iacute;a2 #C&aacute;tedraCosgaya #\u200eFADU #\u200eUBA","jetpack_publicize_feature_enabled":true,"jetpack_social_post_already_shared":true,"jetpack_social_options":{"image_generator_settings":{"template":"highway","default_image_id":0,"font":"","enabled":false},"version":2}},"categories":[30],"tags":[],"class_list":["post-4555","post","type-post","status-publish","format-standard","has-post-thumbnail","hentry","category-revista"],"jetpack_publicize_connections":[],"jetpack_featured_media_url":"https:\/\/www.catedracosgaya.com.ar\/tipoblog\/2016\/wp-content\/uploads\/2016\/10\/Eloisa-Lezcano.jpg","jetpack_shortlink":"https:\/\/wp.me\/p7yOIN-1bt","jetpack_sharing_enabled":true,"_links":{"self":[{"href":"https:\/\/www.catedracosgaya.com.ar\/tipoblog\/2016\/wp-json\/wp\/v2\/posts\/4555","targetHints":{"allow":["GET"]}}],"collection":[{"href":"https:\/\/www.catedracosgaya.com.ar\/tipoblog\/2016\/wp-json\/wp\/v2\/posts"}],"about":[{"href":"https:\/\/www.catedracosgaya.com.ar\/tipoblog\/2016\/wp-json\/wp\/v2\/types\/post"}],"author":[{"embeddable":true,"href":"https:\/\/www.catedracosgaya.com.ar\/tipoblog\/2016\/wp-json\/wp\/v2\/users\/204"}],"replies":[{"embeddable":true,"href":"https:\/\/www.catedracosgaya.com.ar\/tipoblog\/2016\/wp-json\/wp\/v2\/comments?post=4555"}],"version-history":[{"count":0,"href":"https:\/\/www.catedracosgaya.com.ar\/tipoblog\/2016\/wp-json\/wp\/v2\/posts\/4555\/revisions"}],"wp:featuredmedia":[{"embeddable":true,"href":"https:\/\/www.catedracosgaya.com.ar\/tipoblog\/2016\/wp-json\/wp\/v2\/media\/4557"}],"wp:attachment":[{"href":"https:\/\/www.catedracosgaya.com.ar\/tipoblog\/2016\/wp-json\/wp\/v2\/media?parent=4555"}],"wp:term":[{"taxonomy":"category","embeddable":true,"href":"https:\/\/www.catedracosgaya.com.ar\/tipoblog\/2016\/wp-json\/wp\/v2\/categories?post=4555"},{"taxonomy":"post_tag","embeddable":true,"href":"https:\/\/www.catedracosgaya.com.ar\/tipoblog\/2016\/wp-json\/wp\/v2\/tags?post=4555"}],"curies":[{"name":"wp","href":"https:\/\/api.w.org\/{rel}","templated":true}]}}