{"id":4485,"date":"2016-10-24T16:01:10","date_gmt":"2016-10-24T16:01:10","guid":{"rendered":"http:\/\/www.catedracosgaya.com.ar\/tipoblog\/2016\/?p=4485"},"modified":"2016-10-24T20:11:30","modified_gmt":"2016-10-24T20:11:30","slug":"el-diseno-como-herramienta-de-transformacion-social","status":"publish","type":"post","link":"https:\/\/www.catedracosgaya.com.ar\/tipoblog\/2016\/el-diseno-como-herramienta-de-transformacion-social\/","title":{"rendered":"El Dise\u00f1o como herramienta de transformaci\u00f3n social"},"content":{"rendered":"<p><span style=\"font-weight: 400\">Cuando estaba pensando la tem\u00e1tica de mi revista, jam\u00e1s pens\u00e9 que iba a llegar a ese resultado. Un profesor me fue guiando hasta que llegu\u00e9: El dise\u00f1o en el contexto del conflicto social.<\/span><\/p>\n<p><span style=\"font-weight: 400\">Inmediatamente empec\u00e9 a buscar sobre esto. Ten\u00eda miles de ideas, pero \u00bfrealmente era lo que quer\u00eda expresar?<\/span><\/p>\n<p><span style=\"font-weight: 400\">Se me vino a la cabeza la imagen de John Lennon y Yoko Ono sosteniendo el cartel de \u201cWar Is Over (If You Want It)\u201d. Era simple \u00bfno? <strong>Fondo blanco, letras negras<\/strong>. Muy similar a la intervenci\u00f3n que hizo la \u00faltima en la ciudad de Buenos Aires con palabras o frases muy simples, pero en el contexto de la sobre-informaci\u00f3n urbana, te dejaban pensando mientras lo observabas.<\/span><\/p>\n<p><span style=\"font-weight: 400\">\u00bfC\u00f3mo es que un simple cartel blanco con letras negras te llegaba tanto?\u00a0<\/span><\/p>\n<p><span style=\"font-weight: 400\">Con el tiempo fui aprendiendo que el dise\u00f1o no es solo pensar en un criterio estil\u00edstico, en tendencias, en arte visual; sino tambi\u00e9n pensar en esa fortaleza del dise\u00f1o gr\u00e1fico de masificarse, repetirse en diferentes formatos y adaptarse a muchas funciones. \u00bfPor qu\u00e9 no aprovechar\u00edamos eso?<\/span><\/p>\n<p><img loading=\"lazy\" decoding=\"async\" class=\"aligncenter size-full wp-image-4491\" src=\"http:\/\/www.catedracosgaya.com.ar\/tipoblog\/2016\/wp-content\/uploads\/2016\/10\/billboard_c.jpg\" alt=\"billboard_c\" width=\"1024\" height=\"640\" srcset=\"https:\/\/www.catedracosgaya.com.ar\/tipoblog\/2016\/wp-content\/uploads\/2016\/10\/billboard_c.jpg 1024w, https:\/\/www.catedracosgaya.com.ar\/tipoblog\/2016\/wp-content\/uploads\/2016\/10\/billboard_c-300x188.jpg 300w, https:\/\/www.catedracosgaya.com.ar\/tipoblog\/2016\/wp-content\/uploads\/2016\/10\/billboard_c-768x480.jpg 768w\" sizes=\"auto, (max-width: 1024px) 100vw, 1024px\" \/><\/p>\n<p><span style=\"font-weight: 400\">Cuando Lennon y Yoko decidieron usar este recurso, no solo lo aprovecharon, sino que lo explotaron. La ciudad estaba cubierta con un mensaje de paz. Una paz que involucraba a las personas, que<strong> las hac\u00eda elegir<\/strong>. Durante este tiempo, la opini\u00f3n p\u00fablica de Estados Unidos<\/span><span style=\"font-weight: 400\">\u00a0se hab\u00eda posicionado de forma un\u00e1nime en contra de la Guerra de Vietnam.<\/span><\/p>\n<p><span style=\"font-weight: 400\">Ahora bien, volviendo a la revista pienso&#8230; \u00bfQu\u00e9 tal si el dise\u00f1o no solo tuviera el objetivo de \u201cser visualmente interesante\u201d, sino tambi\u00e9n de transmitir algo, hacer un llamado a la acci\u00f3n? Hay muchas cosas que podemos comunicar, y <strong>nosotros tenemos la fortaleza de ser quienes podemos hacer que un mensaje sea visto y sea recordado. <\/strong><\/span><\/p>\n<p><span style=\"font-weight: 400\">A veces no nos damos cuenta, pero podemos ser protagonistas de un cambio positivo en el mundo a trav\u00e9s de,\u00a0tan solo&#8230; un poster. <\/span><br \/>\nHoy mi gran desaf\u00edo es unir dos mundos que los cre\u00eda bastante separados: el dise\u00f1o y el conflicto. Una vez que los una en esta revista, y los entienda,\u00a0<span style=\"font-weight: 400\">voy a saber del rol de la comunicaci\u00f3n y el dise\u00f1o para la soluci\u00f3n de esos conflictos. Y aca les deje el caso de Lennon, que <strong>no necesit\u00f3 m\u00e1s que dise\u00f1o para hacer ruido.<\/strong><\/span><\/p>\n","protected":false},"excerpt":{"rendered":"<p>Estamos acostumbrados a pensar mucho en el dise\u00f1o por su valor est\u00e9tico. \u00bfQu\u00e9 pasar\u00eda si lo pudi\u00e9ramos complementar por su capacidad de influir en la sociedad?<br \/>\nSer factor de cambio positivo en el mundo con&#8230; un poster.<\/p>\n","protected":false},"author":186,"featured_media":4486,"comment_status":"closed","ping_status":"closed","sticky":false,"template":"","format":"standard","meta":{"jetpack_post_was_ever_published":false,"_jetpack_newsletter_access":"","_jetpack_dont_email_post_to_subs":false,"_jetpack_newsletter_tier_id":0,"_jetpack_memberships_contains_paywalled_content":false,"_jetpack_memberships_contains_paid_content":false,"footnotes":"","jetpack_publicize_message":"El Dise\u00f1o como herramienta de transformaci\u00f3n social  #\u200eTipoblog #Tipograf&iacute;a2 #C&aacute;tedraCosgaya #\u200eFADU #\u200eUBA","jetpack_publicize_feature_enabled":true,"jetpack_social_post_already_shared":true,"jetpack_social_options":{"image_generator_settings":{"template":"highway","default_image_id":0,"font":"","enabled":false},"version":2}},"categories":[30],"tags":[112,146],"class_list":["post-4485","post","type-post","status-publish","format-standard","has-post-thumbnail","hentry","category-revista","tag-diseno-grafico","tag-diseno-social"],"jetpack_publicize_connections":[],"jetpack_featured_media_url":"https:\/\/www.catedracosgaya.com.ar\/tipoblog\/2016\/wp-content\/uploads\/2016\/10\/a976bfd686916ab3c59cffa548b81082.jpg","jetpack_shortlink":"https:\/\/wp.me\/p7yOIN-1al","jetpack_sharing_enabled":true,"_links":{"self":[{"href":"https:\/\/www.catedracosgaya.com.ar\/tipoblog\/2016\/wp-json\/wp\/v2\/posts\/4485","targetHints":{"allow":["GET"]}}],"collection":[{"href":"https:\/\/www.catedracosgaya.com.ar\/tipoblog\/2016\/wp-json\/wp\/v2\/posts"}],"about":[{"href":"https:\/\/www.catedracosgaya.com.ar\/tipoblog\/2016\/wp-json\/wp\/v2\/types\/post"}],"author":[{"embeddable":true,"href":"https:\/\/www.catedracosgaya.com.ar\/tipoblog\/2016\/wp-json\/wp\/v2\/users\/186"}],"replies":[{"embeddable":true,"href":"https:\/\/www.catedracosgaya.com.ar\/tipoblog\/2016\/wp-json\/wp\/v2\/comments?post=4485"}],"version-history":[{"count":0,"href":"https:\/\/www.catedracosgaya.com.ar\/tipoblog\/2016\/wp-json\/wp\/v2\/posts\/4485\/revisions"}],"wp:featuredmedia":[{"embeddable":true,"href":"https:\/\/www.catedracosgaya.com.ar\/tipoblog\/2016\/wp-json\/wp\/v2\/media\/4486"}],"wp:attachment":[{"href":"https:\/\/www.catedracosgaya.com.ar\/tipoblog\/2016\/wp-json\/wp\/v2\/media?parent=4485"}],"wp:term":[{"taxonomy":"category","embeddable":true,"href":"https:\/\/www.catedracosgaya.com.ar\/tipoblog\/2016\/wp-json\/wp\/v2\/categories?post=4485"},{"taxonomy":"post_tag","embeddable":true,"href":"https:\/\/www.catedracosgaya.com.ar\/tipoblog\/2016\/wp-json\/wp\/v2\/tags?post=4485"}],"curies":[{"name":"wp","href":"https:\/\/api.w.org\/{rel}","templated":true}]}}