{"id":4455,"date":"2016-10-23T18:49:44","date_gmt":"2016-10-23T18:49:44","guid":{"rendered":"http:\/\/www.catedracosgaya.com.ar\/tipoblog\/2016\/?p=4455"},"modified":"2016-10-23T18:49:44","modified_gmt":"2016-10-23T18:49:44","slug":"como-editar-una-publicacion-independiente-y-no-morir-en-el-intento","status":"publish","type":"post","link":"https:\/\/www.catedracosgaya.com.ar\/tipoblog\/2016\/como-editar-una-publicacion-independiente-y-no-morir-en-el-intento\/","title":{"rendered":"C\u00f3mo editar una publicaci\u00f3n independiente y no morir en el intento*"},"content":{"rendered":"<p>La belleza de la independencia editorial se basa en la posibilidad de, no solamente, permitirnos lograr una comunicaci\u00f3n verdadera con el p\u00fablico, sino tambi\u00e9n la de obtener la infinita libertad de elegir exactamente c\u00f3mo queremos crear, distribuir y compartir nuestra publicaci\u00f3n.<\/p>\n<p><strong>\u00bfPublicaciones independientes en peligro de extinci\u00f3n?<br \/>\n<\/strong>En una entrevista, Claudia Acu\u00f1a &#8211; <em>Presidenta\u00a0de la Asociaci\u00f3n de Revistas Culturales Independientes Argentinas y directora de la <a href=\"http:\/\/www.lavaca.org\/tag\/revista-mu\/\">revista Mu<\/a> \u2013 <\/em>explica que en busca de poder organizarse para dar batalla a los conflictos que ocasiona el monopolio impuesto por los medios dominantes de comunicaci\u00f3n, es que en 2012 se conforma<a href=\"http:\/\/revistasculturales.org\/\"><strong> AReCIA<\/strong><\/a> (Asociaci\u00f3n de Revistas Culturales Independientes de la Argentina). Esta asociaci\u00f3n busca crear herramienta para trabajar y construir formas comunes con todas las publicaciones que sean independientes y autogestionadas. Dentro de los conflictos m\u00e1s sobresalientes se encuentra el costo del papel y la distribuci\u00f3n. Es por esto que desde esta Asociaci\u00f3n se busca fomentar el proyecto de <strong>Ley de Fomento para la Producci\u00f3n Autogestiva de Comunicaci\u00f3n Social por Medios Gr\u00e1ficos y de Internet<\/strong>. El objetivo de la propuesta busca fortalecer el sector de producci\u00f3n mediante el reclamo de pol\u00edticas p\u00fablicas, la exenci\u00f3n impositiva del IVA, el acceso al financiamiento por parte del estado, y protecci\u00f3n para la circulaci\u00f3n y distribuci\u00f3n de los ejemplares.<\/p>\n<p><em>Un censo de la entonces <strong>Secretar\u00eda de Cultura de la Naci\u00f3n<\/strong> (SCN) contabiliz\u00f3 en 2013 la existencia de 322 revistas culturales independientes y autogestionadas<\/em><em>, <\/em>en la actualidad solo 178 publicaciones contin\u00faan en actividad. El 74,2 por ciento contin\u00faa publicando en papel, mientras que el 25,8 lo hace en formato digital.<\/p>\n<p><strong>Publicaciones independientes que no deber\u00edas dejar de conocer*<\/strong><\/p>\n<p><strong><a href=\"http:\/\/www.revistaanfibia.com\/\"><img loading=\"lazy\" decoding=\"async\" class=\"alignnone wp-image-4460 size-thumbnail\" src=\"http:\/\/www.catedracosgaya.com.ar\/tipoblog\/2016\/wp-content\/uploads\/2016\/10\/Captura-de-pantalla-2016-10-23-a-las-15.00.11-150x150.png\" width=\"150\" height=\"150\" \/><\/a>\u00a0 \u00a0<a href=\"http:\/\/www.orillasur.com\/editorial\/\"><img loading=\"lazy\" decoding=\"async\" class=\"alignnone wp-image-4473 size-thumbnail\" src=\"http:\/\/www.catedracosgaya.com.ar\/tipoblog\/2016\/wp-content\/uploads\/2016\/10\/Captura-de-pantalla-2016-10-23-a-las-15.32.16-150x150.png\" width=\"150\" height=\"150\" srcset=\"https:\/\/www.catedracosgaya.com.ar\/tipoblog\/2016\/wp-content\/uploads\/2016\/10\/Captura-de-pantalla-2016-10-23-a-las-15.32.16-150x150.png 150w, https:\/\/www.catedracosgaya.com.ar\/tipoblog\/2016\/wp-content\/uploads\/2016\/10\/Captura-de-pantalla-2016-10-23-a-las-15.32.16-55x55.png 55w\" sizes=\"auto, (max-width: 150px) 100vw, 150px\" \/><\/a>\u00a0 \u00a0<a href=\"http:\/\/www.lavaca.org\/tag\/revista-mu\/\"><img loading=\"lazy\" decoding=\"async\" class=\"alignnone wp-image-4464 size-thumbnail\" src=\"http:\/\/www.catedracosgaya.com.ar\/tipoblog\/2016\/wp-content\/uploads\/2016\/10\/mu58-150x150.jpg\" width=\"150\" height=\"150\" srcset=\"https:\/\/www.catedracosgaya.com.ar\/tipoblog\/2016\/wp-content\/uploads\/2016\/10\/mu58-150x150.jpg 150w, https:\/\/www.catedracosgaya.com.ar\/tipoblog\/2016\/wp-content\/uploads\/2016\/10\/mu58-55x55.jpg 55w\" sizes=\"auto, (max-width: 150px) 100vw, 150px\" \/><\/a>\u00a0 \u00a0<a href=\"http:\/\/www.lapoderosa.org.ar\/\"><img loading=\"lazy\" decoding=\"async\" class=\"alignnone wp-image-4463 size-thumbnail\" src=\"http:\/\/www.catedracosgaya.com.ar\/tipoblog\/2016\/wp-content\/uploads\/2016\/10\/poderosa-150x150.jpg\" width=\"150\" height=\"150\" srcset=\"https:\/\/www.catedracosgaya.com.ar\/tipoblog\/2016\/wp-content\/uploads\/2016\/10\/poderosa-150x150.jpg 150w, https:\/\/www.catedracosgaya.com.ar\/tipoblog\/2016\/wp-content\/uploads\/2016\/10\/poderosa-300x300.jpg 300w, https:\/\/www.catedracosgaya.com.ar\/tipoblog\/2016\/wp-content\/uploads\/2016\/10\/poderosa-55x55.jpg 55w, https:\/\/www.catedracosgaya.com.ar\/tipoblog\/2016\/wp-content\/uploads\/2016\/10\/poderosa.jpg 576w\" sizes=\"auto, (max-width: 150px) 100vw, 150px\" \/><\/a>\u00a0 \u00a0<\/strong><\/p>\n<p><strong><a href=\"http:\/\/malevamag.com\/\"><img loading=\"lazy\" decoding=\"async\" class=\"alignnone wp-image-4470 size-thumbnail\" src=\"http:\/\/www.catedracosgaya.com.ar\/tipoblog\/2016\/wp-content\/uploads\/2016\/10\/Captura-de-pantalla-2016-10-23-a-las-15.23.37-150x150.png\" width=\"150\" height=\"150\" srcset=\"https:\/\/www.catedracosgaya.com.ar\/tipoblog\/2016\/wp-content\/uploads\/2016\/10\/Captura-de-pantalla-2016-10-23-a-las-15.23.37-150x150.png 150w, https:\/\/www.catedracosgaya.com.ar\/tipoblog\/2016\/wp-content\/uploads\/2016\/10\/Captura-de-pantalla-2016-10-23-a-las-15.23.37-55x55.png 55w\" sizes=\"auto, (max-width: 150px) 100vw, 150px\" \/><\/a>\u00a0 \u00a0<a href=\"http:\/\/muyricotodo.com\"><img loading=\"lazy\" decoding=\"async\" class=\"alignnone wp-image-4466 size-thumbnail\" src=\"http:\/\/www.catedracosgaya.com.ar\/tipoblog\/2016\/wp-content\/uploads\/2016\/10\/Captura-de-pantalla-2016-10-23-a-las-15.13.04-150x150.png\" width=\"150\" height=\"150\" srcset=\"https:\/\/www.catedracosgaya.com.ar\/tipoblog\/2016\/wp-content\/uploads\/2016\/10\/Captura-de-pantalla-2016-10-23-a-las-15.13.04-150x150.png 150w, https:\/\/www.catedracosgaya.com.ar\/tipoblog\/2016\/wp-content\/uploads\/2016\/10\/Captura-de-pantalla-2016-10-23-a-las-15.13.04-55x55.png 55w\" sizes=\"auto, (max-width: 150px) 100vw, 150px\" \/><\/a>\u00a0 \u00a0<a href=\"http:\/\/www.artaediciones.com\/\"><img loading=\"lazy\" decoding=\"async\" class=\"alignnone wp-image-4459 size-thumbnail\" src=\"http:\/\/www.catedracosgaya.com.ar\/tipoblog\/2016\/wp-content\/uploads\/2016\/10\/Captura-de-pantalla-2016-10-23-a-las-14.58.51-150x150.png\" width=\"150\" height=\"150\" \/><\/a>\u00a0\u00a0\u00a0<a href=\"http:\/\/graffica.info\"><img loading=\"lazy\" decoding=\"async\" class=\"alignnone wp-image-4461 size-thumbnail\" src=\"http:\/\/www.catedracosgaya.com.ar\/tipoblog\/2016\/wp-content\/uploads\/2016\/10\/Captura-de-pantalla-2016-10-23-a-las-15.03.52-150x150.png\" width=\"150\" height=\"150\" srcset=\"https:\/\/www.catedracosgaya.com.ar\/tipoblog\/2016\/wp-content\/uploads\/2016\/10\/Captura-de-pantalla-2016-10-23-a-las-15.03.52-150x150.png 150w, https:\/\/www.catedracosgaya.com.ar\/tipoblog\/2016\/wp-content\/uploads\/2016\/10\/Captura-de-pantalla-2016-10-23-a-las-15.03.52-55x55.png 55w\" sizes=\"auto, (max-width: 150px) 100vw, 150px\" \/><\/a><\/strong><\/p>\n<p><strong>\u00a0<\/strong><\/p>\n<hr \/>\n<p><strong><br \/>\nQu\u00e9 tener en cuenta a la hora de empezar a pensar en lanzar un proyecto editorial*<br \/>\n<\/strong>Dado que el universo de las publicaciones editoriales es infinito, acotar cu\u00e1l es nuestra opci\u00f3n editorial dentro de este universo extens\u00edsimo de posibilidades implica tomar una serie de decisiones: \u00bfCu\u00e1l ser\u00e1 mi modelo editorial? \u00bfSer\u00e1 en formato online o impresa? \u00bfQu\u00e9 periodicidad me ir\u00e1 mejor? \u00bfQu\u00e9 equipo de colaboradores necesito? \u00bfC\u00f3mo elijo el formato? \u00bfHabr\u00e1 publicidad o no? \u00bfC\u00f3mo la consigo? \u00bfDe d\u00f3nde puedo obtener fondos para comenzar el trabajo?<\/p>\n<p><em>&#8211;<br \/>\nPara poder conocer un poco m\u00e1s al respecto le realic\u00e9 una entrevista a Florencia Ortolani (directora y editora de <a href=\"http:\/\/www.art-aholic.com\">www.art-aholic.com<\/a>, una plataforma online de difusi\u00f3n especializada en arte argentino), qui\u00e9n me cont\u00f3 porque decidi\u00f3 realizar este proyecto y cu\u00e1les fueron sus primeros pasos.<\/em><\/p>\n<p><strong>1. \u00bfPor qu\u00e9 decidiste realizar una publicaci\u00f3n independiente?<br \/>\n<\/strong>Decid\u00ed realizar una publicaci\u00f3n independiente porque hay muy poco espacio para nuevos discursos. Los espacios legitimados para escribir son muy escasos para la cantidad de nuevos profesionales, cr\u00edticos, curadores y te\u00f3ricos del arte. Un fen\u00f3meno que hace que muchos de nosotros terminemos colaborando con publicaciones del exterior por no tener un espacio en nuestro pa\u00eds.<br \/>\nEl inicio fue un poco err\u00e1tico, quer\u00eda tener una plataforma propia, pero a la vez no ten\u00eda presupuesto para financiarme una p\u00e1gina. Opt\u00e9 por la opci\u00f3n de\u00a0wix.com, pagando una m\u00ednima suma y con alguna noci\u00f3n de dise\u00f1o podes acceder a algo semi-profesional. Los pasos siguientes son registrar la marca y los contenidos. Finalmente lo m\u00e1s dif\u00edcil: conseguir personas entusiastas y comprometidas que este dispuestas a arrancar con vos un proyecto desde cero y ad-honorem, no es f\u00e1cil pero se van a sorprender de la buena repercusi\u00f3n que tienen las buenas propuestas.<\/p>\n<p><strong>2. Actualmente Art-Aholic es una publicaci\u00f3n online, \u00bfTen\u00e9s pensado para un futuro que se convierta en una publicaci\u00f3n impresa?<br \/>\n<\/strong>La verdad es que no, al menos no por ahora. Creo que parte de adaptarse al nuevo publico y las nuevas demandas exige, en alg\u00fan punto, ir dejando atr\u00e1s antiguos soportes. Es una apuesta jugada, pero tengo referentes que me permiten pensar que eso es posible y que no hace falta estar en papel para convertirte en un medio de influencia.<br \/>\nTal vez en un futuro, cuando tengamos auspiciantes y las preocupaciones est\u00e9n puestas en lograr una mayor difusi\u00f3n y en diversificar el publico es factible pensar en papel, pero no por ahora.<\/p>\n<p><strong>3. \u00bfQu\u00e9 consejos le dar\u00edas a alguien que quiere realizar\u00a0una publicaci\u00f3n independiente?<br \/>\n<\/strong>Uno de los consejos que le dar\u00eda a alguien que se quiere embarcar en este maravilloso mundo es que tenga en claro, antes de empezar, su l\u00ednea editorial. Es verdad que eso se va armando con el trabajo y el d\u00eda a d\u00eda, pero ayuda mucho tenerlo desde el arranque porque te da un perfil y una identidad. Buscar el nicho, ese lugar inexplorado pero interesante, es fundamental y va a guiar el camino y el desarrollo de lo que venga despu\u00e9s. A mi me cost\u00f3 encontrarlo y perd\u00ed tiempo muy valioso.<br \/>\nOtra cosa importante es mantenerse actualizado de lo que est\u00e1 pasando, de otras publicaciones, de portales que cubran lo mismo que vos y tambi\u00e9n los que no tienen nada que ver. Publicaciones independientes nacionales e internacionales. Qu\u00e9 y c\u00f3mo ofrecen lo que ofrecen. Que replicar\u00edamos y que no, son cosas que ayudan a posicionarnos y a desarrollar poco a poco nuestro sello diferencial.<\/p>\n<p><strong><br \/>\n\u00bfProblemas con la financiaci\u00f3n?<br \/>\n<\/strong><em>Algunas plataformas y convocatorias que tienen secciones espec\u00edficas para impulsar este tipo de proyectos.<\/em><\/p>\n<ul>\n<li><a href=\"http:\/\/convocatorias.cultura.gob.ar\/plataformafuturo\/programa-plataforma-futuro_p211\">Plataforma Futuro<\/a><\/li>\n<li><a href=\"http:\/\/www.fnartes.gov.ar\/\">Fondo Nacional de las Artes<\/a><\/li>\n<li><a href=\"http:\/\/www.buenosaires.gob.ar\/cultura\/mecenazgo\">Mecenazgo Cultural<br \/>\n<\/a><\/li>\n<li><a href=\"http:\/\/www.idea.me\/\">Idea.me<\/a><\/li>\n<\/ul>\n<p><strong>\u00bfD\u00f3nde distribuir la publicaci\u00f3n?<\/strong><\/p>\n<ul>\n<li><strong><a href=\"http:\/\/feriadellibroindependiente.blogspot.com\/\">F.L.I.A<\/a>\u00a0&#8211; <\/strong><em>Feria del Libro Independiente, CABA.<\/em><\/li>\n<li><a href=\"https:\/\/www.facebook.com\/ParaguayFeriadeArteImpreso\/\"><strong>Paraguay<\/strong><\/a> \u00a0&#8211; <em>Feria de Arte Impreso, Galer\u00eda Ruth Benzacar, CABA.<\/em><\/li>\n<li><a href=\"http:\/\/unlp.edu.ar\"><strong>Feria del Libro<\/strong><\/a> &#8211; <em>Universidad Nacional de La Plata, La Plata.<\/em><\/li>\n<li><strong><a href=\"http:\/\/antenaespacio.tumblr.com\/\">Antena<\/a>\u00a0<\/strong>&#8211; <em>Feria del Libro Independiente, C\u00f3rdoba.<\/em><\/li>\n<li><strong><a href=\"http:\/\/www.mercadoarte.com.ar\/zona-editada\/\">Zona Editada<\/a><\/strong>\u00a0&#8211; <em>Feria de publicaciones en Mercado de Arte, C\u00f3rdoba<\/em><\/li>\n<li><a href=\"http:\/\/cargocollective.com\/tijuana\"><strong>Tijuana<\/strong><\/a> &#8211; Feria de Arte Impreso, Brasil &#8211; Argentina [Sede: en <a href=\"http:\/\/www.buenosairesphoto.com\">BA Photo<\/a>, <a href=\"http:\/\/www.arteba.org\/\">ArteBA<\/a>, <a href=\"http:\/\/www.galeriapatiodelliceo.com\/\">Patio del Liceo<\/a>]<\/li>\n<\/ul>\n","protected":false},"excerpt":{"rendered":"<p>El universo de revistas independientes es infinito, recorre m\u00faltiples caminos tanto en su creaci\u00f3n como distribuci\u00f3n y sus tem\u00e1ticas van desde el arrabal hasta la industria de los brillos y los flashes, atravesando la discusiones pol\u00edticas, te\u00f3ricas, de g\u00e9nero y una larga lista de etc\u00e9teras. Pero como en todo proyecto auto-gestionado, existen piedras en el camino. En este post del tipoblog me adentr\u00e9 un poco en el universo de las publicaciones independientes para poder conocer cu\u00e1les son las problem\u00e1ticas que las rodean, cu\u00e1les son las convocatorias que tiene el estado para financiar este tipo de proyectos y qu\u00e9 medios disponemos para distribuirlos y darlos a conocer.\u00a0<\/p>\n","protected":false},"author":185,"featured_media":4478,"comment_status":"closed","ping_status":"closed","sticky":false,"template":"","format":"standard","meta":{"jetpack_post_was_ever_published":false,"_jetpack_newsletter_access":"","_jetpack_dont_email_post_to_subs":false,"_jetpack_newsletter_tier_id":0,"_jetpack_memberships_contains_paywalled_content":false,"_jetpack_memberships_contains_paid_content":false,"footnotes":"","jetpack_publicize_message":"","jetpack_publicize_feature_enabled":true,"jetpack_social_post_already_shared":true,"jetpack_social_options":{"image_generator_settings":{"template":"highway","default_image_id":0,"font":"","enabled":false},"version":2}},"categories":[30],"tags":[100,205,15,155,139,11,204,190],"class_list":["post-4455","post","type-post","status-publish","format-standard","has-post-thumbnail","hentry","category-revista","tag-arte","tag-autogestion","tag-ediciones","tag-editorial","tag-entrevista","tag-libro-2","tag-publicaciones-independientes","tag-revista"],"jetpack_publicize_connections":[],"jetpack_featured_media_url":"https:\/\/www.catedracosgaya.com.ar\/tipoblog\/2016\/wp-content\/uploads\/2016\/10\/banca-livros-6_600.jpg","jetpack_shortlink":"https:\/\/wp.me\/p7yOIN-19R","jetpack_sharing_enabled":true,"_links":{"self":[{"href":"https:\/\/www.catedracosgaya.com.ar\/tipoblog\/2016\/wp-json\/wp\/v2\/posts\/4455","targetHints":{"allow":["GET"]}}],"collection":[{"href":"https:\/\/www.catedracosgaya.com.ar\/tipoblog\/2016\/wp-json\/wp\/v2\/posts"}],"about":[{"href":"https:\/\/www.catedracosgaya.com.ar\/tipoblog\/2016\/wp-json\/wp\/v2\/types\/post"}],"author":[{"embeddable":true,"href":"https:\/\/www.catedracosgaya.com.ar\/tipoblog\/2016\/wp-json\/wp\/v2\/users\/185"}],"replies":[{"embeddable":true,"href":"https:\/\/www.catedracosgaya.com.ar\/tipoblog\/2016\/wp-json\/wp\/v2\/comments?post=4455"}],"version-history":[{"count":0,"href":"https:\/\/www.catedracosgaya.com.ar\/tipoblog\/2016\/wp-json\/wp\/v2\/posts\/4455\/revisions"}],"wp:featuredmedia":[{"embeddable":true,"href":"https:\/\/www.catedracosgaya.com.ar\/tipoblog\/2016\/wp-json\/wp\/v2\/media\/4478"}],"wp:attachment":[{"href":"https:\/\/www.catedracosgaya.com.ar\/tipoblog\/2016\/wp-json\/wp\/v2\/media?parent=4455"}],"wp:term":[{"taxonomy":"category","embeddable":true,"href":"https:\/\/www.catedracosgaya.com.ar\/tipoblog\/2016\/wp-json\/wp\/v2\/categories?post=4455"},{"taxonomy":"post_tag","embeddable":true,"href":"https:\/\/www.catedracosgaya.com.ar\/tipoblog\/2016\/wp-json\/wp\/v2\/tags?post=4455"}],"curies":[{"name":"wp","href":"https:\/\/api.w.org\/{rel}","templated":true}]}}