{"id":4275,"date":"2016-10-06T03:40:48","date_gmt":"2016-10-06T03:40:48","guid":{"rendered":"http:\/\/www.catedracosgaya.com.ar\/tipoblog\/2016\/?p=4275"},"modified":"2016-10-06T03:44:30","modified_gmt":"2016-10-06T03:44:30","slug":"lupa-o-filtro","status":"publish","type":"post","link":"https:\/\/www.catedracosgaya.com.ar\/tipoblog\/2016\/lupa-o-filtro\/","title":{"rendered":"Lupa o filtro?"},"content":{"rendered":"<p>Cuando hablamos de medios de comunicaci\u00f3n se entiende un canal ya sea grafico, digital, sonoro, o de cualquier tipo por el cual recibimos informaci\u00f3n seleccionada por el emisor que utiliza el medio en cuesti\u00f3n, el cual elije cual es la informaci\u00f3n pertinente, o importante para el lector, nosotros en tanto suponemos que los medios de comunicaci\u00f3n ampl\u00edan la informaci\u00f3n que manejamos nutriendonos de informaci\u00f3n necesaria para la vida en sociedad, pero esto no es m\u00e1s que una utop\u00eda o quiz\u00e1s una simple mentira conveniente. <!--more--><\/p>\n<p>Los medios como todo aquel que intenta establecer <strong>La verdad<\/strong>, <strong>La realidad<\/strong>, est\u00e1n destinados a caer en la subjetividad que implica intentar relatar un hecho y adem\u00e1s, siendo un poco Nietzcheanos, podemos decir que siempre se caer\u00e1 en la mentira, tras la imposibilidad de relatar la realidad a trav\u00e9s del lenguaje, siempre que se intente comunicar caeremos en la omisi\u00f3n que implica tanto la necesidad de acotar la realidad, la noticia, para que quepa en un par de columnas de un peri\u00f3dico, y adem\u00e1s la omisi\u00f3n subjetiva que implica el punto de vista, mediante la cual se le dar\u00e1 m\u00faltiples sentidos a lo que se cuenta en cuesti\u00f3n.<\/p>\n<p>Sin embargo el medio de comunicaci\u00f3n nos dice que comunica la realidad, absoluta, son los paladines de la moral, as\u00ed como el Papa vendr\u00eda a ser el mensajero de dios en la tierra, el noticiero, el diario se muestra como el mensajero de la realidad, inclusive algunos se jactan de ser \u201cindependientes\u201d, <em>como si uno pudiera independizarse de su propio ser<\/em>, de sus vivencias, gusto, miedos, crianza, etc.<\/p>\n<p>En el caso particular del Peri\u00f3dico <em>el mensaje en cuesti\u00f3n est\u00e1 formado por muchos elementos, que superan lo estrictamente ling\u00fc\u00edstico<\/em>, las formas de comunicar o \u2018\u2019no comunicar\u2019\u2019 cierta informaci\u00f3n o ciertos mensajes son muchas, la influencia de la fotograf\u00eda, la disposici\u00f3n misma de los elementos, colores, tama\u00f1os, la utilizaci\u00f3n de estadisticas, encuestas, las formas e inclusive la disposici\u00f3n de las publicidades, son solo algunos de los muchos recursos que se usan para formar un mensaje, una identidad, una realidad dentro de un peri\u00f3dico.<\/p>\n<p>Ejemplos del \u00fanico peri\u00f3dico que ten\u00eda en casa, es de esta semana, estas &#8221;mec\u00e1nicas&#8221; se repiten en todos los medios:<\/p>\n<p><img loading=\"lazy\" decoding=\"async\" class=\"wp-image-4277 alignleft\" src=\"http:\/\/www.catedracosgaya.com.ar\/tipoblog\/2016\/wp-content\/uploads\/2016\/10\/cameringo_20161005_090700-300x169.jpg\" alt=\"cameringo_20161005_090700\" width=\"532\" height=\"297\" \/><\/p>\n<p>&nbsp;<\/p>\n<p>&nbsp;<\/p>\n<p>&nbsp;<\/p>\n<p>&nbsp;<\/p>\n<p>&nbsp;<\/p>\n<p>&nbsp;<\/p>\n<p>&nbsp;<\/p>\n<p>&nbsp;<\/p>\n<ul>\n<li>Una noticia imposible de evitar, pero como hacer para que la misma resulte invisible? del lado izquierdo una publicidad de hoja completa, del lado derecho junto a la nota que habla de presunto financiamiento con plata del narcotrafico, una publicidad inmensa del mismo gobierno, intentan comunicar el famoso &#8221;roban pero hacen&#8221; por si algun incauto llega a encontrar la nota?<\/li>\n<\/ul>\n<p>&nbsp;<\/p>\n<p><img loading=\"lazy\" decoding=\"async\" class=\"alignnone wp-image-4276\" src=\"http:\/\/www.catedracosgaya.com.ar\/tipoblog\/2016\/wp-content\/uploads\/2016\/10\/cameringo_20161005_090552-300x169.jpg\" alt=\"cameringo_20161005_090552\" width=\"496\" height=\"236\" \/><\/p>\n<ul>\n<li>Un cl\u00e1sico, el karma se soluciona con una erratas que nadie lee en la semana siguiente, una encuesta en la que el total de encuestados es la &#8221;curiosa&#8221; cifra de 114,7%!!!!<\/li>\n<\/ul>\n<p>&nbsp;<\/p>\n<p><img loading=\"lazy\" decoding=\"async\" class=\"alignnone wp-image-4278\" src=\"http:\/\/www.catedracosgaya.com.ar\/tipoblog\/2016\/wp-content\/uploads\/2016\/10\/cameringo_20161005_090837-300x169.jpg\" alt=\"cameringo_20161005_090837\" width=\"505\" height=\"262\" \/><\/p>\n<ul>\n<li>Bajar el tono a un objetivo, o mentir descaradamente, el mensaje para con el lector variara de acuerdo a quien sea el autor de tal frase.<\/li>\n<\/ul>\n<p>&nbsp;<\/p>\n<p>En definitiva, <strong>considero que la objetividad no existe en ning\u00fan ser humano<\/strong> y, mucho menos, en los medios que comunican sus mensajes, pero los medios utilizan esta idea de mensaje objetivo y de la comunicaci\u00f3n objetiva de la realidad para imponer su realidad, su noticia y sus mensajes, generando as\u00ed formas de pensar, reaccionar y de vivir en la gente que consume de manera pasiva los mensajes de estos medios, as\u00ed creo yo, <em>el medio de comunicaci\u00f3n no funciona como una lupa sobre la realidad, sino mas bien como un filtro de la misma<\/em>, donde la realidad pasa a cuenta gotas, filtrada subjetivamente de acuerdo a lo que se quiera generar en el receptor.<\/p>\n<p><span style=\"text-indent: 20px;width: auto;padding: 0px 4px 0px 0px;text-align: center;font: bold 11px\/20px 'Helvetica Neue',Helvetica,sans-serif;color: #ffffff;background: #bd081c no-repeat scroll 3px 50% \/ 14px 14px;cursor: pointer\">Guardar<\/span><\/p>\n<p><span style=\"text-indent: 20px;width: auto;padding: 0px 4px 0px 0px;text-align: center;font: bold 11px\/20px 'Helvetica Neue',Helvetica,sans-serif;color: #ffffff;background: #bd081c no-repeat scroll 3px 50% \/ 14px 14px;cursor: pointer\">Guardar<\/span><\/p>\n<p><span style=\"text-indent: 20px;width: auto;padding: 0px 4px 0px 0px;text-align: center;font: bold 11px\/20px 'Helvetica Neue',Helvetica,sans-serif;color: #ffffff;background: #bd081c no-repeat scroll 3px 50% \/ 14px 14px;cursor: pointer\">Guardar<\/span><\/p>\n<p><span style=\"text-indent: 20px;width: auto;padding: 0px 4px 0px 0px;text-align: center;font: bold 11px\/20px 'Helvetica Neue',Helvetica,sans-serif;color: #ffffff;background: #bd081c no-repeat scroll 3px 50% \/ 14px 14px;cursor: pointer\">Guardar<\/span><\/p>\n<p><span style=\"text-indent: 20px;width: auto;padding: 0px 4px 0px 0px;text-align: center;font: bold 11px\/20px 'Helvetica Neue',Helvetica,sans-serif;color: #ffffff;background: #bd081c  no-repeat scroll 3px 50% \/ 14px 14px;cursor: pointer\">Guardar<\/span><\/p>\n","protected":false},"excerpt":{"rendered":"<p>Los medios de comunicaci\u00f3n ampl\u00edan nuestro panorama sobre el mundo? o acotan nuestro conocimiento y nuestra visi\u00f3n?<\/p>\n","protected":false},"author":160,"featured_media":4276,"comment_status":"closed","ping_status":"closed","sticky":false,"template":"","format":"standard","meta":{"jetpack_post_was_ever_published":false,"_jetpack_newsletter_access":"","_jetpack_dont_email_post_to_subs":false,"_jetpack_newsletter_tier_id":0,"_jetpack_memberships_contains_paywalled_content":false,"_jetpack_memberships_contains_paid_content":false,"footnotes":"","jetpack_publicize_message":"Lupa o filtro?  #\u200eTipoblog #Tipograf&iacute;a2 #C&aacute;tedraCosgaya #\u200eFADU #\u200eUBA","jetpack_publicize_feature_enabled":true,"jetpack_social_post_already_shared":true,"jetpack_social_options":{"image_generator_settings":{"template":"highway","default_image_id":0,"font":"","enabled":false},"version":2}},"categories":[17],"tags":[63,166,154],"class_list":["post-4275","post","type-post","status-publish","format-standard","has-post-thumbnail","hentry","category-periodico","tag-comunicacion","tag-ediciones-periodicas","tag-periodico"],"jetpack_publicize_connections":[],"jetpack_featured_media_url":"https:\/\/www.catedracosgaya.com.ar\/tipoblog\/2016\/wp-content\/uploads\/2016\/10\/cameringo_20161005_090552.jpg","jetpack_shortlink":"https:\/\/wp.me\/p7yOIN-16X","jetpack_sharing_enabled":true,"_links":{"self":[{"href":"https:\/\/www.catedracosgaya.com.ar\/tipoblog\/2016\/wp-json\/wp\/v2\/posts\/4275","targetHints":{"allow":["GET"]}}],"collection":[{"href":"https:\/\/www.catedracosgaya.com.ar\/tipoblog\/2016\/wp-json\/wp\/v2\/posts"}],"about":[{"href":"https:\/\/www.catedracosgaya.com.ar\/tipoblog\/2016\/wp-json\/wp\/v2\/types\/post"}],"author":[{"embeddable":true,"href":"https:\/\/www.catedracosgaya.com.ar\/tipoblog\/2016\/wp-json\/wp\/v2\/users\/160"}],"replies":[{"embeddable":true,"href":"https:\/\/www.catedracosgaya.com.ar\/tipoblog\/2016\/wp-json\/wp\/v2\/comments?post=4275"}],"version-history":[{"count":0,"href":"https:\/\/www.catedracosgaya.com.ar\/tipoblog\/2016\/wp-json\/wp\/v2\/posts\/4275\/revisions"}],"wp:featuredmedia":[{"embeddable":true,"href":"https:\/\/www.catedracosgaya.com.ar\/tipoblog\/2016\/wp-json\/wp\/v2\/media\/4276"}],"wp:attachment":[{"href":"https:\/\/www.catedracosgaya.com.ar\/tipoblog\/2016\/wp-json\/wp\/v2\/media?parent=4275"}],"wp:term":[{"taxonomy":"category","embeddable":true,"href":"https:\/\/www.catedracosgaya.com.ar\/tipoblog\/2016\/wp-json\/wp\/v2\/categories?post=4275"},{"taxonomy":"post_tag","embeddable":true,"href":"https:\/\/www.catedracosgaya.com.ar\/tipoblog\/2016\/wp-json\/wp\/v2\/tags?post=4275"}],"curies":[{"name":"wp","href":"https:\/\/api.w.org\/{rel}","templated":true}]}}