{"id":4235,"date":"2016-09-29T15:46:04","date_gmt":"2016-09-29T15:46:04","guid":{"rendered":"http:\/\/www.catedracosgaya.com.ar\/tipoblog\/2016\/?p=4235"},"modified":"2016-09-29T15:46:04","modified_gmt":"2016-09-29T15:46:04","slug":"quemese-despues-de-leerse","status":"publish","type":"post","link":"https:\/\/www.catedracosgaya.com.ar\/tipoblog\/2016\/quemese-despues-de-leerse\/","title":{"rendered":"Qu\u00e9mese despu\u00e9s de leerse"},"content":{"rendered":"<p><em>El Diari Indultat<\/em> \u2013idea original de Eduardo Nave y Juan Valbuena\u2013 es un fotolibro en formato peri\u00f3dico que se cre\u00f3, edit\u00f3 y quem\u00f3 en Valencia durante las Fallas 2016. La quema no fue\u00a0total ya que no todos los ejemplares acabaron en la hoguera; existi\u00f3 la posibilidad de que sean indultados gracias a su compra antes del 19 de marzo de 2016.<\/p>\n<p><em>El Diari Indultat<\/em>\u00a0tuvo la singularidad de que, apenas unas horas despu\u00e9s de ser impreso, qued\u00f3 descatalogado. Nunca volver\u00e1 a editarse.<\/p>\n<p>M\u00e1s de 50 fot\u00f3grafos de referencia nacional, escritores y colaboradores de otras disciplinas art\u00edsticas, estuvieron\u00a0en Valencia para ofrecer su visi\u00f3n sobre las Fallas de 2016. Durante los d\u00edas 15, 16 y 17 de marzo los fot\u00f3grafos viajaron a Valencia para crear reportajes exclusivos con total libertad creativa. Con el resultado de este trabajo colectivo se edit\u00f3 este fotolibro en formato peri\u00f3dico con una tirada numerada y limitada de 5.000 ejemplares.<\/p>\n<p>Los fotolibros se pod\u00edan indultar durante la campa\u00f1a de crowdfunding lanzada para financiar el proyecto (activa hasta el 27 de febrero de 2016). El resto de ejemplares no fueron indultados ardieron en una falla el 19 de marzo de 2016. El inter\u00e9s por el proyecto ha sido tal que en la mitad de la campa\u00f1a, han conseguido ya el m\u00ednimo necesario para llevar a cabo el proyecto y se han recibido peticiones de indulto desde pa\u00edses como M\u00e9xico, Chile, Argentina, Italia u Holanda.<\/p>\n<p>Caracter\u00edsticas t\u00e9cnicas de la publicaci\u00f3n<\/p>\n<ul>\n<li>Entre 64 y 96 p\u00e1ginas color impresas en cuatricrom\u00eda.<\/li>\n<li>Medidas: 39 x 28,5 cm.<\/li>\n<li>Papel de prensa mejorado 42 gr.<\/li>\n<li>Funda de pl\u00e1stico protectora.<\/li>\n<\/ul>\n<p><strong>\u00bfPor qu\u00e9 durante las fallas?<\/strong><\/p>\n<p>Del mismo modo que la fiesta fallera se construye y se destruye en una sola semana, El Diari Indultat tambi\u00e9n lo hizo. Las Fallas de Valencia son internacionalmente conocidas. Durante un a\u00f1o, los distintos barrios construyen sus monumentos, enormes esculturas de cart\u00f3n piedra creadas por un artista fallero. La falla refleja sus anhelos y sue\u00f1os con gui\u00f1os sat\u00edricos a la actualidad. La noche del 19 de marzo, estos monumentos coloristas, barrocos y desmesuradamente caros, fueron quemados a la vez en multitud de enclaves de la ciudad. Solo uno de los ninots (mu\u00f1ecos) se salva del fuego por votaci\u00f3n popular, el llamado ninot indultat.<\/p>\n<p>Por una vez, est\u00e1 solamente en las manos del p\u00fablico indultar una pieza art\u00edstica, en este caso, El Diari Indultat.<\/p>\n<p><strong>\u00bfC\u00f3mo fue\u00a0el proceso de creaci\u00f3n y destrucci\u00f3n de <em>El Diari Indultat<\/em>?<\/strong><br \/>\nHacer lo que quieran. Esta es la \u00fanica indicaci\u00f3n que ten\u00edan\u00a0los artistas llegados desde diferentes puntos de Espa\u00f1a a Valencia. Concebir\u00e1n durante tres d\u00edas las im\u00e1genes y textos que nutran de contenido a El Diari Indultat cumpliendo unos plazos marcados de entrega. Pasado este corto periodo de tiempo, y en solo un d\u00eda, el reto de los editores y maquetadores ser\u00e1 montar en p\u00e1gina todo ese material a\u00fan desconocido para transformarlo en un objeto completo. Esta actividad fren\u00e9tica terminar\u00e1 esa misma noche con el cierre de edici\u00f3n y la entrada en rotativa, dando lugar al alumbramiento de El Diari Indultat ya en forma de objeto f\u00edsico. A las 12 de la noche del 19 de marzo de 2016, todos los fotolibros que no fueron\u00a0indultados ardieron para siempre.<\/p>\n<p><img loading=\"lazy\" decoding=\"async\" class=\"alignnone size-medium wp-image-4236\" src=\"http:\/\/www.catedracosgaya.com.ar\/tipoblog\/2016\/wp-content\/uploads\/2016\/09\/verkami_f3fa4701ca637a2e147b542e55a38eb0-300x200.jpg\" alt=\"\" width=\"300\" height=\"200\" srcset=\"https:\/\/www.catedracosgaya.com.ar\/tipoblog\/2016\/wp-content\/uploads\/2016\/09\/verkami_f3fa4701ca637a2e147b542e55a38eb0-300x200.jpg 300w, https:\/\/www.catedracosgaya.com.ar\/tipoblog\/2016\/wp-content\/uploads\/2016\/09\/verkami_f3fa4701ca637a2e147b542e55a38eb0.jpg 745w\" sizes=\"auto, (max-width: 300px) 100vw, 300px\" \/><\/p>\n<p><a href=\"https:\/\/www.youtube.com\/watch?v=FYmhHkNCRTI\">http:\/\/www.eldiariindultat.com\/<\/a><\/p>\n<p><iframe loading=\"lazy\" title=\"Indulta tu ejemplar. El resto se quema.\" width=\"640\" height=\"360\" src=\"https:\/\/www.youtube.com\/embed\/FYmhHkNCRTI?feature=oembed\" frameborder=\"0\" allow=\"accelerometer; autoplay; clipboard-write; encrypted-media; gyroscope; picture-in-picture; web-share\" referrerpolicy=\"strict-origin-when-cross-origin\" allowfullscreen><\/iframe><\/p>\n","protected":false},"excerpt":{"rendered":"<p>El Diari Indultat (El peri\u00f3dico Indultado) es un proyecto art\u00edstico predestinado a desaparecer y que comparte el car\u00e1cter ef\u00edmero tan peculiar de la principal fiesta popular de Valencia, las Fallas. El fotolibro acabar\u00e1 siendo alimento de las llamas a no ser que lo indulten.<\/p>\n","protected":false},"author":151,"featured_media":0,"comment_status":"closed","ping_status":"closed","sticky":false,"template":"","format":"standard","meta":{"jetpack_post_was_ever_published":false,"_jetpack_newsletter_access":"","_jetpack_dont_email_post_to_subs":false,"_jetpack_newsletter_tier_id":0,"_jetpack_memberships_contains_paywalled_content":false,"_jetpack_memberships_contains_paid_content":false,"footnotes":"","jetpack_publicize_message":"Qu\u00e9mese despu\u00e9s de leerse  #\u200eTipoblog #Tipograf&iacute;a2 #C&aacute;tedraCosgaya #\u200eFADU #\u200eUBA","jetpack_publicize_feature_enabled":true,"jetpack_social_post_already_shared":true,"jetpack_social_options":{"image_generator_settings":{"template":"highway","default_image_id":0,"font":"","enabled":false},"version":2}},"categories":[17],"tags":[],"class_list":["post-4235","post","type-post","status-publish","format-standard","hentry","category-periodico"],"jetpack_publicize_connections":[],"jetpack_featured_media_url":"","jetpack_shortlink":"https:\/\/wp.me\/p7yOIN-16j","jetpack_sharing_enabled":true,"_links":{"self":[{"href":"https:\/\/www.catedracosgaya.com.ar\/tipoblog\/2016\/wp-json\/wp\/v2\/posts\/4235","targetHints":{"allow":["GET"]}}],"collection":[{"href":"https:\/\/www.catedracosgaya.com.ar\/tipoblog\/2016\/wp-json\/wp\/v2\/posts"}],"about":[{"href":"https:\/\/www.catedracosgaya.com.ar\/tipoblog\/2016\/wp-json\/wp\/v2\/types\/post"}],"author":[{"embeddable":true,"href":"https:\/\/www.catedracosgaya.com.ar\/tipoblog\/2016\/wp-json\/wp\/v2\/users\/151"}],"replies":[{"embeddable":true,"href":"https:\/\/www.catedracosgaya.com.ar\/tipoblog\/2016\/wp-json\/wp\/v2\/comments?post=4235"}],"version-history":[{"count":0,"href":"https:\/\/www.catedracosgaya.com.ar\/tipoblog\/2016\/wp-json\/wp\/v2\/posts\/4235\/revisions"}],"wp:attachment":[{"href":"https:\/\/www.catedracosgaya.com.ar\/tipoblog\/2016\/wp-json\/wp\/v2\/media?parent=4235"}],"wp:term":[{"taxonomy":"category","embeddable":true,"href":"https:\/\/www.catedracosgaya.com.ar\/tipoblog\/2016\/wp-json\/wp\/v2\/categories?post=4235"},{"taxonomy":"post_tag","embeddable":true,"href":"https:\/\/www.catedracosgaya.com.ar\/tipoblog\/2016\/wp-json\/wp\/v2\/tags?post=4235"}],"curies":[{"name":"wp","href":"https:\/\/api.w.org\/{rel}","templated":true}]}}