{"id":4148,"date":"2016-09-27T01:58:03","date_gmt":"2016-09-27T01:58:03","guid":{"rendered":"http:\/\/www.catedracosgaya.com.ar\/tipoblog\/2016\/?p=4148"},"modified":"2016-09-27T02:01:08","modified_gmt":"2016-09-27T02:01:08","slug":"metamorfosis","status":"publish","type":"post","link":"https:\/\/www.catedracosgaya.com.ar\/tipoblog\/2016\/metamorfosis\/","title":{"rendered":"Metamorfosis"},"content":{"rendered":"<p><strong>Durante el transcurso de la historia argentina, la prensa gr\u00e1fica ha presentado numerosos cambios que se corresponden con los distintos requerimientos de las nuevas formas de consumo, cambios <\/strong><strong>econ\u00f3micos y pensamientos pol\u00edticos. Ahora bien, \u00bfc\u00f3mo fue \u00e9sta evoluci\u00f3n?<\/strong><\/p>\n<p>La historia de los peri\u00f3dicos argentinos acentu\u00f3 el inter\u00e9s en eventos culturales, deportivos o laborales. Hasta llegar a la disputa entre Unitarios y Federales, que le dio un vuelco radical y transcendental al periodismo entre 1820 y 1850. A partir de aqu\u00ed hay un quiebre, donde desde el peri\u00f3dico se empieza a transmitir propagandas pol\u00edticas e ideol\u00f3gicas hasta convertirse en los principales gestores de intereses pol\u00edticos.<\/p>\n<p>Luego, la noticia dej\u00f3 de redactarse desde un fen\u00f3meno discursivo sino que se transform\u00f3 en un producto, un recorte de la realidad o una realidad parcial. Aunque tambi\u00e9n podr\u00eda se\u00f1al\u00e1rsela como una verdad construida a base de intereses econ\u00f3micos y pol\u00edticos. Es por eso, que las noticias de los diarios dejaron de ser \u201caccidentes\u201d, sino m\u00e1s bien bajadas de l\u00ednea.<\/p>\n<p>En cuanto a la morfolog\u00eda,\u00a0en las masas populares suelen aparecer peri\u00f3dicos m\u00e1s vinculados a la clase media y baja como Diario Popular, Cr\u00f3nica o alg\u00fan ejemplar de tirada deportiva. El diario La Naci\u00f3n est\u00e1 dise\u00f1ando en cuanto a las pr\u00e1cticas cotidianas de sus lectores. Es decir, como su formato es tan extenso (s\u00e1bana), est\u00e1 pensado para lectores que gozan de tener tiempo y el espacio para poder leerlo (despachos o comodidad del hogar), y no en un transporte p\u00fablico o en medio de alguna pr\u00e1ctica laboral.\u00a0Por su parte Clar\u00edn, a pesar de ser un peri\u00f3dico que suele alinearse ideol\u00f3gicamente con La Naci\u00f3n, logra atrapar a un p\u00fablico tan variado como numeroso. El formato de Clar\u00edn se denomina <em>tabloide<\/em>, el m\u00e1s frecuente en las tiradas.<\/p>\n<p>Un fen\u00f3meno que gener\u00f3 una gran fisura en la Industria Gr\u00e1fica fue el del avance de las tecnolog\u00edas digitales. \u00a0El primer peri\u00f3dico digital fue el estadounidense Daily Oklahoma, en 1963, al que le sigui\u00f3 el New York Times y luego el Daily News. En 1994, el diario New York Times estren\u00f3 su servicio v\u00eda Internet, a trav\u00e9s del cual los lectores recib\u00edan la prensa en su ordenador por v\u00eda telef\u00f3nica mediante un m\u00f3dem; este fue el origen del paso del diario impreso al de formato electr\u00f3nico. En Argentina, el diario Perfil tuvo su primera aparici\u00f3n en 1998, convirti\u00e9ndose en el primer diario digital del pa\u00eds, para luego pasar a editarse en papel prensa.<\/p>\n<p>Por su parte, el avance de los medios digitales trajo consigo mismo la aparici\u00f3n de las redes sociales como Facebook y Twitter. \u00c9stas permiten una relaci\u00f3n m\u00e1s directa que cualquier medio de comunicaci\u00f3n denominado previamente. Los diarios tuvieron que incorporar sus plataformas virtuales y crear redes sociales porque les resulta m\u00e1s sencillo seguir publicando los sucesos del d\u00eda como actualizaciones de \u00faltimo momento, lo cual no pod\u00eda suceder en tiempos en los que el diario era un ritual que pod\u00eda llevar todo un d\u00eda.<\/p>\n<p>De a poco, se potenci\u00f3 la famosa y masiva frase \u201cno tengo suficiente tiempo de leer el diario\u201d. Entonces, las noticias comenzaron a plantearse desde los titulares, fotograf\u00edas (de impacto visual), gr\u00e1ficos e infograf\u00edas.<\/p>\n<p>Finalmente, me parece que es importante aclarar que la prensa gr\u00e1fica cambi\u00f3 porque cambiaron sus lectores y el mundo que los rodea, y porque de no hacerlo, no solo hubiese desaparecido, sino que hubiese perdiendo toda posibilidad de \u00a0salir victorioso en la disputada de <em>tener la verdad<\/em> y de perder el poder pol\u00edtico y econ\u00f3mico.<\/p>\n","protected":false},"excerpt":{"rendered":"<p>Durante el transcurso de la historia argentina, la prensa gr\u00e1fica ha presentado numerosos cambios que se corresponden con los distintos requerimientos de las nuevas formas de consumo, cambios econ\u00f3micos y pensamientos pol\u00edticos. Ahora bien, \u00bfc\u00f3mo fue \u00e9sta evoluci\u00f3n? La historia de los peri\u00f3dicos argentinos acentu\u00f3 el inter\u00e9s en eventos culturales, deportivos o laborales. Hasta llegar [&hellip;]<\/p>\n","protected":false},"author":141,"featured_media":4149,"comment_status":"closed","ping_status":"closed","sticky":false,"template":"","format":"standard","meta":{"jetpack_post_was_ever_published":false,"_jetpack_newsletter_access":"","_jetpack_dont_email_post_to_subs":false,"_jetpack_newsletter_tier_id":0,"_jetpack_memberships_contains_paywalled_content":false,"_jetpack_memberships_contains_paid_content":false,"footnotes":"","jetpack_publicize_message":"Metamorfosis  #\u200eTipoblog #Tipograf&iacute;a2 #C&aacute;tedraCosgaya #\u200eFADU #\u200eUBA","jetpack_publicize_feature_enabled":true,"jetpack_social_post_already_shared":true,"jetpack_social_options":{"image_generator_settings":{"template":"highway","default_image_id":0,"font":"","enabled":false},"version":2}},"categories":[17],"tags":[19,171,154,170,169],"class_list":["post-4148","post","type-post","status-publish","format-standard","has-post-thumbnail","hentry","category-periodico","tag-diario","tag-diario-digital","tag-periodico","tag-periodismo","tag-redes-sociales"],"jetpack_publicize_connections":[],"jetpack_featured_media_url":"https:\/\/www.catedracosgaya.com.ar\/tipoblog\/2016\/wp-content\/uploads\/2016\/09\/ElLitoral-223121-1400x840.jpg","jetpack_shortlink":"https:\/\/wp.me\/p7yOIN-14U","jetpack_sharing_enabled":true,"_links":{"self":[{"href":"https:\/\/www.catedracosgaya.com.ar\/tipoblog\/2016\/wp-json\/wp\/v2\/posts\/4148","targetHints":{"allow":["GET"]}}],"collection":[{"href":"https:\/\/www.catedracosgaya.com.ar\/tipoblog\/2016\/wp-json\/wp\/v2\/posts"}],"about":[{"href":"https:\/\/www.catedracosgaya.com.ar\/tipoblog\/2016\/wp-json\/wp\/v2\/types\/post"}],"author":[{"embeddable":true,"href":"https:\/\/www.catedracosgaya.com.ar\/tipoblog\/2016\/wp-json\/wp\/v2\/users\/141"}],"replies":[{"embeddable":true,"href":"https:\/\/www.catedracosgaya.com.ar\/tipoblog\/2016\/wp-json\/wp\/v2\/comments?post=4148"}],"version-history":[{"count":0,"href":"https:\/\/www.catedracosgaya.com.ar\/tipoblog\/2016\/wp-json\/wp\/v2\/posts\/4148\/revisions"}],"wp:featuredmedia":[{"embeddable":true,"href":"https:\/\/www.catedracosgaya.com.ar\/tipoblog\/2016\/wp-json\/wp\/v2\/media\/4149"}],"wp:attachment":[{"href":"https:\/\/www.catedracosgaya.com.ar\/tipoblog\/2016\/wp-json\/wp\/v2\/media?parent=4148"}],"wp:term":[{"taxonomy":"category","embeddable":true,"href":"https:\/\/www.catedracosgaya.com.ar\/tipoblog\/2016\/wp-json\/wp\/v2\/categories?post=4148"},{"taxonomy":"post_tag","embeddable":true,"href":"https:\/\/www.catedracosgaya.com.ar\/tipoblog\/2016\/wp-json\/wp\/v2\/tags?post=4148"}],"curies":[{"name":"wp","href":"https:\/\/api.w.org\/{rel}","templated":true}]}}