{"id":4037,"date":"2016-09-13T22:10:28","date_gmt":"2016-09-13T22:10:28","guid":{"rendered":"http:\/\/www.catedracosgaya.com.ar\/tipoblog\/2016\/?p=4037"},"modified":"2016-09-14T02:13:55","modified_gmt":"2016-09-14T02:13:55","slug":"el-diario-y-la-historieta","status":"publish","type":"post","link":"https:\/\/www.catedracosgaya.com.ar\/tipoblog\/2016\/el-diario-y-la-historieta\/","title":{"rendered":"El Diario y la Historieta"},"content":{"rendered":"<p>La forma que tiene hoy en d\u00eda la tira c\u00f3mica fue moldeada por un conflicto entre dos diarios de Nueva York a fines del siglo XIX: el<em> New York World<\/em>, de Joseph Pulitzer, y el <em>New York Journal<\/em>, de William Randolph Hearst, en su competencia por mantener la supremac\u00eda en el mercado neoyorquino.<br \/>\n<img loading=\"lazy\" decoding=\"async\" class=\"size-medium wp-image-4040 alignleft\" src=\"http:\/\/www.catedracosgaya.com.ar\/tipoblog\/2016\/wp-content\/uploads\/2016\/09\/World-New-York-Mar.-14-1912-261x300.jpg\" alt=\"The New York World\" width=\"261\" height=\"300\" srcset=\"https:\/\/www.catedracosgaya.com.ar\/tipoblog\/2016\/wp-content\/uploads\/2016\/09\/World-New-York-Mar.-14-1912-261x300.jpg 261w, https:\/\/www.catedracosgaya.com.ar\/tipoblog\/2016\/wp-content\/uploads\/2016\/09\/World-New-York-Mar.-14-1912.jpg 656w\" sizes=\"auto, (max-width: 261px) 100vw, 261px\" \/><br \/>\nSi bien hubo antecedentes de historietas en la prensa europea, como \u00a0<em>Histoire de Monsieur Cryptogame<\/em> de Rodolphe T\u00f6pffer en Francia o <em>Max und Moritz<\/em>, de Wilhelm Busch en Alemania, se suele coincidir en que la tira <em>Hogan&#8217;s Alley<\/em> de Richard Felton Outcault \u2013de la cual surge el exitoso personaje <em>The Yellow Kid<\/em>\u2013 es la primera tira c\u00f3mica publicada en un diario de actualidades que le da forma al g\u00e9nero <em>comic strip<\/em>.<\/p>\n<p>En 1889 se crea la secci\u00f3n <em>The World&#8217;s Funny Side<\/em>, (El Lado Divertido de <em>The World<\/em>): una p\u00e1gina completa de ilustraciones humor\u00edsticas en blanco y negro en la publicaci\u00f3n de los domingos de<em> New York World<\/em>. Tal fue el \u00e9xito de la secci\u00f3n que en 1893 la p\u00e1gina en blanco y negro pas\u00f3 a ser un suplemento de muchas p\u00e1ginas y a color, \u00fanicamente dedicado al humor gr\u00e1fico.<br \/>\nAh\u00ed es cuando Richard F. Outcault publica por primera vez <em>Hogan&#8217;s Alley<\/em>, presentando, quiz\u00e1s sin darse cuenta, al considerado primer personaje moderno de las tiras c\u00f3micas: <em>The Yellow Kid<\/em>.<br \/>\nDebido al gran \u00e9xito del suplemento dominical de <em>The World<\/em>, William Randolph Hearst \u2013director del diario <em>rival<\/em>\u2013 ofreci\u00f3 mejores salarios a la gran mayor\u00eda de los dibujantes y humoristas que publicaban en <em>The World<\/em>, quienes aceptaron la propuesta, incluyendo a Outcault.<img loading=\"lazy\" decoding=\"async\" class=\"size-medium wp-image-4041 alignright\" src=\"http:\/\/www.catedracosgaya.com.ar\/tipoblog\/2016\/wp-content\/uploads\/2016\/09\/new-york-journal-YELLOW-KID2-300x198.jpg\" alt=\"Yellow Kid en New York Journal\" width=\"300\" height=\"198\" srcset=\"https:\/\/www.catedracosgaya.com.ar\/tipoblog\/2016\/wp-content\/uploads\/2016\/09\/new-york-journal-YELLOW-KID2-300x198.jpg 300w, https:\/\/www.catedracosgaya.com.ar\/tipoblog\/2016\/wp-content\/uploads\/2016\/09\/new-york-journal-YELLOW-KID2-768x508.jpg 768w, https:\/\/www.catedracosgaya.com.ar\/tipoblog\/2016\/wp-content\/uploads\/2016\/09\/new-york-journal-YELLOW-KID2-1024x677.jpg 1024w\" sizes=\"auto, (max-width: 300px) 100vw, 300px\" \/><br \/>\nEl dibujante inici\u00f3 un proceso judicial por los derechos de autor de su obra, pero los jueces dictaminaron que la tira le pertenec\u00eda tambi\u00e9n a <em>The World. <\/em>Al mudarse el autor al<em> New York Journal,<\/em> Pulitzer contrata al dibujante George Luks para reemplazarlo y continuar la publicaci\u00f3n de <em>Yellow Kid. <\/em>As\u00ed fue como entre 1896 y 1898 <em>The Yellow Kid<\/em> fue publicado simult\u00e1neamente en ambos diarios y la tira <em>legalmente plagiada<\/em> en<em> The World <\/em>comienza a disminuir su popularidad.<\/p>\n<p>Pero este no fue el \u00fanico conflicto en los que se vieron envueltos estos dos medios.<br \/>\nMientras se disputaban la publicaci\u00f3n de la tira c\u00f3mica, otros medios comenzaron a acusar a estos dos por haber manipulado noticias y haber pagado a personas implicadas en los hechos para obtener las noticias de primera mano. Y termin\u00f3 siendo a causa del inocente personaje del ni\u00f1o amarillo que se dio origen al t\u00e9rmino <em>amarillismo<\/em>, acu\u00f1ado por primera vez en el titular de un art\u00edculo publicado por <em>The New York Press<\/em> titulado &#8220;<em>We call them yellow because they are yellow<\/em>&#8221; (Los llamamos amarillos porque son amarillos) refiri\u00e9ndose como <em>ellos<\/em> a los dos pol\u00e9micos medios y haciendo un juego de palabras con el t\u00e9rmino <em>yellow<\/em>, el cual en ingl\u00e9s significa tanto el color amarillo como los adjetivos cruel, cobarde y bajo.<\/p>\n<p>Situ\u00e1ndonos en Argentina, el inicio de la historieta fue diferente, ya que surgi\u00f3 en el marco de revistas como Caras y Caretas, PBT, El Hogar, o La Novela Semanal; y no en los diarios.<img loading=\"lazy\" decoding=\"async\" class=\" wp-image-4042 alignleft\" src=\"http:\/\/www.catedracosgaya.com.ar\/tipoblog\/2016\/wp-content\/uploads\/2016\/09\/Caras_caretas_n1_1898-200x300.jpg\" alt=\"Caras y Caretas \u2013 1898\" width=\"195\" height=\"292\" \/><br \/>\nManuel Redondo, Pedro Rojas, Arturo Lantieri, Jos\u00e9 Serrano y Luis Macaya fueron algunos de los primeros dibujantes en animarse a alejarse de la caricatura pol\u00edtica para poner un pie sobre el creciente y a\u00fan rudimentario mundo de la historieta.<br \/>\nM\u00e1s tarde, en la d\u00e9cada del &#8217;20, se crea la revista P\u00e1ginas de Columba, dedicada por completo al humor gr\u00e1fico y las historietas. En esta revista se explot\u00f3 el recurso de hacer incursionar a la historieta en la publicidad. Y as\u00ed fue c\u00f3mo surgi\u00f3 esta modalidad por muchas d\u00e9cadas m\u00e1s.<br \/>\nSe demuestra la popularidad de la pr\u00e1ctica al originarse los personajes de Mafalda y su familia en 1962 gracias a un pedido a Quino por parte de una agencia para crear una publicidad para los electrodom\u00e9sticos Mansfield.<br \/>\nLa Naci\u00f3n se convierte en el primer diario argentino en publicar historietas en 1920, al publicar <em>Bringing Up Father<\/em> de George McManus, traducida como <em>Peque\u00f1as delicias de la vida conyugal<\/em> y sus protagonistas traducidos como <em>Trif\u00f3n<\/em> y <em>Sibebuta<\/em>. En 1928 Dante Quinterno publica por primera vez un prototipo de Patoruz\u00fa en el vespertino Cr\u00edtica, llamado Curugua-Curiguag\u00fcigua. <img loading=\"lazy\" decoding=\"async\" class=\"size-medium wp-image-4043 alignright\" src=\"http:\/\/www.catedracosgaya.com.ar\/tipoblog\/2016\/wp-content\/uploads\/2016\/09\/curugua-curiguag\u00fcigua-230x300.jpg\" alt=\"Curugua Curiguaguigua en Cr\u00edtica\" width=\"230\" height=\"300\" srcset=\"https:\/\/www.catedracosgaya.com.ar\/tipoblog\/2016\/wp-content\/uploads\/2016\/09\/curugua-curiguag\u00fcigua-230x300.jpg 230w, https:\/\/www.catedracosgaya.com.ar\/tipoblog\/2016\/wp-content\/uploads\/2016\/09\/curugua-curiguag\u00fcigua.jpg 450w\" sizes=\"auto, (max-width: 230px) 100vw, 230px\" \/>Desde 1935 aparecer\u00eda la tira Tancredo, de Fantasio, primero en La Raz\u00f3n y luego en El Mundo. En 1938 aparece en La Prensa Don Fulgencio, de Lino Palacio. Y as\u00ed medios como La Raz\u00f3n, El Mundo, La Prensa y Noticias Gr\u00e1ficas dieron espacio a la historieta argentina entre las d\u00e9cadas del &#8217;20 y el &#8217;30.<\/p>\n<p>Fue solo al final de la d\u00e9cada del &#8217;40 que Clar\u00edn comenz\u00f3 a publicar historietas, con Blanca Nieve y P\u00edo P\u00edo, de Guevara y Rega Molina. Si bien demor\u00f3 en adentrarse en el g\u00e9nero tuvo un gran acierto a\u00f1os despu\u00e9s, en 1973, al deshacerse de la \u00faltima tira extranjera que le quedaba (Mutt y Jeff) para publicar una potente \u00faltima p\u00e1gina de humor gr\u00e1fico argentino con los dibujantes Caloi, Br\u00f3ccoli, Altuna y Trillo, Dobal, Ian, Rivero, Crist y Fontanarrosa. La popularidad que alcanzaron juntos en esa \u00faltima p\u00e1gina hizo que el diario se comenzara a leer de atr\u00e1s para adelante.<\/p>\n<p>El inicio de la tira c\u00f3mica en Estados Unidos se ve marcado por una sucia puja ajena en un marco comercial\/capitalista, del cual \u2013por suerte\u2013 la historieta tambi\u00e9n logr\u00f3 sacar su provecho y lograr popularidad gracias a la masividad de los medios.<br \/>\n<img loading=\"lazy\" decoding=\"async\" class=\"size-medium wp-image-4047 alignleft\" src=\"http:\/\/www.catedracosgaya.com.ar\/tipoblog\/2016\/wp-content\/uploads\/2016\/09\/Historieta-salvaje-Judith-Gociol-Jose-Maria-Gutierrez_CLAIMA20130114_0161_24-300x196.jpg\" alt=\"Viruta y Chicharr\u00f3n\" width=\"300\" height=\"196\" srcset=\"https:\/\/www.catedracosgaya.com.ar\/tipoblog\/2016\/wp-content\/uploads\/2016\/09\/Historieta-salvaje-Judith-Gociol-Jose-Maria-Gutierrez_CLAIMA20130114_0161_24-300x196.jpg 300w, https:\/\/www.catedracosgaya.com.ar\/tipoblog\/2016\/wp-content\/uploads\/2016\/09\/Historieta-salvaje-Judith-Gociol-Jose-Maria-Gutierrez_CLAIMA20130114_0161_24.jpg 452w\" sizes=\"auto, (max-width: 300px) 100vw, 300px\" \/>Este gran alcance logr\u00f3 que la historieta se expandiera a otros pa\u00edses, como el nuestro, para luego seguir siendo utilizado como herramienta comercial contratando dibujantes para hacer publicidades en historieta, para m\u00e1s tarde finalmente emanciparse de este tipo de publicaciones, hasta llegar al d\u00eda de hoy, donde la mayor parte de las historietas y tiras son publicadas o en medios exclusivos del g\u00e9nero, o en publicaciones independientes o autogestionadas, o simplemente a trav\u00e9s de internet y redes sociales.<\/p>\n<p>El desligarse del \u00e1mbito comercial benefici\u00f3 a la historieta art\u00edsticamente, otorgando m\u00e1s libertad a los autores para desarrollar sus tem\u00e1ticas y sus t\u00e9cnicas \u2013lo cual se ve reflejado, por ejemplo, en la creaci\u00f3n del concepto de <em>novela gr\u00e1fica <\/em>para llamar a los libros de historieta. Como contrapunto, esto llev\u00f3 al alejamiento de la historieta del p\u00fablico general para ser el blanco de un p\u00fablico m\u00e1s reducido y espec\u00edfico.<\/p>\n<p>Por otro lado, as\u00ed como el diario condicion\u00f3 a la historieta y termin\u00f3 forj\u00e1ndola tal como es, la historieta tambi\u00e9n dej\u00f3 su impronta en este tipo de medios. Esto qued\u00f3 demostrado desde la disputa entre los dos diarios neoyorquinos por la posesi\u00f3n de la tira que al parecer les otorgaba la popularidad por metonimia; y hasta en Argentina, cuando Clar\u00edn apost\u00f3 en la historieta para tener una jugosa \u00faltima p\u00e1gina de humor gr\u00e1fico, logrando modificar las costumbres del orden de lectura del diario y d\u00e1ndole parte de su identidad al propio diario.<\/p>\n<p><img loading=\"lazy\" decoding=\"async\" class=\" wp-image-4051 aligncenter\" src=\"http:\/\/www.catedracosgaya.com.ar\/tipoblog\/2016\/wp-content\/uploads\/2016\/09\/afanancio-300x223.jpg\" alt=\"afanancio\" width=\"433\" height=\"313\" \/><\/p>\n<hr \/>\n<p>Referencias<br \/>\nJudith Gociol y Diego Rosemberg, 2000, La Historieta Argentina, Ediciones de la Flor<br \/>\nhttp:\/\/www.todohistorietas.com.ar\/<\/p>\n<blockquote class=\"wp-embedded-content\" data-secret=\"xwButxDU4F\"><p><a href=\"https:\/\/americanprofile.com\/articles\/history-of-comic-strips\/\">History of Comic Strips<\/a><\/p><\/blockquote>\n<p><iframe loading=\"lazy\" class=\"wp-embedded-content\" sandbox=\"allow-scripts\" security=\"restricted\" style=\"position: absolute; clip: rect(1px, 1px, 1px, 1px);\" title=\"&#8220;History of Comic Strips&#8221; &#8212; American Profile\" src=\"https:\/\/americanprofile.com\/articles\/history-of-comic-strips\/embed\/#?secret=g9W022t7HN#?secret=xwButxDU4F\" data-secret=\"xwButxDU4F\" width=\"600\" height=\"338\" frameborder=\"0\" marginwidth=\"0\" marginheight=\"0\" scrolling=\"no\"><\/iframe><br \/>\nhttp:\/\/library.duke.edu\/exhibits\/earlycomicstrips\/<br \/>\nhttps:\/\/www.lambiek.net\/strips\/<br \/>\nhttp:\/\/www.psu.edu\/dept\/inart10_110\/inart10\/striptime.html<br \/>\nhttp:\/\/www.aaacaricatures.com\/cartoonhistory\/comicstriparthistory.html<\/p>\n","protected":false},"excerpt":{"rendered":"<p>La estrecha relaci\u00f3n entre la historieta y los diarios surge en los Estados Unidos como una herramienta del medio para promocionar sus publicaciones, atrapando a los lectores con la simpat\u00eda de las tiras c\u00f3micas, para m\u00e1s tarde independizarse y desarrollarse plenamente en medios exclusivos del g\u00e9nero.<\/p>\n","protected":false},"author":121,"featured_media":4038,"comment_status":"closed","ping_status":"closed","sticky":false,"template":"","format":"standard","meta":{"jetpack_post_was_ever_published":false,"_jetpack_newsletter_access":"","_jetpack_dont_email_post_to_subs":false,"_jetpack_newsletter_tier_id":0,"_jetpack_memberships_contains_paywalled_content":false,"_jetpack_memberships_contains_paid_content":false,"footnotes":"","jetpack_publicize_message":"El Diario y la Historieta  #\u200eTipoblog #Tipograf&iacute;a2 #C&aacute;tedraCosgaya #\u200eFADU #\u200eUBA","jetpack_publicize_feature_enabled":true,"jetpack_social_post_already_shared":true,"jetpack_social_options":{"image_generator_settings":{"template":"highway","default_image_id":0,"font":"","enabled":false},"version":2}},"categories":[17],"tags":[159,19,156,161,160,157,158],"class_list":["post-4037","post","type-post","status-publish","format-standard","has-post-thumbnail","hentry","category-periodico","tag-amarillismo","tag-diario","tag-historieta","tag-new-york-journal","tag-new-york-world","tag-tira-comica","tag-yellow-kid"],"jetpack_publicize_connections":[],"jetpack_featured_media_url":"https:\/\/www.catedracosgaya.com.ar\/tipoblog\/2016\/wp-content\/uploads\/2016\/09\/new-york-journal-YELLOW-KID.jpg","jetpack_shortlink":"https:\/\/wp.me\/p7yOIN-137","jetpack_sharing_enabled":true,"_links":{"self":[{"href":"https:\/\/www.catedracosgaya.com.ar\/tipoblog\/2016\/wp-json\/wp\/v2\/posts\/4037","targetHints":{"allow":["GET"]}}],"collection":[{"href":"https:\/\/www.catedracosgaya.com.ar\/tipoblog\/2016\/wp-json\/wp\/v2\/posts"}],"about":[{"href":"https:\/\/www.catedracosgaya.com.ar\/tipoblog\/2016\/wp-json\/wp\/v2\/types\/post"}],"author":[{"embeddable":true,"href":"https:\/\/www.catedracosgaya.com.ar\/tipoblog\/2016\/wp-json\/wp\/v2\/users\/121"}],"replies":[{"embeddable":true,"href":"https:\/\/www.catedracosgaya.com.ar\/tipoblog\/2016\/wp-json\/wp\/v2\/comments?post=4037"}],"version-history":[{"count":0,"href":"https:\/\/www.catedracosgaya.com.ar\/tipoblog\/2016\/wp-json\/wp\/v2\/posts\/4037\/revisions"}],"wp:featuredmedia":[{"embeddable":true,"href":"https:\/\/www.catedracosgaya.com.ar\/tipoblog\/2016\/wp-json\/wp\/v2\/media\/4038"}],"wp:attachment":[{"href":"https:\/\/www.catedracosgaya.com.ar\/tipoblog\/2016\/wp-json\/wp\/v2\/media?parent=4037"}],"wp:term":[{"taxonomy":"category","embeddable":true,"href":"https:\/\/www.catedracosgaya.com.ar\/tipoblog\/2016\/wp-json\/wp\/v2\/categories?post=4037"},{"taxonomy":"post_tag","embeddable":true,"href":"https:\/\/www.catedracosgaya.com.ar\/tipoblog\/2016\/wp-json\/wp\/v2\/tags?post=4037"}],"curies":[{"name":"wp","href":"https:\/\/api.w.org\/{rel}","templated":true}]}}