{"id":3917,"date":"2016-09-06T02:48:35","date_gmt":"2016-09-06T02:48:35","guid":{"rendered":"http:\/\/www.catedracosgaya.com.ar\/tipoblog\/2016\/?p=3917"},"modified":"2016-09-06T02:53:38","modified_gmt":"2016-09-06T02:53:38","slug":"cuando-lo-invisible-se-hace-visible","status":"publish","type":"post","link":"https:\/\/www.catedracosgaya.com.ar\/tipoblog\/2016\/cuando-lo-invisible-se-hace-visible\/","title":{"rendered":"Cuando lo invisible, se hace visible."},"content":{"rendered":"<p>Creo yo, que el papel del dise\u00f1ador va m\u00e1s all\u00e1: abarca todo tipo de proyecci\u00f3n de comunicaci\u00f3n visual, destinada a transmitir un mensaje especifico, darle un significado o resignificarlo, construyendo un discurso visual.<\/p>\n<p>Seg\u00fan el diccionario, un sistema es un conjunto de cosas que relacionadas entre s\u00ed, ordenadamente contribuyen a determinado objeto. Es un objeto complejo cuyos componentes se conectan con al menos alg\u00fan otro componente que puede ser material o conceptual.\u00a0Cuando se trata de un sistema de identidad refiere a poder reconocer distintos elementos gr\u00e1ficos creados en funci\u00f3n a criterios comunes, poder relacionarlos y entenderlos, representando algo y dirigido a determinada audiencia. El dise\u00f1o de identidad trasciende el espacio gr\u00e1fico.<\/p>\n<p>A trav\u00e9s de un sistema, el dise\u00f1ador &#8220;puede hacer visible lo invisible&#8221;: abarca mucho m\u00e1s que solo im\u00e1genes. Cada una de las piezas muestra seg\u00fan su funcionalidad, una informaci\u00f3n mucho m\u00e1s compleja. Funcionan en conjunto, y no individualmente.<\/p>\n<p>Comparto aqu\u00ed un proyecto del arquitecto Toyo Ito y el dise\u00f1ador Kenya Hara:\u00a0&#8221; Minna-no-Mori Gifu Media Cosmos&#8221;. Una biblioteca p\u00fablica, donde se relaciona arquitectura, dise\u00f1o, naturaleza, cultura regional, educaci\u00f3n e historia. \u00a0Ubicada en la ciudad de Gifu, Jap\u00f3n.<\/p>\n<p>Desde la configuraci\u00f3n de la estructura hasta los patrones geom\u00e9tricos en cada una de ellas est\u00e1n pensados. La estructura deja entrar la luz solar, y los patrones son parte de la se\u00f1al\u00e9tica del lugar, para poder comprender y manejarse mejor en el espacio, cada patron representa un sector de la biblioteca. Este mismo recurso se puede ver en los mapas de ubicaci\u00f3n.<\/p>\n<p><strong>En este ejemplo se puede ver que el sistema y la gr\u00e1fica aplicada al lugar, no son solamente de alcance est\u00e9tico y decorativo. Sino que en conjunto, est\u00e1 aplicado de tal manera que forman la identidad del lugar, acompa\u00f1ando con funcionalidad.<\/strong><br \/>\n<img loading=\"lazy\" decoding=\"async\" class=\"alignnone size-medium wp-image-3918\" src=\"http:\/\/www.catedracosgaya.com.ar\/tipoblog\/2016\/wp-content\/uploads\/2016\/09\/2_1134-300x166.jpg\" alt=\"2_1134\" width=\"300\" height=\"166\" srcset=\"https:\/\/www.catedracosgaya.com.ar\/tipoblog\/2016\/wp-content\/uploads\/2016\/09\/2_1134-300x166.jpg 300w, https:\/\/www.catedracosgaya.com.ar\/tipoblog\/2016\/wp-content\/uploads\/2016\/09\/2_1134.jpg 500w\" sizes=\"auto, (max-width: 300px) 100vw, 300px\" \/> <img loading=\"lazy\" decoding=\"async\" class=\"alignnone size-medium wp-image-3919\" src=\"http:\/\/www.catedracosgaya.com.ar\/tipoblog\/2016\/wp-content\/uploads\/2016\/09\/5_895-300x166.jpg\" alt=\"5_895\" width=\"300\" height=\"166\" srcset=\"https:\/\/www.catedracosgaya.com.ar\/tipoblog\/2016\/wp-content\/uploads\/2016\/09\/5_895-300x166.jpg 300w, https:\/\/www.catedracosgaya.com.ar\/tipoblog\/2016\/wp-content\/uploads\/2016\/09\/5_895.jpg 500w\" sizes=\"auto, (max-width: 300px) 100vw, 300px\" \/><img loading=\"lazy\" decoding=\"async\" class=\"alignnone size-medium wp-image-3922\" src=\"http:\/\/www.catedracosgaya.com.ar\/tipoblog\/2016\/wp-content\/uploads\/2016\/09\/Minna-no-Mori-Gifu-Media-Cosmos-5-300x166.jpg\" alt=\"Minna-no-Mori-Gifu-Media-Cosmos-5\" width=\"300\" height=\"166\" srcset=\"https:\/\/www.catedracosgaya.com.ar\/tipoblog\/2016\/wp-content\/uploads\/2016\/09\/Minna-no-Mori-Gifu-Media-Cosmos-5-300x166.jpg 300w, https:\/\/www.catedracosgaya.com.ar\/tipoblog\/2016\/wp-content\/uploads\/2016\/09\/Minna-no-Mori-Gifu-Media-Cosmos-5-768x425.jpg 768w, https:\/\/www.catedracosgaya.com.ar\/tipoblog\/2016\/wp-content\/uploads\/2016\/09\/Minna-no-Mori-Gifu-Media-Cosmos-5.jpg 900w\" sizes=\"auto, (max-width: 300px) 100vw, 300px\" \/> <img loading=\"lazy\" decoding=\"async\" class=\"alignnone wp-image-3924\" src=\"http:\/\/www.catedracosgaya.com.ar\/tipoblog\/2016\/wp-content\/uploads\/2016\/09\/floor2f-300x300.jpg\" alt=\"floor2f\" width=\"198\" height=\"194\" \/><\/p>\n<hr \/>\n<p>Fuentes consultadas:<\/p>\n<p>http:\/\/g-mediacosmos.jp\/<\/p>\n<p>http:\/\/www.city.gifu.lg.jp\/13422.htm<\/p>\n<blockquote class=\"wp-embedded-content\" data-secret=\"aaMX5XCaqM\"><p><a href=\"https:\/\/www.designboom.com\/architecture\/toyo-ito-imagines-roof-funnels-for-minna-no-mori-gifu-media-cosmos-01-09-2014\/\">toyo ito imagines roof funnels for minna-no-mori gifu media cosmos<\/a><\/p><\/blockquote>\n<p><iframe loading=\"lazy\" class=\"wp-embedded-content\" sandbox=\"allow-scripts\" security=\"restricted\" style=\"position: absolute; clip: rect(1px, 1px, 1px, 1px);\" title=\"&#8220;toyo ito imagines roof funnels for minna-no-mori gifu media cosmos&#8221; &#8212; designboom | architecture &amp; design magazine\" src=\"https:\/\/www.designboom.com\/architecture\/toyo-ito-imagines-roof-funnels-for-minna-no-mori-gifu-media-cosmos-01-09-2014\/embed\/#?secret=ioBNUlP56I#?secret=aaMX5XCaqM\" data-secret=\"aaMX5XCaqM\" width=\"600\" height=\"338\" frameborder=\"0\" marginwidth=\"0\" marginheight=\"0\" scrolling=\"no\"><\/iframe><\/p>\n<p>http:\/\/www.brain.com.tw\/news\/articlecontent?ID=43680&#038;sort=<\/p>\n<p>&nbsp;<\/p>\n<p>&nbsp;<\/p>\n","protected":false},"excerpt":{"rendered":"<p>Se suele pensar err\u00f3neamente que el rol del dise\u00f1ador gr\u00e1fico comprende solamente la funci\u00f3n de &#8220;generador im\u00e1genes&#8221;.<\/p>\n","protected":false},"author":111,"featured_media":3918,"comment_status":"closed","ping_status":"closed","sticky":false,"template":"","format":"standard","meta":{"jetpack_post_was_ever_published":false,"_jetpack_newsletter_access":"","_jetpack_dont_email_post_to_subs":false,"_jetpack_newsletter_tier_id":0,"_jetpack_memberships_contains_paywalled_content":false,"_jetpack_memberships_contains_paid_content":false,"footnotes":"","jetpack_publicize_message":"Cuando lo invisible, se hace visible.  #\u200eTipoblog #Tipograf&iacute;a2 #C&aacute;tedraCosgaya #\u200eFADU #\u200eUBA","jetpack_publicize_feature_enabled":true,"jetpack_social_post_already_shared":true,"jetpack_social_options":{"image_generator_settings":{"template":"highway","default_image_id":0,"font":"","enabled":false},"version":2}},"categories":[22],"tags":[],"class_list":["post-3917","post","type-post","status-publish","format-standard","has-post-thumbnail","hentry","category-sistemas"],"jetpack_publicize_connections":[],"jetpack_featured_media_url":"https:\/\/www.catedracosgaya.com.ar\/tipoblog\/2016\/wp-content\/uploads\/2016\/09\/2_1134.jpg","jetpack_shortlink":"https:\/\/wp.me\/p7yOIN-11b","jetpack_sharing_enabled":true,"_links":{"self":[{"href":"https:\/\/www.catedracosgaya.com.ar\/tipoblog\/2016\/wp-json\/wp\/v2\/posts\/3917","targetHints":{"allow":["GET"]}}],"collection":[{"href":"https:\/\/www.catedracosgaya.com.ar\/tipoblog\/2016\/wp-json\/wp\/v2\/posts"}],"about":[{"href":"https:\/\/www.catedracosgaya.com.ar\/tipoblog\/2016\/wp-json\/wp\/v2\/types\/post"}],"author":[{"embeddable":true,"href":"https:\/\/www.catedracosgaya.com.ar\/tipoblog\/2016\/wp-json\/wp\/v2\/users\/111"}],"replies":[{"embeddable":true,"href":"https:\/\/www.catedracosgaya.com.ar\/tipoblog\/2016\/wp-json\/wp\/v2\/comments?post=3917"}],"version-history":[{"count":0,"href":"https:\/\/www.catedracosgaya.com.ar\/tipoblog\/2016\/wp-json\/wp\/v2\/posts\/3917\/revisions"}],"wp:featuredmedia":[{"embeddable":true,"href":"https:\/\/www.catedracosgaya.com.ar\/tipoblog\/2016\/wp-json\/wp\/v2\/media\/3918"}],"wp:attachment":[{"href":"https:\/\/www.catedracosgaya.com.ar\/tipoblog\/2016\/wp-json\/wp\/v2\/media?parent=3917"}],"wp:term":[{"taxonomy":"category","embeddable":true,"href":"https:\/\/www.catedracosgaya.com.ar\/tipoblog\/2016\/wp-json\/wp\/v2\/categories?post=3917"},{"taxonomy":"post_tag","embeddable":true,"href":"https:\/\/www.catedracosgaya.com.ar\/tipoblog\/2016\/wp-json\/wp\/v2\/tags?post=3917"}],"curies":[{"name":"wp","href":"https:\/\/api.w.org\/{rel}","templated":true}]}}