{"id":3896,"date":"2016-09-05T20:36:05","date_gmt":"2016-09-05T20:36:05","guid":{"rendered":"http:\/\/www.catedracosgaya.com.ar\/tipoblog\/2016\/?p=3896"},"modified":"2016-09-05T22:06:32","modified_gmt":"2016-09-05T22:06:32","slug":"sistemas-en-la-musica","status":"publish","type":"post","link":"https:\/\/www.catedracosgaya.com.ar\/tipoblog\/2016\/sistemas-en-la-musica\/","title":{"rendered":"Sistemas en la m\u00fasica"},"content":{"rendered":"<p>Suele suceder que las bandas (o sus discogr\u00e1ficas) generan una identidad visual por razones de marketing. En un mundo bombardeado por est\u00edmulos visuales, si se quiere vivir de la m\u00fasica, hay que hacerse notar: creando un logo, flyers originales, afiches, buenas fotos y\u00a0-en el mejor de los casos- una identidad visual, es decir, una coherencia entre los elementos mencionados.<\/p>\n<p>Muchos lo logran y salen del paso: crean un logo, un flyer m\u00e1s o menos coherente con la est\u00e9tica, y a otra cosa.<\/p>\n<p>\u00c9l mat\u00f3 a un polic\u00eda motorizado, una banda originaria de La Plata, logr\u00f3 crear una identidad sonora y visual que mantiene desde sus inicios.<\/p>\n<figure id=\"attachment_3898\" aria-describedby=\"caption-attachment-3898\" style=\"width: 1000px\" class=\"wp-caption alignleft\"><img loading=\"lazy\" decoding=\"async\" class=\"wp-image-3898 size-full\" src=\"http:\/\/www.catedracosgaya.com.ar\/tipoblog\/2016\/wp-content\/uploads\/2016\/09\/1-1.jpg\" alt=\"1\" width=\"1000\" height=\"883\" srcset=\"https:\/\/www.catedracosgaya.com.ar\/tipoblog\/2016\/wp-content\/uploads\/2016\/09\/1-1.jpg 1000w, https:\/\/www.catedracosgaya.com.ar\/tipoblog\/2016\/wp-content\/uploads\/2016\/09\/1-1-300x265.jpg 300w, https:\/\/www.catedracosgaya.com.ar\/tipoblog\/2016\/wp-content\/uploads\/2016\/09\/1-1-768x678.jpg 768w\" sizes=\"auto, (max-width: 1000px) 100vw, 1000px\" \/><figcaption id=\"caption-attachment-3898\" class=\"wp-caption-text\">Afiches de gira por Espa\u00f1a, 2013.<\/figcaption><\/figure>\n<p>Santiago Motorizado, bajista y cantante de la banda, es quien dise\u00f1a y dibuja los discos y afiches. Y este no es un dato menor: un miembro de la banda, implicado directamente en el proceso creativo, creador de las canciones, es el encargado de generar\u00a0la est\u00e9tica visual.<\/p>\n<p>Es a trav\u00e9s de un <em>concepto<\/em>, de una uni\u00f3n entre la m\u00fasica y las im\u00e1genes, que \u00c9l mat\u00f3 logra una coherencia est\u00e9tica a lo largo de su carrera.<\/p>\n<p>Las letras minimalistas y economicidad de recursos pueden verse reflejadas en los dibujos de Santiago.<\/p>\n<blockquote><p>&#8220;A m\u00ed me apasiona dibujar y hacer todo esto. Creo que el arte visual complementa a lo musical y muchas veces ayuda a reforzar una idea est\u00e9tica, la redondea o la termina de explicar. Digamos que soy un artista visual antes que un m\u00fasico. Desde muy chico me apasiona dibujar, aunque cuando descubr\u00ed la m\u00fasica y empec\u00e9 a tocar me di cuenta que era lo mejor del mundo. Y cuando uso la palabra artista lo hago sin la carga solemne que se le suele agregar.&#8221;<\/p><\/blockquote>\n<p><img loading=\"lazy\" decoding=\"async\" class=\"alignnone wp-image-3902\" src=\"http:\/\/www.catedracosgaya.com.ar\/tipoblog\/2016\/wp-content\/uploads\/2016\/09\/navidad-de-reserva-1-300x300.jpg\" alt=\"navidad de reserva\" width=\"250\" height=\"250\" srcset=\"https:\/\/www.catedracosgaya.com.ar\/tipoblog\/2016\/wp-content\/uploads\/2016\/09\/navidad-de-reserva-1-300x300.jpg 300w, https:\/\/www.catedracosgaya.com.ar\/tipoblog\/2016\/wp-content\/uploads\/2016\/09\/navidad-de-reserva-1-150x150.jpg 150w, https:\/\/www.catedracosgaya.com.ar\/tipoblog\/2016\/wp-content\/uploads\/2016\/09\/navidad-de-reserva-1-55x55.jpg 55w, https:\/\/www.catedracosgaya.com.ar\/tipoblog\/2016\/wp-content\/uploads\/2016\/09\/navidad-de-reserva-1.jpg 700w\" sizes=\"auto, (max-width: 250px) 100vw, 250px\" \/><img loading=\"lazy\" decoding=\"async\" class=\"alignnone wp-image-3901\" src=\"http:\/\/www.catedracosgaya.com.ar\/tipoblog\/2016\/wp-content\/uploads\/2016\/09\/un-millon-de-euros-300x300.jpg\" alt=\"un millon de euros\" width=\"250\" height=\"250\" srcset=\"https:\/\/www.catedracosgaya.com.ar\/tipoblog\/2016\/wp-content\/uploads\/2016\/09\/un-millon-de-euros-300x300.jpg 300w, https:\/\/www.catedracosgaya.com.ar\/tipoblog\/2016\/wp-content\/uploads\/2016\/09\/un-millon-de-euros-150x150.jpg 150w, https:\/\/www.catedracosgaya.com.ar\/tipoblog\/2016\/wp-content\/uploads\/2016\/09\/un-millon-de-euros-768x768.jpg 768w, https:\/\/www.catedracosgaya.com.ar\/tipoblog\/2016\/wp-content\/uploads\/2016\/09\/un-millon-de-euros-1024x1024.jpg 1024w, https:\/\/www.catedracosgaya.com.ar\/tipoblog\/2016\/wp-content\/uploads\/2016\/09\/un-millon-de-euros-55x55.jpg 55w, https:\/\/www.catedracosgaya.com.ar\/tipoblog\/2016\/wp-content\/uploads\/2016\/09\/un-millon-de-euros.jpg 1280w\" sizes=\"auto, (max-width: 250px) 100vw, 250px\" \/><img loading=\"lazy\" decoding=\"async\" class=\"alignnone wp-image-3899\" src=\"http:\/\/www.catedracosgaya.com.ar\/tipoblog\/2016\/wp-content\/uploads\/2016\/09\/dia-de-los-muertos-300x300.jpg\" alt=\"dia de los muertos\" width=\"250\" height=\"250\" srcset=\"https:\/\/www.catedracosgaya.com.ar\/tipoblog\/2016\/wp-content\/uploads\/2016\/09\/dia-de-los-muertos-300x300.jpg 300w, https:\/\/www.catedracosgaya.com.ar\/tipoblog\/2016\/wp-content\/uploads\/2016\/09\/dia-de-los-muertos-150x150.jpg 150w, https:\/\/www.catedracosgaya.com.ar\/tipoblog\/2016\/wp-content\/uploads\/2016\/09\/dia-de-los-muertos-768x768.jpg 768w, https:\/\/www.catedracosgaya.com.ar\/tipoblog\/2016\/wp-content\/uploads\/2016\/09\/dia-de-los-muertos-55x55.jpg 55w, https:\/\/www.catedracosgaya.com.ar\/tipoblog\/2016\/wp-content\/uploads\/2016\/09\/dia-de-los-muertos.jpg 945w\" sizes=\"auto, (max-width: 250px) 100vw, 250px\" \/><\/p>\n<p>&nbsp;<\/p>\n<p><em>Portadas de los discos &#8220;Navidad de Reserva (2005), Un mill\u00f3n de euros (2006) y D\u00eda de los muertos (2008).<\/em><\/p>\n<p>Despu\u00e9s de su primer disco, la banda desarroll\u00f3 una trilog\u00eda: un disco de Navidad (Navidad de reserva)\u00a0-una navidad &#8220;bonaerense y cruda&#8221;-, uno de la vida en general (Un mill\u00f3n de euros) y uno sobre el Apocalipsis y la muerte (D\u00eda de los muertos).<\/p>\n<blockquote><p>\u201cFantaseaba con el disco conceptual. Una idea que nos guste mucho y a partir de eso hacer m\u00e1s f\u00e1cil el ejercicio de la composici\u00f3n, como un disparador que ayuda a crear&#8221;.<\/p><\/blockquote>\n<p>Este concepto del que habla Santiago logra traspasar el plano de lo musical para trasladarse a lo visual. Sin ser literal, logra plasmar el tono melanc\u00f3lico, minimalista, casi nihilista con el que canta sobre el fin del mundo o sentarse a esperar el Armagedon.<\/p>\n<p><img loading=\"lazy\" decoding=\"async\" class=\"alignnone wp-image-3903 size-full\" src=\"http:\/\/www.catedracosgaya.com.ar\/tipoblog\/2016\/wp-content\/uploads\/2016\/09\/12670696_10154169656913115_6437897256812342946_n.jpg\" alt=\"12670696_10154169656913115_6437897256812342946_n\" width=\"960\" height=\"479\" srcset=\"https:\/\/www.catedracosgaya.com.ar\/tipoblog\/2016\/wp-content\/uploads\/2016\/09\/12670696_10154169656913115_6437897256812342946_n.jpg 960w, https:\/\/www.catedracosgaya.com.ar\/tipoblog\/2016\/wp-content\/uploads\/2016\/09\/12670696_10154169656913115_6437897256812342946_n-300x150.jpg 300w, https:\/\/www.catedracosgaya.com.ar\/tipoblog\/2016\/wp-content\/uploads\/2016\/09\/12670696_10154169656913115_6437897256812342946_n-768x383.jpg 768w\" sizes=\"auto, (max-width: 960px) 100vw, 960px\" \/><\/p>\n<p>Si bien no es ninguna novedad la est\u00e9tica de &#8220;estilo fanzine&#8221; desprolija utilizada por infinidad de bandas como Sonic Youth y Black Flag (de la mano del artista Raymond Pettibon), entre otras, es innegable que \u00c9l mat\u00f3 supo transformarla en algo propio, plasmandole una est\u00e9tica local, de barrio.<\/p>\n<p><img loading=\"lazy\" decoding=\"async\" class=\"alignnone size-medium wp-image-3905\" src=\"http:\/\/www.catedracosgaya.com.ar\/tipoblog\/2016\/wp-content\/uploads\/2016\/09\/pettibon-2-300x288.jpg\" alt=\"pettibon 2\" width=\"300\" height=\"288\" srcset=\"https:\/\/www.catedracosgaya.com.ar\/tipoblog\/2016\/wp-content\/uploads\/2016\/09\/pettibon-2-300x288.jpg 300w, https:\/\/www.catedracosgaya.com.ar\/tipoblog\/2016\/wp-content\/uploads\/2016\/09\/pettibon-2-768x738.jpg 768w, https:\/\/www.catedracosgaya.com.ar\/tipoblog\/2016\/wp-content\/uploads\/2016\/09\/pettibon-2-1024x984.jpg 1024w, https:\/\/www.catedracosgaya.com.ar\/tipoblog\/2016\/wp-content\/uploads\/2016\/09\/pettibon-2.jpg 1277w\" sizes=\"auto, (max-width: 300px) 100vw, 300px\" \/> <img loading=\"lazy\" decoding=\"async\" class=\"alignnone size-medium wp-image-3904\" src=\"http:\/\/www.catedracosgaya.com.ar\/tipoblog\/2016\/wp-content\/uploads\/2016\/09\/pettibon-1-196x300.jpg\" alt=\"pettibon 1\" width=\"196\" height=\"300\" srcset=\"https:\/\/www.catedracosgaya.com.ar\/tipoblog\/2016\/wp-content\/uploads\/2016\/09\/pettibon-1-196x300.jpg 196w, https:\/\/www.catedracosgaya.com.ar\/tipoblog\/2016\/wp-content\/uploads\/2016\/09\/pettibon-1-670x1024.jpg 670w, https:\/\/www.catedracosgaya.com.ar\/tipoblog\/2016\/wp-content\/uploads\/2016\/09\/pettibon-1.jpg 750w\" sizes=\"auto, (max-width: 196px) 100vw, 196px\" \/><\/p>\n<p><em>Raymond Pettibon<\/em><\/p>\n<p>&nbsp;<\/p>\n<p><img loading=\"lazy\" decoding=\"async\" class=\"alignnone size-medium wp-image-3909\" src=\"http:\/\/www.catedracosgaya.com.ar\/tipoblog\/2016\/wp-content\/uploads\/2016\/09\/2013-1-211x300.jpg\" alt=\"2013 1\" width=\"211\" height=\"300\" srcset=\"https:\/\/www.catedracosgaya.com.ar\/tipoblog\/2016\/wp-content\/uploads\/2016\/09\/2013-1-211x300.jpg 211w, https:\/\/www.catedracosgaya.com.ar\/tipoblog\/2016\/wp-content\/uploads\/2016\/09\/2013-1.jpg 350w\" sizes=\"auto, (max-width: 211px) 100vw, 211px\" \/> <img loading=\"lazy\" decoding=\"async\" class=\"alignnone size-medium wp-image-3910\" src=\"http:\/\/www.catedracosgaya.com.ar\/tipoblog\/2016\/wp-content\/uploads\/2016\/09\/2013-2-212x300.jpg\" alt=\"2013 2\" width=\"212\" height=\"300\" srcset=\"https:\/\/www.catedracosgaya.com.ar\/tipoblog\/2016\/wp-content\/uploads\/2016\/09\/2013-2-212x300.jpg 212w, https:\/\/www.catedracosgaya.com.ar\/tipoblog\/2016\/wp-content\/uploads\/2016\/09\/2013-2.jpg 400w\" sizes=\"auto, (max-width: 212px) 100vw, 212px\" \/> <img loading=\"lazy\" decoding=\"async\" class=\"alignnone size-medium wp-image-3911\" src=\"http:\/\/www.catedracosgaya.com.ar\/tipoblog\/2016\/wp-content\/uploads\/2016\/09\/2013-3-212x300.jpg\" alt=\"2013 3\" width=\"212\" height=\"300\" srcset=\"https:\/\/www.catedracosgaya.com.ar\/tipoblog\/2016\/wp-content\/uploads\/2016\/09\/2013-3-212x300.jpg 212w, https:\/\/www.catedracosgaya.com.ar\/tipoblog\/2016\/wp-content\/uploads\/2016\/09\/2013-3.jpg 400w\" sizes=\"auto, (max-width: 212px) 100vw, 212px\" \/><\/p>\n<p><em>Afiches de \u00c9l Mat\u00f3, 2013<\/em><\/p>\n<p><img loading=\"lazy\" decoding=\"async\" class=\"alignnone size-medium wp-image-3908\" src=\"http:\/\/www.catedracosgaya.com.ar\/tipoblog\/2016\/wp-content\/uploads\/2016\/09\/2014-3-205x300.jpg\" alt=\"2014 3\" width=\"205\" height=\"300\" srcset=\"https:\/\/www.catedracosgaya.com.ar\/tipoblog\/2016\/wp-content\/uploads\/2016\/09\/2014-3-205x300.jpg 205w, https:\/\/www.catedracosgaya.com.ar\/tipoblog\/2016\/wp-content\/uploads\/2016\/09\/2014-3.jpg 400w\" sizes=\"auto, (max-width: 205px) 100vw, 205px\" \/> <img loading=\"lazy\" decoding=\"async\" class=\"alignnone size-medium wp-image-3907\" src=\"http:\/\/www.catedracosgaya.com.ar\/tipoblog\/2016\/wp-content\/uploads\/2016\/09\/2014-2-205x300.jpg\" alt=\"2014 2\" width=\"205\" height=\"300\" srcset=\"https:\/\/www.catedracosgaya.com.ar\/tipoblog\/2016\/wp-content\/uploads\/2016\/09\/2014-2-205x300.jpg 205w, https:\/\/www.catedracosgaya.com.ar\/tipoblog\/2016\/wp-content\/uploads\/2016\/09\/2014-2.jpg 400w\" sizes=\"auto, (max-width: 205px) 100vw, 205px\" \/> <img loading=\"lazy\" decoding=\"async\" class=\"alignnone size-medium wp-image-3906\" src=\"http:\/\/www.catedracosgaya.com.ar\/tipoblog\/2016\/wp-content\/uploads\/2016\/09\/2014-1-205x300.jpg\" alt=\"2014 1\" width=\"205\" height=\"300\" srcset=\"https:\/\/www.catedracosgaya.com.ar\/tipoblog\/2016\/wp-content\/uploads\/2016\/09\/2014-1-205x300.jpg 205w, https:\/\/www.catedracosgaya.com.ar\/tipoblog\/2016\/wp-content\/uploads\/2016\/09\/2014-1.jpg 400w\" sizes=\"auto, (max-width: 205px) 100vw, 205px\" \/><\/p>\n<p><em>Afiches de \u00c9l Mat\u00f3, 2014<\/em><\/p>\n<p><img loading=\"lazy\" decoding=\"async\" class=\"alignnone wp-image-3912 size-full\" src=\"http:\/\/www.catedracosgaya.com.ar\/tipoblog\/2016\/wp-content\/uploads\/2016\/09\/2016-1.jpg\" alt=\"2016 1\" width=\"960\" height=\"677\" srcset=\"https:\/\/www.catedracosgaya.com.ar\/tipoblog\/2016\/wp-content\/uploads\/2016\/09\/2016-1.jpg 960w, https:\/\/www.catedracosgaya.com.ar\/tipoblog\/2016\/wp-content\/uploads\/2016\/09\/2016-1-300x212.jpg 300w, https:\/\/www.catedracosgaya.com.ar\/tipoblog\/2016\/wp-content\/uploads\/2016\/09\/2016-1-768x542.jpg 768w\" sizes=\"auto, (max-width: 960px) 100vw, 960px\" \/> <img loading=\"lazy\" decoding=\"async\" class=\"alignnone wp-image-3913 size-full\" src=\"http:\/\/www.catedracosgaya.com.ar\/tipoblog\/2016\/wp-content\/uploads\/2016\/09\/2016-4.jpg\" alt=\"2016 4\" width=\"960\" height=\"684\" srcset=\"https:\/\/www.catedracosgaya.com.ar\/tipoblog\/2016\/wp-content\/uploads\/2016\/09\/2016-4.jpg 960w, https:\/\/www.catedracosgaya.com.ar\/tipoblog\/2016\/wp-content\/uploads\/2016\/09\/2016-4-300x214.jpg 300w, https:\/\/www.catedracosgaya.com.ar\/tipoblog\/2016\/wp-content\/uploads\/2016\/09\/2016-4-768x547.jpg 768w\" sizes=\"auto, (max-width: 960px) 100vw, 960px\" \/><\/p>\n<p><em>Afiches 2016<\/em><\/p>\n<p>&nbsp;<\/p>\n<p>Personajes jugando deportes, haciendo pruebas en moto o festejando algo, pertenecientes a alguna \u00e9poca no tan lejana, colores pasteles, tipograf\u00edas calcadas a mano, dibujos con birome o marcador, frases cortas que se repiten hasta cobrar otro significado, el fin del mundo, escenas de barrio, son las constantes de este sistema que supo crear \u00c9l mat\u00f3 a un polic\u00eda motorizado.<\/p>\n<p>&nbsp;<\/p>\n<p>&nbsp;<\/p>\n<p>Fuentes:<\/p>\n<blockquote class=\"wp-embedded-content\" data-secret=\"xfFDCl6Vyx\"><p><a href=\"https:\/\/www.oert.org\/tipografia-y-sistemas-tipograficos\/\">Tipograf\u00eda y sistemas tipogr\u00e1ficos<\/a><\/p><\/blockquote>\n<p><iframe loading=\"lazy\" class=\"wp-embedded-content\" sandbox=\"allow-scripts\" security=\"restricted\" style=\"position: absolute; clip: rect(1px, 1px, 1px, 1px);\" title=\"\u00abTipograf\u00eda y sistemas tipogr\u00e1ficos\u00bb \u2014 OERT\" src=\"https:\/\/www.oert.org\/tipografia-y-sistemas-tipograficos\/embed\/#?secret=0llxlaYZqa#?secret=xfFDCl6Vyx\" data-secret=\"xfFDCl6Vyx\" width=\"600\" height=\"338\" frameborder=\"0\" marginwidth=\"0\" marginheight=\"0\" scrolling=\"no\"><\/iframe><\/p>\n<p>http:\/\/www.pagina12.com.ar\/diario\/suplementos\/radar\/9-5895-2010-02-01.html<\/p>\n<p>http:\/\/vos.lavoz.com.ar\/musica\/el-mato-un-policia-motorizado-hay-que-generar-una-nueva-conciencia\u00e7<\/p>\n<p>https:\/\/www.facebook.com\/elmatoaunpoliciamotorizado\/<\/p>\n<p>http:\/\/chuntata.com\/blog\/2016\/06\/02\/el-mato-a-un-policia-motorizado-y-su-violencia\/<\/p>\n<p>&nbsp;<\/p>\n","protected":false},"excerpt":{"rendered":"<p>Algunas veces, los m\u00fasicos hacen algo m\u00e1s que pagarle a alguien para crear un logo y afiches: de la mano de un concepto, generan un amplio sistema sonoro y visual, como lo hizo \u00c9l mat\u00f3 a un polic\u00eda motorizado.<\/p>\n","protected":false},"author":116,"featured_media":3914,"comment_status":"closed","ping_status":"closed","sticky":false,"template":"","format":"standard","meta":{"jetpack_post_was_ever_published":false,"_jetpack_newsletter_access":"","_jetpack_dont_email_post_to_subs":false,"_jetpack_newsletter_tier_id":0,"_jetpack_memberships_contains_paywalled_content":false,"_jetpack_memberships_contains_paid_content":false,"footnotes":"","jetpack_publicize_message":"Sistemas en la m\u00fasica  #\u200eTipoblog #Tipograf&iacute;a2 #C&aacute;tedraCosgaya #\u200eFADU #\u200eUBA","jetpack_publicize_feature_enabled":true,"jetpack_social_post_already_shared":true,"jetpack_social_options":{"image_generator_settings":{"template":"highway","default_image_id":0,"font":"","enabled":false},"version":2}},"categories":[22],"tags":[],"class_list":["post-3896","post","type-post","status-publish","format-standard","has-post-thumbnail","hentry","category-sistemas"],"jetpack_publicize_connections":[],"jetpack_featured_media_url":"https:\/\/www.catedracosgaya.com.ar\/tipoblog\/2016\/wp-content\/uploads\/2016\/09\/violencia.jpg","jetpack_shortlink":"https:\/\/wp.me\/p7yOIN-10Q","jetpack_sharing_enabled":true,"_links":{"self":[{"href":"https:\/\/www.catedracosgaya.com.ar\/tipoblog\/2016\/wp-json\/wp\/v2\/posts\/3896","targetHints":{"allow":["GET"]}}],"collection":[{"href":"https:\/\/www.catedracosgaya.com.ar\/tipoblog\/2016\/wp-json\/wp\/v2\/posts"}],"about":[{"href":"https:\/\/www.catedracosgaya.com.ar\/tipoblog\/2016\/wp-json\/wp\/v2\/types\/post"}],"author":[{"embeddable":true,"href":"https:\/\/www.catedracosgaya.com.ar\/tipoblog\/2016\/wp-json\/wp\/v2\/users\/116"}],"replies":[{"embeddable":true,"href":"https:\/\/www.catedracosgaya.com.ar\/tipoblog\/2016\/wp-json\/wp\/v2\/comments?post=3896"}],"version-history":[{"count":0,"href":"https:\/\/www.catedracosgaya.com.ar\/tipoblog\/2016\/wp-json\/wp\/v2\/posts\/3896\/revisions"}],"wp:featuredmedia":[{"embeddable":true,"href":"https:\/\/www.catedracosgaya.com.ar\/tipoblog\/2016\/wp-json\/wp\/v2\/media\/3914"}],"wp:attachment":[{"href":"https:\/\/www.catedracosgaya.com.ar\/tipoblog\/2016\/wp-json\/wp\/v2\/media?parent=3896"}],"wp:term":[{"taxonomy":"category","embeddable":true,"href":"https:\/\/www.catedracosgaya.com.ar\/tipoblog\/2016\/wp-json\/wp\/v2\/categories?post=3896"},{"taxonomy":"post_tag","embeddable":true,"href":"https:\/\/www.catedracosgaya.com.ar\/tipoblog\/2016\/wp-json\/wp\/v2\/tags?post=3896"}],"curies":[{"name":"wp","href":"https:\/\/api.w.org\/{rel}","templated":true}]}}