{"id":3852,"date":"2016-08-30T20:20:17","date_gmt":"2016-08-30T20:20:17","guid":{"rendered":"http:\/\/www.catedracosgaya.com.ar\/tipoblog\/2016\/?p=3852"},"modified":"2016-08-30T20:20:17","modified_gmt":"2016-08-30T20:20:17","slug":"el-trabajo-en-sistema-mas-alla-del-diseno-grafico","status":"publish","type":"post","link":"https:\/\/www.catedracosgaya.com.ar\/tipoblog\/2016\/el-trabajo-en-sistema-mas-alla-del-diseno-grafico\/","title":{"rendered":"El trabajo en sistema m\u00e1s all\u00e1 del dise\u00f1o grafico"},"content":{"rendered":"<p>La Bauhaus fue la escuela de artesan\u00eda, dise\u00f1o, arte y arquitectura fundada en 1919 en Alemania; fue la primera escuela reformada despu\u00e9s de la guerra que retomo la actividad educativa en la nueva rep\u00fablica. Sus bases consist\u00edan en combinar todas las artes en una misma unidad. La misma se convirti\u00f3 en todo un referente internacional de la arquitectura, el arte y el dise\u00f1o.<\/p>\n<p>El movimiento \u201cBauhausiano\u201d estaba influenciado por diferentes corrientes como el Constructivismo ruso, Suprematismo, Expresionismo y el Neoplasticismo.\u00a0El estilo de la Bauhaus se caracteriz\u00f3 por la ausencia de ornamentaci\u00f3n en los dise\u00f1os, as\u00ed como por la armon\u00eda entre la funci\u00f3n y los medios art\u00edsticos y t\u00e9cnicos de elaboraci\u00f3n. La Bauhaus es sin\u00f3nimo de modernidad, de colores primarios, de nuevas concepciones del espacio y de la forma e integraci\u00f3n de las artes.<\/p>\n<p>Dentro de la primera etapa en Weimar dentro de los a\u00f1os 1919 hasta 1923, se establece una fase idealista, expresionista y de experimentaci\u00f3n de formas y dise\u00f1os. Esto se logr\u00f3 mediante la incorporaci\u00f3n de Klee y Kandinsky a la escuela como maestros.<\/p>\n<p>Dentro de los distintos talleres se comenzaron a utilizar las figuras geom\u00e9tricas b\u00e1sicas (el c\u00edrculo, el cuadrado y el tri\u00e1ngulo) junto a los 3 colores primarios como base.<\/p>\n<p>Uno de los principios establecidos desde su fundaci\u00f3n fue \u201c<em>la forma sigue a la funci\u00f3n<\/em>\u201c, por lo que en\u00a0arquitectura\u00a0los diferentes espacios eran dise\u00f1ados con formas geom\u00e9tricas seg\u00fan la funci\u00f3n para la que fueron concebidos. Se alzaron edificaciones de formas rectangulares desplegados en varios vol\u00famenes, con base en hormig\u00f3n y cristal. La expresi\u00f3n de la belleza y conveniencia de los materiales b\u00e1sicos sin adorno se volvieron cada vez m\u00e1s frecuentes en el estilo de este movimiento.<img loading=\"lazy\" decoding=\"async\" class=\"aligncenter wp-image-3857 size-medium\" src=\"http:\/\/www.catedracosgaya.com.ar\/tipoblog\/2016\/wp-content\/uploads\/2016\/08\/dessau-bauhaus-300x200.jpg\" alt=\"dessau-bauhaus\" width=\"300\" height=\"200\" srcset=\"https:\/\/www.catedracosgaya.com.ar\/tipoblog\/2016\/wp-content\/uploads\/2016\/08\/dessau-bauhaus-300x200.jpg 300w, https:\/\/www.catedracosgaya.com.ar\/tipoblog\/2016\/wp-content\/uploads\/2016\/08\/dessau-bauhaus.jpg 500w\" sizes=\"auto, (max-width: 300px) 100vw, 300px\" \/><img loading=\"lazy\" decoding=\"async\" class=\"size-medium wp-image-3858 aligncenter\" src=\"http:\/\/www.catedracosgaya.com.ar\/tipoblog\/2016\/wp-content\/uploads\/2016\/08\/f31-300x225.jpg\" alt=\"f3(1)\" width=\"300\" height=\"225\" srcset=\"https:\/\/www.catedracosgaya.com.ar\/tipoblog\/2016\/wp-content\/uploads\/2016\/08\/f31-300x225.jpg 300w, https:\/\/www.catedracosgaya.com.ar\/tipoblog\/2016\/wp-content\/uploads\/2016\/08\/f31.jpg 680w\" sizes=\"auto, (max-width: 300px) 100vw, 300px\" \/><\/p>\n<p>Por otro lado, en cuanto al dise\u00f1o industrial, ten\u00edan el objetivo de lograr muebles y objetos, \u00fatiles y baratos. En este caso tambi\u00e9n se caracterizaba la simplicidad y la ausencia de ornamentaci\u00f3n. Los dise\u00f1os de l\u00edneas rectas y geom\u00e9tricos basados en las figuras geom\u00e9tricas b\u00e1sicas eran habituales en el estilo Bauhaus.<img loading=\"lazy\" decoding=\"async\" class=\"size-medium wp-image-3853 aligncenter\" src=\"http:\/\/www.catedracosgaya.com.ar\/tipoblog\/2016\/wp-content\/uploads\/2016\/08\/1261734286868_f-300x229.jpg\" alt=\"1261734286868_f\" width=\"300\" height=\"229\" srcset=\"https:\/\/www.catedracosgaya.com.ar\/tipoblog\/2016\/wp-content\/uploads\/2016\/08\/1261734286868_f-300x229.jpg 300w, https:\/\/www.catedracosgaya.com.ar\/tipoblog\/2016\/wp-content\/uploads\/2016\/08\/1261734286868_f.jpg 500w\" sizes=\"auto, (max-width: 300px) 100vw, 300px\" \/><img loading=\"lazy\" decoding=\"async\" class=\"size-medium wp-image-3856 aligncenter\" src=\"http:\/\/www.catedracosgaya.com.ar\/tipoblog\/2016\/wp-content\/uploads\/2016\/08\/chess-set-josef-hartwig-300x233.jpg\" alt=\"chess-set-josef-hartwig\" width=\"300\" height=\"233\" srcset=\"https:\/\/www.catedracosgaya.com.ar\/tipoblog\/2016\/wp-content\/uploads\/2016\/08\/chess-set-josef-hartwig-300x233.jpg 300w, https:\/\/www.catedracosgaya.com.ar\/tipoblog\/2016\/wp-content\/uploads\/2016\/08\/chess-set-josef-hartwig.jpg 500w\" sizes=\"auto, (max-width: 300px) 100vw, 300px\" \/><img loading=\"lazy\" decoding=\"async\" class=\"size-medium wp-image-3860 aligncenter\" src=\"http:\/\/www.catedracosgaya.com.ar\/tipoblog\/2016\/wp-content\/uploads\/2016\/08\/sillon-f51-walter-gropius-300x225.jpg\" alt=\"sillon-f51-walter-gropius\" width=\"300\" height=\"225\" srcset=\"https:\/\/www.catedracosgaya.com.ar\/tipoblog\/2016\/wp-content\/uploads\/2016\/08\/sillon-f51-walter-gropius-300x225.jpg 300w, https:\/\/www.catedracosgaya.com.ar\/tipoblog\/2016\/wp-content\/uploads\/2016\/08\/sillon-f51-walter-gropius.jpg 500w\" sizes=\"auto, (max-width: 300px) 100vw, 300px\" \/><\/p>\n<p>Por \u00faltimo, en cuanto al dise\u00f1o gr\u00e1fico, predominaban las direcciones horizontales y verticales y las composiciones asim\u00e9tricas. En cuanto al uso tipogr\u00e1fico, se emplearon exclusivamente fuentes sans-serif y se desarroll\u00f3 el dise\u00f1o de una tipo universal que redujo el alfabeto a formas limpias, simples, construidas en forma racional e inspiradas en las figuras geom\u00e9tricas que hablamos anteriormente (cuadrado, triangulo y c\u00edrculo).<img loading=\"lazy\" decoding=\"async\" class=\"size-medium wp-image-3855 aligncenter\" src=\"http:\/\/www.catedracosgaya.com.ar\/tipoblog\/2016\/wp-content\/uploads\/2016\/08\/bauhaus16-194x300.jpg\" alt=\"bauhaus16\" width=\"194\" height=\"300\" srcset=\"https:\/\/www.catedracosgaya.com.ar\/tipoblog\/2016\/wp-content\/uploads\/2016\/08\/bauhaus16-194x300.jpg 194w, https:\/\/www.catedracosgaya.com.ar\/tipoblog\/2016\/wp-content\/uploads\/2016\/08\/bauhaus16-768x1187.jpg 768w, https:\/\/www.catedracosgaya.com.ar\/tipoblog\/2016\/wp-content\/uploads\/2016\/08\/bauhaus16-663x1024.jpg 663w, https:\/\/www.catedracosgaya.com.ar\/tipoblog\/2016\/wp-content\/uploads\/2016\/08\/bauhaus16.jpg 792w\" sizes=\"auto, (max-width: 194px) 100vw, 194px\" \/><img loading=\"lazy\" decoding=\"async\" class=\"size-medium wp-image-3859 aligncenter\" src=\"http:\/\/www.catedracosgaya.com.ar\/tipoblog\/2016\/wp-content\/uploads\/2016\/08\/herbert-bayer-300x229.jpg\" alt=\"herbert-bayer\" width=\"300\" height=\"229\" srcset=\"https:\/\/www.catedracosgaya.com.ar\/tipoblog\/2016\/wp-content\/uploads\/2016\/08\/herbert-bayer-300x229.jpg 300w, https:\/\/www.catedracosgaya.com.ar\/tipoblog\/2016\/wp-content\/uploads\/2016\/08\/herbert-bayer.jpg 645w\" sizes=\"auto, (max-width: 300px) 100vw, 300px\" \/><\/p>\n<p>Para concluir, podemos observar claramente la inspiraci\u00f3n e implementaci\u00f3n de las figuras geom\u00e9tricas en los distintos dise\u00f1os de la Bauhaus; arquitect\u00f3nicos, gr\u00e1ficos e industriales. Y el uso racional en sistema de los mismos tanto formal como crom\u00e1tico. Y como impacto esta simpleza y minimalismo en la historia del dise\u00f1o y arquitectura.<img loading=\"lazy\" decoding=\"async\" class=\"size-medium wp-image-3854 aligncenter\" src=\"http:\/\/www.catedracosgaya.com.ar\/tipoblog\/2016\/wp-content\/uploads\/2016\/08\/bauhaus-006-249x300.jpg\" alt=\"bauhaus-006\" width=\"249\" height=\"300\" srcset=\"https:\/\/www.catedracosgaya.com.ar\/tipoblog\/2016\/wp-content\/uploads\/2016\/08\/bauhaus-006-249x300.jpg 249w, https:\/\/www.catedracosgaya.com.ar\/tipoblog\/2016\/wp-content\/uploads\/2016\/08\/bauhaus-006-768x926.jpg 768w, https:\/\/www.catedracosgaya.com.ar\/tipoblog\/2016\/wp-content\/uploads\/2016\/08\/bauhaus-006.jpg 829w\" sizes=\"auto, (max-width: 249px) 100vw, 249px\" \/><\/p>\n","protected":false},"excerpt":{"rendered":"<p>\u201cDesde la silla en la que usted se sienta hasta la p\u00e1gina que est\u00e1 leyendo\u201d (Heinrich von Eckardt).<\/p>\n","protected":false},"author":101,"featured_media":3857,"comment_status":"closed","ping_status":"closed","sticky":false,"template":"","format":"standard","meta":{"jetpack_post_was_ever_published":false,"_jetpack_newsletter_access":"","_jetpack_dont_email_post_to_subs":false,"_jetpack_newsletter_tier_id":0,"_jetpack_memberships_contains_paywalled_content":false,"_jetpack_memberships_contains_paid_content":false,"footnotes":"","jetpack_publicize_message":"El trabajo en sistema m\u00e1s all\u00e1 del dise\u00f1o grafico  #\u200eTipoblog #Tipograf&iacute;a2 #C&aacute;tedraCosgaya #\u200eFADU #\u200eUBA","jetpack_publicize_feature_enabled":true,"jetpack_social_post_already_shared":true,"jetpack_social_options":{"image_generator_settings":{"template":"highway","default_image_id":0,"font":"","enabled":false},"version":2}},"categories":[22],"tags":[144,142,66,143,65,125],"class_list":["post-3852","post","type-post","status-publish","format-standard","has-post-thumbnail","hentry","category-sistemas","tag-arquitectura","tag-bauhaus","tag-diseno","tag-geometria","tag-historia","tag-sistema"],"jetpack_publicize_connections":[],"jetpack_featured_media_url":"https:\/\/www.catedracosgaya.com.ar\/tipoblog\/2016\/wp-content\/uploads\/2016\/08\/dessau-bauhaus.jpg","jetpack_shortlink":"https:\/\/wp.me\/p7yOIN-108","jetpack_sharing_enabled":true,"_links":{"self":[{"href":"https:\/\/www.catedracosgaya.com.ar\/tipoblog\/2016\/wp-json\/wp\/v2\/posts\/3852","targetHints":{"allow":["GET"]}}],"collection":[{"href":"https:\/\/www.catedracosgaya.com.ar\/tipoblog\/2016\/wp-json\/wp\/v2\/posts"}],"about":[{"href":"https:\/\/www.catedracosgaya.com.ar\/tipoblog\/2016\/wp-json\/wp\/v2\/types\/post"}],"author":[{"embeddable":true,"href":"https:\/\/www.catedracosgaya.com.ar\/tipoblog\/2016\/wp-json\/wp\/v2\/users\/101"}],"replies":[{"embeddable":true,"href":"https:\/\/www.catedracosgaya.com.ar\/tipoblog\/2016\/wp-json\/wp\/v2\/comments?post=3852"}],"version-history":[{"count":0,"href":"https:\/\/www.catedracosgaya.com.ar\/tipoblog\/2016\/wp-json\/wp\/v2\/posts\/3852\/revisions"}],"wp:featuredmedia":[{"embeddable":true,"href":"https:\/\/www.catedracosgaya.com.ar\/tipoblog\/2016\/wp-json\/wp\/v2\/media\/3857"}],"wp:attachment":[{"href":"https:\/\/www.catedracosgaya.com.ar\/tipoblog\/2016\/wp-json\/wp\/v2\/media?parent=3852"}],"wp:term":[{"taxonomy":"category","embeddable":true,"href":"https:\/\/www.catedracosgaya.com.ar\/tipoblog\/2016\/wp-json\/wp\/v2\/categories?post=3852"},{"taxonomy":"post_tag","embeddable":true,"href":"https:\/\/www.catedracosgaya.com.ar\/tipoblog\/2016\/wp-json\/wp\/v2\/tags?post=3852"}],"curies":[{"name":"wp","href":"https:\/\/api.w.org\/{rel}","templated":true}]}}