{"id":3759,"date":"2016-08-25T02:00:43","date_gmt":"2016-08-25T02:00:43","guid":{"rendered":"http:\/\/www.catedracosgaya.com.ar\/tipoblog\/2016\/?p=3759"},"modified":"2016-08-25T05:14:27","modified_gmt":"2016-08-25T05:14:27","slug":"mas-alla-de-la-simple-tecnica-de-cortar-y-pegar","status":"publish","type":"post","link":"https:\/\/www.catedracosgaya.com.ar\/tipoblog\/2016\/mas-alla-de-la-simple-tecnica-de-cortar-y-pegar\/","title":{"rendered":"M\u00e1s all\u00e1 de la simple t\u00e9cnica de cortar y pegar"},"content":{"rendered":"<p>Si bien muchos podr\u00edan asociar collage con el pasado con Peter Blake o a\u00fan m\u00e1s atr\u00e1s a principios del siglo XX\u00a0con Picasso, Georges Braque y Kurt Schwitters. El collage como t\u00e9cnica de dise\u00f1o y arte visual est\u00e1 experimentando un resurgimiento vibrante y no es dif\u00edcil ver por qu\u00e9, es considerado un arte destructivo, sustentable, autentico, manual y digital gracias a las posibilidades que ofrece la tecnolog\u00eda. Muchos cr\u00edticos de arte y dise\u00f1o lo han considerado &#8220;La forma de arte visual m\u00e1s trascendente del siglo XX.&#8221;\u00a0Despu\u00e9s de \u00e9stos, y a lo largo de todo el siglo XX, futuristas, dada\u00edstas, exponentes pop art y dem\u00e1s vanguardistas y post modernos, expandieron las posibilidades expresivas y conceptuales de este nuevo lenguaje, llev\u00e1ndolo al plano digital.<\/p>\n<p>Se habla de ser un arte destructivo, sustentable y autentico, ya que la b\u00fasqueda del material para introducir en el collage, se encuentra en todos lados, cualquier material existente y en cierto modo inesperado, es el gran disparador de este tipo de piezas.<\/p>\n<p>Hoy en d\u00eda, los dise\u00f1adores est\u00e1n combinando t\u00e9cnicas y m\u00e9todos tradicionales con la tecnolog\u00eda digital para abarcar el montaje, el foto montaje, la instalaci\u00f3n de t\u00e9cnicas mixtas, manipulaci\u00f3n digital, para crear trabajos verdaderamente deslumbrantes.\u00a0A pesar de ser un lenguaje completamente abierto, aparentemente carente de reglas, abierto a toda clase de subjetividad y estrechamente vinculado a &#8220;lo cotidiano&#8221;, o a lo mejor precisamente por esto &#8211; el <i>collage<\/i>\u00a0ha superado la transici\u00f3n de siglo, consolid\u00e1ndose como &#8220;forma de expresi\u00f3n contempor\u00e1nea&#8221;. Y de esto son testigo una serie de artistas emergentes que, ya completamente adentrados en el siglo de lo digital, reivindican el componente t\u00e1ctil y la capacidad expresiva que de su material se desprende.<\/p>\n<p>Cuando se plantea o se cuestiona lo interesante sobre el uso del collage, es que nunca se sabe d\u00f3nde hasta donde te llevara esta t\u00e9cnica, la inesperada naturaleza de cada composici\u00f3n aparentemente parece no tener un fin. A diferencia de cualquier otro tipo de t\u00e9cnica en la cual puedes quedarte estancando por un soporte o una materialidad, sin embargo, el collage y su t\u00e9cnica siempre te ofrece la posibilidad de un constante abastecimiento de materiales, que te permiten renovar tu sistema. Y es en esta b\u00fasqueda donde se hace a\u00fan m\u00e1s interesante cuando se introducen diferentes medios como la pintura o l\u00e1piz para darle un acabado inesperado.<\/p>\n<p>El collage es todav\u00eda un medio tan popular hoy en d\u00eda por el simple hecho de que cambia. La introducci\u00f3n del collage digital es interesante, ya que demuestra que tiene tanto m\u00e9rito la creaci\u00f3n del trabajo en pantalla como el trabajo manual, y que esta introducci\u00f3n de lo digital no reduce tus posibilidades, sino que brinda nuevas soluciones. Es por esto que se puede decir que\u00a0el estilo y la innovaci\u00f3n del collage, parece no tener fin, y es esta innovaci\u00f3n la que nos permite pensar en infinitos sistemas visuales, que no se agotan de recursos, ya que la t\u00e9cnica misma se reivindica.<\/p>\n<figure id=\"attachment_3761\" aria-describedby=\"caption-attachment-3761\" style=\"width: 487px\" class=\"wp-caption aligncenter\"><img loading=\"lazy\" decoding=\"async\" class=\"wp-image-3761\" title=\"Collage de Georges Braque\" src=\"http:\/\/www.catedracosgaya.com.ar\/tipoblog\/2016\/wp-content\/uploads\/2016\/08\/braque_collage-300x224.jpg\" alt=\"Georges Braque_collage\" width=\"487\" height=\"364\" srcset=\"https:\/\/www.catedracosgaya.com.ar\/tipoblog\/2016\/wp-content\/uploads\/2016\/08\/braque_collage-300x224.jpg 300w, https:\/\/www.catedracosgaya.com.ar\/tipoblog\/2016\/wp-content\/uploads\/2016\/08\/braque_collage-768x575.jpg 768w, https:\/\/www.catedracosgaya.com.ar\/tipoblog\/2016\/wp-content\/uploads\/2016\/08\/braque_collage.jpg 969w\" sizes=\"auto, (max-width: 487px) 100vw, 487px\" \/><figcaption id=\"caption-attachment-3761\" class=\"wp-caption-text\">Collage de George Braque<\/figcaption><\/figure>\n<p>&nbsp;<\/p>\n<figure id=\"attachment_3762\" aria-describedby=\"caption-attachment-3762\" style=\"width: 496px\" class=\"wp-caption aligncenter\"><img loading=\"lazy\" decoding=\"async\" class=\" wp-image-3762\" src=\"http:\/\/www.catedracosgaya.com.ar\/tipoblog\/2016\/wp-content\/uploads\/2016\/08\/Yokoland_CR-233x300.jpg\" alt=\"Handmade collage, 2006\" width=\"496\" height=\"639\" srcset=\"https:\/\/www.catedracosgaya.com.ar\/tipoblog\/2016\/wp-content\/uploads\/2016\/08\/Yokoland_CR-233x300.jpg 233w, https:\/\/www.catedracosgaya.com.ar\/tipoblog\/2016\/wp-content\/uploads\/2016\/08\/Yokoland_CR-768x991.jpg 768w, https:\/\/www.catedracosgaya.com.ar\/tipoblog\/2016\/wp-content\/uploads\/2016\/08\/Yokoland_CR-794x1024.jpg 794w, https:\/\/www.catedracosgaya.com.ar\/tipoblog\/2016\/wp-content\/uploads\/2016\/08\/Yokoland_CR.jpg 1200w\" sizes=\"auto, (max-width: 496px) 100vw, 496px\" \/><figcaption id=\"caption-attachment-3762\" class=\"wp-caption-text\">Yokoland: Handmade collage, 2006<\/figcaption><\/figure>\n<figure id=\"attachment_3763\" aria-describedby=\"caption-attachment-3763\" style=\"width: 498px\" class=\"wp-caption aligncenter\"><img loading=\"lazy\" decoding=\"async\" class=\" wp-image-3763\" src=\"http:\/\/www.catedracosgaya.com.ar\/tipoblog\/2016\/wp-content\/uploads\/2016\/08\/DR.ME_CR-300x300.jpg\" alt=\"Handmade collage, 2015\" width=\"498\" height=\"498\" srcset=\"https:\/\/www.catedracosgaya.com.ar\/tipoblog\/2016\/wp-content\/uploads\/2016\/08\/DR.ME_CR-300x300.jpg 300w, https:\/\/www.catedracosgaya.com.ar\/tipoblog\/2016\/wp-content\/uploads\/2016\/08\/DR.ME_CR-150x150.jpg 150w, https:\/\/www.catedracosgaya.com.ar\/tipoblog\/2016\/wp-content\/uploads\/2016\/08\/DR.ME_CR-768x768.jpg 768w, https:\/\/www.catedracosgaya.com.ar\/tipoblog\/2016\/wp-content\/uploads\/2016\/08\/DR.ME_CR-1024x1024.jpg 1024w, https:\/\/www.catedracosgaya.com.ar\/tipoblog\/2016\/wp-content\/uploads\/2016\/08\/DR.ME_CR-55x55.jpg 55w, https:\/\/www.catedracosgaya.com.ar\/tipoblog\/2016\/wp-content\/uploads\/2016\/08\/DR.ME_CR.jpg 1200w\" sizes=\"auto, (max-width: 498px) 100vw, 498px\" \/><figcaption id=\"caption-attachment-3763\" class=\"wp-caption-text\">Handmade collage, 2015<\/figcaption><\/figure>\n<p>&nbsp;<\/p>\n","protected":false},"excerpt":{"rendered":"<p>Casi la mayor\u00eda de las personas, desde muy temprana edad somos introducidas a la t\u00e9cnica del collage. Pero es en esta \u00e9poca de modernismo que el collage ha ido mucho m\u00e1s all\u00e1 de la simple t\u00e9cnica de cortar y pegar y ahora involucra a casi todos los medios relacionados con el dise\u00f1o, desde el foto montaje hasta la manipulaci\u00f3n digital. <\/p>\n","protected":false},"author":58,"featured_media":3760,"comment_status":"closed","ping_status":"closed","sticky":false,"template":"","format":"standard","meta":{"jetpack_post_was_ever_published":false,"_jetpack_newsletter_access":"","_jetpack_dont_email_post_to_subs":false,"_jetpack_newsletter_tier_id":0,"_jetpack_memberships_contains_paywalled_content":false,"_jetpack_memberships_contains_paid_content":false,"footnotes":"","jetpack_publicize_message":"M\u00e1s all\u00e1 de la simple t\u00e9cnica de cortar y pegar","jetpack_publicize_feature_enabled":true,"jetpack_social_post_already_shared":true,"jetpack_social_options":{"image_generator_settings":{"template":"highway","default_image_id":0,"font":"","enabled":false},"version":2}},"categories":[22],"tags":[137,39,72,109],"class_list":["post-3759","post","type-post","status-publish","format-standard","has-post-thumbnail","hentry","category-sistemas","tag-collage","tag-composicion","tag-digital","tag-tecnologia"],"jetpack_publicize_connections":[],"jetpack_featured_media_url":"https:\/\/www.catedracosgaya.com.ar\/tipoblog\/2016\/wp-content\/uploads\/2016\/08\/Peter-Blake-_cover1.jpg","jetpack_shortlink":"https:\/\/wp.me\/p7yOIN-YD","jetpack_sharing_enabled":true,"_links":{"self":[{"href":"https:\/\/www.catedracosgaya.com.ar\/tipoblog\/2016\/wp-json\/wp\/v2\/posts\/3759","targetHints":{"allow":["GET"]}}],"collection":[{"href":"https:\/\/www.catedracosgaya.com.ar\/tipoblog\/2016\/wp-json\/wp\/v2\/posts"}],"about":[{"href":"https:\/\/www.catedracosgaya.com.ar\/tipoblog\/2016\/wp-json\/wp\/v2\/types\/post"}],"author":[{"embeddable":true,"href":"https:\/\/www.catedracosgaya.com.ar\/tipoblog\/2016\/wp-json\/wp\/v2\/users\/58"}],"replies":[{"embeddable":true,"href":"https:\/\/www.catedracosgaya.com.ar\/tipoblog\/2016\/wp-json\/wp\/v2\/comments?post=3759"}],"version-history":[{"count":0,"href":"https:\/\/www.catedracosgaya.com.ar\/tipoblog\/2016\/wp-json\/wp\/v2\/posts\/3759\/revisions"}],"wp:featuredmedia":[{"embeddable":true,"href":"https:\/\/www.catedracosgaya.com.ar\/tipoblog\/2016\/wp-json\/wp\/v2\/media\/3760"}],"wp:attachment":[{"href":"https:\/\/www.catedracosgaya.com.ar\/tipoblog\/2016\/wp-json\/wp\/v2\/media?parent=3759"}],"wp:term":[{"taxonomy":"category","embeddable":true,"href":"https:\/\/www.catedracosgaya.com.ar\/tipoblog\/2016\/wp-json\/wp\/v2\/categories?post=3759"},{"taxonomy":"post_tag","embeddable":true,"href":"https:\/\/www.catedracosgaya.com.ar\/tipoblog\/2016\/wp-json\/wp\/v2\/tags?post=3759"}],"curies":[{"name":"wp","href":"https:\/\/api.w.org\/{rel}","templated":true}]}}