{"id":3736,"date":"2016-08-24T19:00:50","date_gmt":"2016-08-24T19:00:50","guid":{"rendered":"http:\/\/www.catedracosgaya.com.ar\/tipoblog\/2016\/?p=3736"},"modified":"2016-08-24T19:00:50","modified_gmt":"2016-08-24T19:00:50","slug":"construccion-de-identidad-que-nos-hace-distintos","status":"publish","type":"post","link":"https:\/\/www.catedracosgaya.com.ar\/tipoblog\/2016\/construccion-de-identidad-que-nos-hace-distintos\/","title":{"rendered":"Construcci\u00f3n de identidad: \u00bfQu\u00e9 nos hace distintos?"},"content":{"rendered":"<p>El concepto de sistema viene de la mano casi de forma inherente al de identidad, porque un sistema es un todo que se compone de partes, y \u00e9stas deben probar su pertenencia a este &#8220;todo&#8221;. Lo que demuestra que provienen de un determinado sistema y no de otro es justamente su identidad.<br \/>\nPero \u00bfqu\u00e9 de la identidad es lo que nos demuestra esa pertenencia de las partes a un determinado sistema? Y es entonces cuando aparecen las dos palabras que van a seguirnos como estudiantes de dise\u00f1o y luego dise\u00f1adores por el resto de nuestras vidas: constantes y variables.<br \/>\nLas constantes son aquello que refuerza esta identidad, se despliega en todas o casi todas las partes del sistema, y le dan unidad, le permiten al receptor hilar que pertenecen a un mismo todo. Puede ser la paleta o una parte de \u00e9sta, la materialidad o el soporte, la combinaci\u00f3n de tipograf\u00edas, el clima, etc. Las variables, en cambio, son aquello que le da diversidad a nuestro sistema. Nos permiten alterar sus partes de forma tal que (si el sistema funciona correctamente) no se nos vuelvan aburridas ni predecibles, pero a la vez sin afectar su identidad o pertenencia al resto del sistema. Estas variables pueden generarse tambi\u00e9n desde la paleta, los formatos de las piezas, las puestas en p\u00e1gina, o bien todo aquello que valga para crear alternativas dentro del sistema que estemos dise\u00f1ando.<br \/>\nAhora bien, si dejamos un poco de lado la idea de identidad desde el punto de vista gr\u00e1fico o de dise\u00f1o, nos encontramos con otro problema a resolver en un trabajo como que el que tenemos en curso en la materia, y es la idea que creamos acerca de la identidad de nuestro sistema, la perspectiva m\u00e1s conceptual. \u00c9sta es la parte que muchas veces a la hora de dise\u00f1ar dejamos de costado. Pensamos la gr\u00e1fica, la paleta, etc., y despu\u00e9s nos inventamos una excusa que justifique las decisiones. Esto no est\u00e1 mal en muchos casos y cada uno tiene sus m\u00e9todos a la hora de trabajar. Pero en un trabajo como \u00e9ste, en el que debemos crear una voz y una serie de argumentos desde los cuales estamos hablando a un determinado comitente, tal vez nos sirva profundizar y construir una identidad primero. \u00bfPor qu\u00e9? Porque le va a dar fuerza a nuestro trabajo, nos va a servir de fundamentos, de disparadores, nos va a ayudar a acotar decisiones y darles m\u00e1s peso, y va a aportarnos esa singularidad que nos hace nosotros y nos diferencia de otra idea.<br \/>\nUn ejercicio que podemos hacer para trabajar en esto es pensar primero en la tem\u00e1tica. Esto es lo m\u00e1s f\u00e1cil. En nuestro caso, \u00bfsobre qu\u00e9 quiero mi evento? Seguro todos bocetamos una idea en la cabeza cuando escuchamos en qu\u00e9 consist\u00eda el trabajo. Sobre cocina, una determinada cultura, alguna problem\u00e1tica respecto a la salud&#8230; Pero ahora bien, seguramente ya conocemos eventos similares a lo que tenemos en mente a primeras. Pueden ser distintos en su cronograma, sus actividades o su lugar, por ejemplo, pero la idea, sus objetivos, parecer\u00edan ser los mismos a los nuestros a grandes razgos; y es justamente en este aspecto en el que debemos ganar identidad. \u00bfQu\u00e9 hace que nuestro evento sea distinto a cualquier otro evento de salud? (por ejemplo). Para alcanzar esto, entonces, debemos trazar una &#8220;l\u00ednea de pensamiento&#8221; que atraviese la tem\u00e1tica de nuestro evento y la haga distinta; una perspectiva, un enfoque, que nos muestre algo dentro del tema en el que trabajamos que nadie estaba viendo.<br \/>\nY esto nos va a permitir, no s\u00f3lo esa singularidad en cuanto a la idea y la propuesta, sino tambi\u00e9n en cuanto a la gr\u00e1fica. Nos va a dar excusas, va a alterar esa primera imagen que hab\u00edamos pensado en nuestras cabezas sobre el dise\u00f1o de nuestro sistema, y nos va a dar mejores herramientas, mejores argumentos y mejores resultados.<\/p>\n<p>Algunos ejemplos de sistemas de identidad:<br \/>\n<iframe loading=\"lazy\" class=\"wp-embedded-content\" sandbox=\"allow-scripts\" security=\"restricted\" title=\"THE BOHEMIAN Coffee Lounge\" src=\"https:\/\/www.behance.net\/embed\/project\/27674445?ilo0=1#?secret=8MwBvpN41M\" data-secret=\"8MwBvpN41M\" height=\"316\" width=\"404\" frameborder=\"0\"><\/iframe><br \/>\n<iframe loading=\"lazy\" class=\"wp-embedded-content\" sandbox=\"allow-scripts\" security=\"restricted\" title=\"CACTUS music Festival &#039;16\" src=\"https:\/\/www.behance.net\/embed\/project\/36622411?ilo0=1#?secret=SJfsX8cxOY\" data-secret=\"SJfsX8cxOY\" height=\"316\" width=\"404\" frameborder=\"0\"><\/iframe><br \/>\n<iframe loading=\"lazy\" class=\"wp-embedded-content\" sandbox=\"allow-scripts\" security=\"restricted\" title=\"Festival de Cine Gore\" src=\"https:\/\/www.behance.net\/embed\/project\/14397711?ilo0=1#?secret=fTFwKHvRqd\" data-secret=\"fTFwKHvRqd\" height=\"316\" width=\"404\" frameborder=\"0\"><\/iframe><\/p>\n","protected":false},"excerpt":{"rendered":"<p>Pensamos la gr\u00e1fica, la paleta, etc., y despu\u00e9s nos inventamos una excusa que justifique las decisiones. Esto no est\u00e1 mal en muchos casos y cada uno tiene sus m\u00e9todos a la hora de trabajar. Pero crear una voz y una serie de argumentos desde los cuales hablar a nuestro comitente puede ayudarnos a profundizar nuestra idea y hacerla m\u00e1s fuerte. \u00bfPor qu\u00e9? Porque esa identidad le va a dar poder a nuestro trabajo, nos va a servir de fundamentos, de disparadores, nos va a ayudar a acotar decisiones y darles m\u00e1s peso, y va a aportarnos esa singularidad que nos hace nosotros y nos diferencia de otra idea.<\/p>\n","protected":false},"author":96,"featured_media":3752,"comment_status":"closed","ping_status":"closed","sticky":false,"template":"","format":"standard","meta":{"jetpack_post_was_ever_published":false,"_jetpack_newsletter_access":"","_jetpack_dont_email_post_to_subs":false,"_jetpack_newsletter_tier_id":0,"_jetpack_memberships_contains_paywalled_content":false,"_jetpack_memberships_contains_paid_content":false,"footnotes":"","jetpack_publicize_message":"","jetpack_publicize_feature_enabled":true,"jetpack_social_post_already_shared":true,"jetpack_social_options":{"image_generator_settings":{"template":"highway","default_image_id":0,"font":"","enabled":false},"version":2}},"categories":[22],"tags":[107,125],"class_list":["post-3736","post","type-post","status-publish","format-standard","has-post-thumbnail","hentry","category-sistemas","tag-identidad","tag-sistema"],"jetpack_publicize_connections":[],"jetpack_featured_media_url":"https:\/\/www.catedracosgaya.com.ar\/tipoblog\/2016\/wp-content\/uploads\/2016\/08\/f6acbf27674445.56368e3376ffe.jpg","jetpack_shortlink":"https:\/\/wp.me\/p7yOIN-Yg","jetpack_sharing_enabled":true,"_links":{"self":[{"href":"https:\/\/www.catedracosgaya.com.ar\/tipoblog\/2016\/wp-json\/wp\/v2\/posts\/3736","targetHints":{"allow":["GET"]}}],"collection":[{"href":"https:\/\/www.catedracosgaya.com.ar\/tipoblog\/2016\/wp-json\/wp\/v2\/posts"}],"about":[{"href":"https:\/\/www.catedracosgaya.com.ar\/tipoblog\/2016\/wp-json\/wp\/v2\/types\/post"}],"author":[{"embeddable":true,"href":"https:\/\/www.catedracosgaya.com.ar\/tipoblog\/2016\/wp-json\/wp\/v2\/users\/96"}],"replies":[{"embeddable":true,"href":"https:\/\/www.catedracosgaya.com.ar\/tipoblog\/2016\/wp-json\/wp\/v2\/comments?post=3736"}],"version-history":[{"count":0,"href":"https:\/\/www.catedracosgaya.com.ar\/tipoblog\/2016\/wp-json\/wp\/v2\/posts\/3736\/revisions"}],"wp:featuredmedia":[{"embeddable":true,"href":"https:\/\/www.catedracosgaya.com.ar\/tipoblog\/2016\/wp-json\/wp\/v2\/media\/3752"}],"wp:attachment":[{"href":"https:\/\/www.catedracosgaya.com.ar\/tipoblog\/2016\/wp-json\/wp\/v2\/media?parent=3736"}],"wp:term":[{"taxonomy":"category","embeddable":true,"href":"https:\/\/www.catedracosgaya.com.ar\/tipoblog\/2016\/wp-json\/wp\/v2\/categories?post=3736"},{"taxonomy":"post_tag","embeddable":true,"href":"https:\/\/www.catedracosgaya.com.ar\/tipoblog\/2016\/wp-json\/wp\/v2\/tags?post=3736"}],"curies":[{"name":"wp","href":"https:\/\/api.w.org\/{rel}","templated":true}]}}