{"id":3576,"date":"2016-08-18T13:56:08","date_gmt":"2016-08-18T13:56:08","guid":{"rendered":"http:\/\/www.catedracosgaya.com.ar\/tipoblog\/2016\/?p=3576"},"modified":"2016-08-18T16:55:19","modified_gmt":"2016-08-18T16:55:19","slug":"el-arte-como-un-sistema","status":"publish","type":"post","link":"https:\/\/www.catedracosgaya.com.ar\/tipoblog\/2016\/el-arte-como-un-sistema\/","title":{"rendered":"El arte como un sistema"},"content":{"rendered":"<p>Para introducir un poco a lo que seria esta muestra fotogr\u00e1fica del MALBA, la serie <i>Marcados<\/i> de la artista brasile\u00f1a Claudia Andujar cuenta con un aproximado de ochenta fotograf\u00edas blanco y negro. Lo que cuenta el MALBA y Andujar de esta muestra es lo siguiente:<\/p>\n<blockquote><p>&#8220;Entre 1981 y 1984, Andujar pas\u00f3 largas temporadas en el territorio ind\u00edgena de la tribu de los Yanomami, en la cuenca del r\u00edo Catrimani, parte del territorio brasile\u00f1o. Junto con dos m\u00e9dicos, realiz\u00f3 numerosas fotograf\u00edas del medio y de las expediciones, y registr\u00f3 uno por uno a cada individuo con un n\u00famero colgado del cuello. Esas im\u00e1genes eran utilizadas en\u00a0las cartillas de vacunaci\u00f3n sanitaria, que contribuyeron a\u00a0salvar la vida de muchos de los miembros de la tribu.<\/p>\n<p class=\"p1\"><span class=\"s1\">Este trabajo surge entonces por dos motivos: por un lado, a nivel antropol\u00f3gico, del<em> intento de ayudar a la supervivencia del pueblo Yanomami a partir de la vacunaci\u00f3n de los habitantes de las diversas poblaciones<\/em> y, por otro lado, a nivel conceptual, en contraposici\u00f3n con la propia biograf\u00eda de la artista, cuyos\u00a0familiares y amigos fueron marcados y asesinados en los campos de concentraci\u00f3n nazi.&#8221;<\/span><\/p>\n<\/blockquote>\n<p><iframe loading=\"lazy\" title=\"Claudia Andujar. Marcados\" width=\"640\" height=\"360\" src=\"https:\/\/www.youtube.com\/embed\/UEGO-7o4eYY?feature=oembed\" frameborder=\"0\" allow=\"accelerometer; autoplay; clipboard-write; encrypted-media; gyroscope; picture-in-picture; web-share\" referrerpolicy=\"strict-origin-when-cross-origin\" allowfullscreen><\/iframe><\/p>\n<p class=\"p1\">Y por otro lado tenemos la muestra muy famosa de Jorge Macchi de Perspectiva, seg\u00fan lo que cuenta el MALBA\u00a0 la\u00a0muestra est\u00e1 organizada en diferentes n\u00facleos tem\u00e1ticos, que incluyen sus cartograf\u00edas, obras hechas de recortes period\u00edsticos, instalaciones donde el tiempo se detiene y el efecto \u00f3ptico quiebra la realidad, fantasmagor\u00edas pict\u00f3ricas y video instalaciones en las que la m\u00fasica tiene un rol fundamental. El t\u00edtulo <em>Perspectiva<\/em> \u2013como sustituto de la palabra retrospectiva\u2013 remite a una mirada que va desde el presente hacia el pasado personal y vivencial del artista.<\/p>\n<blockquote>\n<p class=\"p1\">&#8220;Tambi\u00e9n refiere formalmente al arte de reproducir la forma y disposici\u00f3n con que los objetos se manifiestan a la vista y evoca una constante en la obra de Macchi: la tendencia que tiene lo real a deshacerse y el car\u00e1cter ficticio de los signos que pueblan el mundo.&#8221;<\/p>\n<\/blockquote>\n<p><iframe loading=\"lazy\" title=\"Montaje Jorge Macchi. Perspectiva\" width=\"640\" height=\"360\" src=\"https:\/\/www.youtube.com\/embed\/Q2WFHcZsEAM?feature=oembed\" frameborder=\"0\" allow=\"accelerometer; autoplay; clipboard-write; encrypted-media; gyroscope; picture-in-picture; web-share\" referrerpolicy=\"strict-origin-when-cross-origin\" allowfullscreen><\/iframe><\/p>\n<p>\u00bfPorque destacamos estas dos muestras del MALBA? El director de art\u00edstico del museo Agust\u00edn P\u00e9rez Rubio, responsable de la colecci\u00f3n y nuevas adquisiciones, el programa de exposiciones y la\u00a0supervisi\u00f3n\u00a0general de los programas de publicaciones, educaci\u00f3n\u00a0y extensi\u00f3n cultural, cine y literatura, junto con el equipo de direcci\u00f3n de arte constituido por Federico Braun, Andrea Giunta, Octavio Zaya, Julieta Gonz\u00e1lez, Eduardo F. Costantini, In\u00e9s Katzenstein, Victoria Giraudo y\u00a0Adriano Pedrosa. Toda esta direcci\u00f3n de arte hace que con un claro prop\u00f3sito todas las muestras convivan dentro de un mismo sistema. Se lo puede ver en la folleter\u00eda, en Internet, en pancartas, en afiches,etc. Ese estilo del MALBA de dise\u00f1o moderno Estadounidense que no sigue ninguna regla en si, si no que toma cada parte de un sistema sin aferrarse ninguna ideolog\u00eda, generando la armon\u00eda en todo el ambiente del museo y en sus publicaciones. No opaca ninguna de las muestras, ya que todas tienen su espacio y bien distribuida en el ambiente. A continuaci\u00f3n se vera todo el dise\u00f1o utilizado para estas muestras:<\/p>\n<p><em>Paginas de Internet:<\/em><\/p>\n<div id='gallery-1' class='gallery galleryid-3576 gallery-columns-3 gallery-size-thumbnail'><figure class='gallery-item'>\n\t\t\t<div class='gallery-icon landscape'>\n\t\t\t\t<a href='https:\/\/www.catedracosgaya.com.ar\/tipoblog\/2016\/el-arte-como-un-sistema\/captura\/'><img loading=\"lazy\" decoding=\"async\" width=\"150\" height=\"150\" src=\"https:\/\/www.catedracosgaya.com.ar\/tipoblog\/2016\/wp-content\/uploads\/2016\/08\/Captura-150x150.png\" class=\"attachment-thumbnail size-thumbnail\" alt=\"\" aria-describedby=\"gallery-1-3578\" srcset=\"https:\/\/www.catedracosgaya.com.ar\/tipoblog\/2016\/wp-content\/uploads\/2016\/08\/Captura-150x150.png 150w, https:\/\/www.catedracosgaya.com.ar\/tipoblog\/2016\/wp-content\/uploads\/2016\/08\/Captura-55x55.png 55w\" sizes=\"auto, (max-width: 150px) 100vw, 150px\" \/><\/a>\n\t\t\t<\/div>\n\t\t\t\t<figcaption class='wp-caption-text gallery-caption' id='gallery-1-3578'>\n\t\t\t\tPagina de internet\n\t\t\t\t<\/figcaption><\/figure><figure class='gallery-item'>\n\t\t\t<div class='gallery-icon landscape'>\n\t\t\t\t<a href='https:\/\/www.catedracosgaya.com.ar\/tipoblog\/2016\/el-arte-como-un-sistema\/cddghgd\/'><img loading=\"lazy\" decoding=\"async\" width=\"150\" height=\"150\" src=\"https:\/\/www.catedracosgaya.com.ar\/tipoblog\/2016\/wp-content\/uploads\/2016\/08\/cddghgd-150x150.png\" class=\"attachment-thumbnail size-thumbnail\" alt=\"\" aria-describedby=\"gallery-1-3579\" srcset=\"https:\/\/www.catedracosgaya.com.ar\/tipoblog\/2016\/wp-content\/uploads\/2016\/08\/cddghgd-150x150.png 150w, https:\/\/www.catedracosgaya.com.ar\/tipoblog\/2016\/wp-content\/uploads\/2016\/08\/cddghgd-55x55.png 55w\" sizes=\"auto, (max-width: 150px) 100vw, 150px\" \/><\/a>\n\t\t\t<\/div>\n\t\t\t\t<figcaption class='wp-caption-text gallery-caption' id='gallery-1-3579'>\n\t\t\t\tMacchi\n\t\t\t\t<\/figcaption><\/figure><figure class='gallery-item'>\n\t\t\t<div class='gallery-icon landscape'>\n\t\t\t\t<a href='https:\/\/www.catedracosgaya.com.ar\/tipoblog\/2016\/el-arte-como-un-sistema\/gfhfdhfdh\/'><img loading=\"lazy\" decoding=\"async\" width=\"150\" height=\"150\" src=\"https:\/\/www.catedracosgaya.com.ar\/tipoblog\/2016\/wp-content\/uploads\/2016\/08\/gfhfdhfdh-150x150.png\" class=\"attachment-thumbnail size-thumbnail\" alt=\"\" aria-describedby=\"gallery-1-3582\" srcset=\"https:\/\/www.catedracosgaya.com.ar\/tipoblog\/2016\/wp-content\/uploads\/2016\/08\/gfhfdhfdh-150x150.png 150w, https:\/\/www.catedracosgaya.com.ar\/tipoblog\/2016\/wp-content\/uploads\/2016\/08\/gfhfdhfdh-55x55.png 55w\" sizes=\"auto, (max-width: 150px) 100vw, 150px\" \/><\/a>\n\t\t\t<\/div>\n\t\t\t\t<figcaption class='wp-caption-text gallery-caption' id='gallery-1-3582'>\n\t\t\t\tTumblr\n\t\t\t\t<\/figcaption><\/figure><figure class='gallery-item'>\n\t\t\t<div class='gallery-icon portrait'>\n\t\t\t\t<a href='https:\/\/www.catedracosgaya.com.ar\/tipoblog\/2016\/el-arte-como-un-sistema\/ghgdhd\/'><img loading=\"lazy\" decoding=\"async\" width=\"150\" height=\"150\" src=\"https:\/\/www.catedracosgaya.com.ar\/tipoblog\/2016\/wp-content\/uploads\/2016\/08\/ghgdhd-150x150.png\" class=\"attachment-thumbnail size-thumbnail\" alt=\"\" aria-describedby=\"gallery-1-3583\" srcset=\"https:\/\/www.catedracosgaya.com.ar\/tipoblog\/2016\/wp-content\/uploads\/2016\/08\/ghgdhd-150x150.png 150w, https:\/\/www.catedracosgaya.com.ar\/tipoblog\/2016\/wp-content\/uploads\/2016\/08\/ghgdhd-55x55.png 55w\" sizes=\"auto, (max-width: 150px) 100vw, 150px\" \/><\/a>\n\t\t\t<\/div>\n\t\t\t\t<figcaption class='wp-caption-text gallery-caption' id='gallery-1-3583'>\n\t\t\t\tInstagram\n\t\t\t\t<\/figcaption><\/figure><figure class='gallery-item'>\n\t\t\t<div class='gallery-icon landscape'>\n\t\t\t\t<a href='https:\/\/www.catedracosgaya.com.ar\/tipoblog\/2016\/el-arte-como-un-sistema\/htdhtdh\/'><img loading=\"lazy\" decoding=\"async\" width=\"150\" height=\"150\" src=\"https:\/\/www.catedracosgaya.com.ar\/tipoblog\/2016\/wp-content\/uploads\/2016\/08\/htdhtdh-150x150.png\" class=\"attachment-thumbnail size-thumbnail\" alt=\"\" aria-describedby=\"gallery-1-3584\" srcset=\"https:\/\/www.catedracosgaya.com.ar\/tipoblog\/2016\/wp-content\/uploads\/2016\/08\/htdhtdh-150x150.png 150w, https:\/\/www.catedracosgaya.com.ar\/tipoblog\/2016\/wp-content\/uploads\/2016\/08\/htdhtdh-55x55.png 55w\" sizes=\"auto, (max-width: 150px) 100vw, 150px\" \/><\/a>\n\t\t\t<\/div>\n\t\t\t\t<figcaption class='wp-caption-text gallery-caption' id='gallery-1-3584'>\n\t\t\t\tPagina de internet\n\t\t\t\t<\/figcaption><\/figure><figure class='gallery-item'>\n\t\t\t<div class='gallery-icon landscape'>\n\t\t\t\t<a href='https:\/\/www.catedracosgaya.com.ar\/tipoblog\/2016\/el-arte-como-un-sistema\/internet\/'><img loading=\"lazy\" decoding=\"async\" width=\"150\" height=\"150\" src=\"https:\/\/www.catedracosgaya.com.ar\/tipoblog\/2016\/wp-content\/uploads\/2016\/08\/internet-150x150.png\" class=\"attachment-thumbnail size-thumbnail\" alt=\"\" srcset=\"https:\/\/www.catedracosgaya.com.ar\/tipoblog\/2016\/wp-content\/uploads\/2016\/08\/internet-150x150.png 150w, https:\/\/www.catedracosgaya.com.ar\/tipoblog\/2016\/wp-content\/uploads\/2016\/08\/internet-55x55.png 55w\" sizes=\"auto, (max-width: 150px) 100vw, 150px\" \/><\/a>\n\t\t\t<\/div><\/figure><figure class='gallery-item'>\n\t\t\t<div class='gallery-icon portrait'>\n\t\t\t\t<a href='https:\/\/www.catedracosgaya.com.ar\/tipoblog\/2016\/el-arte-como-un-sistema\/pagina\/'><img loading=\"lazy\" decoding=\"async\" width=\"150\" height=\"150\" src=\"https:\/\/www.catedracosgaya.com.ar\/tipoblog\/2016\/wp-content\/uploads\/2016\/08\/pagina-150x150.png\" class=\"attachment-thumbnail size-thumbnail\" alt=\"\" aria-describedby=\"gallery-1-3586\" srcset=\"https:\/\/www.catedracosgaya.com.ar\/tipoblog\/2016\/wp-content\/uploads\/2016\/08\/pagina-150x150.png 150w, https:\/\/www.catedracosgaya.com.ar\/tipoblog\/2016\/wp-content\/uploads\/2016\/08\/pagina-55x55.png 55w\" sizes=\"auto, (max-width: 150px) 100vw, 150px\" \/><\/a>\n\t\t\t<\/div>\n\t\t\t\t<figcaption class='wp-caption-text gallery-caption' id='gallery-1-3586'>\n\t\t\t\tMuestra de exposiciones\n\t\t\t\t<\/figcaption><\/figure><figure class='gallery-item'>\n\t\t\t<div class='gallery-icon landscape'>\n\t\t\t\t<a href='https:\/\/www.catedracosgaya.com.ar\/tipoblog\/2016\/el-arte-como-un-sistema\/youtube\/'><img loading=\"lazy\" decoding=\"async\" width=\"150\" height=\"150\" src=\"https:\/\/www.catedracosgaya.com.ar\/tipoblog\/2016\/wp-content\/uploads\/2016\/08\/youtube-150x150.png\" class=\"attachment-thumbnail size-thumbnail\" alt=\"\" aria-describedby=\"gallery-1-3587\" srcset=\"https:\/\/www.catedracosgaya.com.ar\/tipoblog\/2016\/wp-content\/uploads\/2016\/08\/youtube-150x150.png 150w, https:\/\/www.catedracosgaya.com.ar\/tipoblog\/2016\/wp-content\/uploads\/2016\/08\/youtube-55x55.png 55w\" sizes=\"auto, (max-width: 150px) 100vw, 150px\" \/><\/a>\n\t\t\t<\/div>\n\t\t\t\t<figcaption class='wp-caption-text gallery-caption' id='gallery-1-3587'>\n\t\t\t\tYoutube\n\t\t\t\t<\/figcaption><\/figure><figure class='gallery-item'>\n\t\t\t<div class='gallery-icon landscape'>\n\t\t\t\t<a href='https:\/\/www.catedracosgaya.com.ar\/tipoblog\/2016\/el-arte-como-un-sistema\/dhdhdhd\/'><img loading=\"lazy\" decoding=\"async\" width=\"150\" height=\"150\" src=\"https:\/\/www.catedracosgaya.com.ar\/tipoblog\/2016\/wp-content\/uploads\/2016\/08\/dhdhdhd-150x150.png\" class=\"attachment-thumbnail size-thumbnail\" alt=\"\" aria-describedby=\"gallery-1-3580\" srcset=\"https:\/\/www.catedracosgaya.com.ar\/tipoblog\/2016\/wp-content\/uploads\/2016\/08\/dhdhdhd-150x150.png 150w, https:\/\/www.catedracosgaya.com.ar\/tipoblog\/2016\/wp-content\/uploads\/2016\/08\/dhdhdhd-55x55.png 55w\" sizes=\"auto, (max-width: 150px) 100vw, 150px\" \/><\/a>\n\t\t\t<\/div>\n\t\t\t\t<figcaption class='wp-caption-text gallery-caption' id='gallery-1-3580'>\n\t\t\t\tAndujar\n\t\t\t\t<\/figcaption><\/figure>\n\t\t<\/div>\n\n<p><em>Folleter\u00eda:<\/em><\/p>\n<div id='gallery-2' class='gallery galleryid-3576 gallery-columns-3 gallery-size-thumbnail'><figure class='gallery-item'>\n\t\t\t<div class='gallery-icon landscape'>\n\t\t\t\t<a href='https:\/\/www.catedracosgaya.com.ar\/tipoblog\/2016\/el-arte-como-un-sistema\/14087161_10210311165834394_1136489225_o\/'><img loading=\"lazy\" decoding=\"async\" width=\"150\" height=\"150\" src=\"https:\/\/www.catedracosgaya.com.ar\/tipoblog\/2016\/wp-content\/uploads\/2016\/08\/14087161_10210311165834394_1136489225_o-150x150.jpg\" class=\"attachment-thumbnail size-thumbnail\" alt=\"\" srcset=\"https:\/\/www.catedracosgaya.com.ar\/tipoblog\/2016\/wp-content\/uploads\/2016\/08\/14087161_10210311165834394_1136489225_o-150x150.jpg 150w, https:\/\/www.catedracosgaya.com.ar\/tipoblog\/2016\/wp-content\/uploads\/2016\/08\/14087161_10210311165834394_1136489225_o-55x55.jpg 55w\" sizes=\"auto, (max-width: 150px) 100vw, 150px\" \/><\/a>\n\t\t\t<\/div><\/figure><figure class='gallery-item'>\n\t\t\t<div class='gallery-icon landscape'>\n\t\t\t\t<a href='https:\/\/www.catedracosgaya.com.ar\/tipoblog\/2016\/el-arte-como-un-sistema\/14074958_10210311166354407_1727072257_o\/'><img loading=\"lazy\" decoding=\"async\" width=\"150\" height=\"150\" src=\"https:\/\/www.catedracosgaya.com.ar\/tipoblog\/2016\/wp-content\/uploads\/2016\/08\/14074958_10210311166354407_1727072257_o-150x150.jpg\" class=\"attachment-thumbnail size-thumbnail\" alt=\"\" srcset=\"https:\/\/www.catedracosgaya.com.ar\/tipoblog\/2016\/wp-content\/uploads\/2016\/08\/14074958_10210311166354407_1727072257_o-150x150.jpg 150w, https:\/\/www.catedracosgaya.com.ar\/tipoblog\/2016\/wp-content\/uploads\/2016\/08\/14074958_10210311166354407_1727072257_o-55x55.jpg 55w\" sizes=\"auto, (max-width: 150px) 100vw, 150px\" \/><\/a>\n\t\t\t<\/div><\/figure><figure class='gallery-item'>\n\t\t\t<div class='gallery-icon landscape'>\n\t\t\t\t<a href='https:\/\/www.catedracosgaya.com.ar\/tipoblog\/2016\/el-arte-como-un-sistema\/14074614_10210311165714391_1177932155_o\/'><img loading=\"lazy\" decoding=\"async\" width=\"150\" height=\"150\" src=\"https:\/\/www.catedracosgaya.com.ar\/tipoblog\/2016\/wp-content\/uploads\/2016\/08\/14074614_10210311165714391_1177932155_o-150x150.jpg\" class=\"attachment-thumbnail size-thumbnail\" alt=\"\" srcset=\"https:\/\/www.catedracosgaya.com.ar\/tipoblog\/2016\/wp-content\/uploads\/2016\/08\/14074614_10210311165714391_1177932155_o-150x150.jpg 150w, https:\/\/www.catedracosgaya.com.ar\/tipoblog\/2016\/wp-content\/uploads\/2016\/08\/14074614_10210311165714391_1177932155_o-55x55.jpg 55w\" sizes=\"auto, (max-width: 150px) 100vw, 150px\" \/><\/a>\n\t\t\t<\/div><\/figure><figure class='gallery-item'>\n\t\t\t<div class='gallery-icon landscape'>\n\t\t\t\t<a href='https:\/\/www.catedracosgaya.com.ar\/tipoblog\/2016\/el-arte-como-un-sistema\/14060278_10210311165994398_2085012454_o\/'><img loading=\"lazy\" decoding=\"async\" width=\"150\" height=\"150\" src=\"https:\/\/www.catedracosgaya.com.ar\/tipoblog\/2016\/wp-content\/uploads\/2016\/08\/14060278_10210311165994398_2085012454_o-150x150.jpg\" class=\"attachment-thumbnail size-thumbnail\" alt=\"\" srcset=\"https:\/\/www.catedracosgaya.com.ar\/tipoblog\/2016\/wp-content\/uploads\/2016\/08\/14060278_10210311165994398_2085012454_o-150x150.jpg 150w, https:\/\/www.catedracosgaya.com.ar\/tipoblog\/2016\/wp-content\/uploads\/2016\/08\/14060278_10210311165994398_2085012454_o-55x55.jpg 55w\" sizes=\"auto, (max-width: 150px) 100vw, 150px\" \/><\/a>\n\t\t\t<\/div><\/figure><figure class='gallery-item'>\n\t\t\t<div class='gallery-icon landscape'>\n\t\t\t\t<a href='https:\/\/www.catedracosgaya.com.ar\/tipoblog\/2016\/el-arte-como-un-sistema\/14059972_10210311166114401_1416263123_o\/'><img loading=\"lazy\" decoding=\"async\" width=\"150\" height=\"150\" src=\"https:\/\/www.catedracosgaya.com.ar\/tipoblog\/2016\/wp-content\/uploads\/2016\/08\/14059972_10210311166114401_1416263123_o-150x150.jpg\" class=\"attachment-thumbnail size-thumbnail\" alt=\"\" srcset=\"https:\/\/www.catedracosgaya.com.ar\/tipoblog\/2016\/wp-content\/uploads\/2016\/08\/14059972_10210311166114401_1416263123_o-150x150.jpg 150w, https:\/\/www.catedracosgaya.com.ar\/tipoblog\/2016\/wp-content\/uploads\/2016\/08\/14059972_10210311166114401_1416263123_o-55x55.jpg 55w\" sizes=\"auto, (max-width: 150px) 100vw, 150px\" \/><\/a>\n\t\t\t<\/div><\/figure><figure class='gallery-item'>\n\t\t\t<div class='gallery-icon portrait'>\n\t\t\t\t<a href='https:\/\/www.catedracosgaya.com.ar\/tipoblog\/2016\/el-arte-como-un-sistema\/14037902_10210311166394408_1584844274_o\/'><img loading=\"lazy\" decoding=\"async\" width=\"150\" height=\"150\" src=\"https:\/\/www.catedracosgaya.com.ar\/tipoblog\/2016\/wp-content\/uploads\/2016\/08\/14037902_10210311166394408_1584844274_o-150x150.jpg\" class=\"attachment-thumbnail size-thumbnail\" alt=\"\" srcset=\"https:\/\/www.catedracosgaya.com.ar\/tipoblog\/2016\/wp-content\/uploads\/2016\/08\/14037902_10210311166394408_1584844274_o-150x150.jpg 150w, https:\/\/www.catedracosgaya.com.ar\/tipoblog\/2016\/wp-content\/uploads\/2016\/08\/14037902_10210311166394408_1584844274_o-55x55.jpg 55w\" sizes=\"auto, (max-width: 150px) 100vw, 150px\" \/><\/a>\n\t\t\t<\/div><\/figure><figure class='gallery-item'>\n\t\t\t<div class='gallery-icon landscape'>\n\t\t\t\t<a href='https:\/\/www.catedracosgaya.com.ar\/tipoblog\/2016\/el-arte-como-un-sistema\/14012968_10210311165754392_977751594_o\/'><img loading=\"lazy\" decoding=\"async\" width=\"150\" height=\"150\" src=\"https:\/\/www.catedracosgaya.com.ar\/tipoblog\/2016\/wp-content\/uploads\/2016\/08\/14012968_10210311165754392_977751594_o-150x150.jpg\" class=\"attachment-thumbnail size-thumbnail\" alt=\"\" srcset=\"https:\/\/www.catedracosgaya.com.ar\/tipoblog\/2016\/wp-content\/uploads\/2016\/08\/14012968_10210311165754392_977751594_o-150x150.jpg 150w, https:\/\/www.catedracosgaya.com.ar\/tipoblog\/2016\/wp-content\/uploads\/2016\/08\/14012968_10210311165754392_977751594_o-55x55.jpg 55w\" sizes=\"auto, (max-width: 150px) 100vw, 150px\" \/><\/a>\n\t\t\t<\/div><\/figure><figure class='gallery-item'>\n\t\t\t<div class='gallery-icon landscape'>\n\t\t\t\t<a href='https:\/\/www.catedracosgaya.com.ar\/tipoblog\/2016\/el-arte-como-un-sistema\/14037780_10210311166274405_333231585_o\/'><img loading=\"lazy\" decoding=\"async\" width=\"150\" height=\"150\" src=\"https:\/\/www.catedracosgaya.com.ar\/tipoblog\/2016\/wp-content\/uploads\/2016\/08\/14037780_10210311166274405_333231585_o-150x150.jpg\" class=\"attachment-thumbnail size-thumbnail\" alt=\"\" srcset=\"https:\/\/www.catedracosgaya.com.ar\/tipoblog\/2016\/wp-content\/uploads\/2016\/08\/14037780_10210311166274405_333231585_o-150x150.jpg 150w, https:\/\/www.catedracosgaya.com.ar\/tipoblog\/2016\/wp-content\/uploads\/2016\/08\/14037780_10210311166274405_333231585_o-55x55.jpg 55w\" sizes=\"auto, (max-width: 150px) 100vw, 150px\" \/><\/a>\n\t\t\t<\/div><\/figure><figure class='gallery-item'>\n\t\t\t<div class='gallery-icon landscape'>\n\t\t\t\t<a href='https:\/\/www.catedracosgaya.com.ar\/tipoblog\/2016\/el-arte-como-un-sistema\/14037822_10210311166514411_1670071033_o\/'><img loading=\"lazy\" decoding=\"async\" width=\"150\" height=\"150\" src=\"https:\/\/www.catedracosgaya.com.ar\/tipoblog\/2016\/wp-content\/uploads\/2016\/08\/14037822_10210311166514411_1670071033_o-150x150.jpg\" class=\"attachment-thumbnail size-thumbnail\" alt=\"\" srcset=\"https:\/\/www.catedracosgaya.com.ar\/tipoblog\/2016\/wp-content\/uploads\/2016\/08\/14037822_10210311166514411_1670071033_o-150x150.jpg 150w, https:\/\/www.catedracosgaya.com.ar\/tipoblog\/2016\/wp-content\/uploads\/2016\/08\/14037822_10210311166514411_1670071033_o-55x55.jpg 55w\" sizes=\"auto, (max-width: 150px) 100vw, 150px\" \/><\/a>\n\t\t\t<\/div><\/figure>\n\t\t<\/div>\n\n<p>&nbsp;<\/p>\n<p>&nbsp;<\/p>\n<p>&nbsp;<\/p>\n<p>&nbsp;<\/p>\n<p>&nbsp;<\/p>\n","protected":false},"excerpt":{"rendered":"<p>Cuando hablamos de sistema gr\u00e1fico, hablamos de las partes de un todo. pero no solo de sus partes si no de su lenguaje gr\u00e1fico. Si una de sus partes no hablara el mismo idioma dejar\u00eda de formar parte del mismo. En este ensayo se hablara del sistema grafico planteado en el Malba de una muestra de Claudia Andujar, llamado &#8220;MARCADOS&#8221; y Jorge Macchi &#8220;PERSPECTIVA&#8221;. Dando un paneo a sus gr\u00e1ficas, como interviene los textos en la muestra y sus folletos, en Internet (pagina web del MALBA o facebook) y pancartas publicitarias. Como todo esto logra formar un sistema sin despegarse con las dem\u00e1s muestras. <\/p>\n","protected":false},"author":87,"featured_media":3613,"comment_status":"closed","ping_status":"closed","sticky":false,"template":"","format":"standard","meta":{"jetpack_post_was_ever_published":false,"_jetpack_newsletter_access":"","_jetpack_dont_email_post_to_subs":false,"_jetpack_newsletter_tier_id":0,"_jetpack_memberships_contains_paywalled_content":false,"_jetpack_memberships_contains_paid_content":false,"footnotes":"","jetpack_publicize_message":"El arte como un sistema  #\u200eTipoblog #Tipograf&iacute;a2 #C&aacute;tedraCosgaya #\u200eFADU #\u200eUBA","jetpack_publicize_feature_enabled":true,"jetpack_social_post_already_shared":true,"jetpack_social_options":{"image_generator_settings":{"template":"highway","default_image_id":0,"font":"","enabled":false},"version":2}},"categories":[22],"tags":[20,39,52,41,23],"class_list":["post-3576","post","type-post","status-publish","format-standard","has-post-thumbnail","hentry","category-sistemas","tag-combinacion","tag-composicion","tag-formato","tag-libro-de-artista","tag-sistemas-2"],"jetpack_publicize_connections":[],"jetpack_featured_media_url":"https:\/\/www.catedracosgaya.com.ar\/tipoblog\/2016\/wp-content\/uploads\/2016\/08\/Claudia-Andujar_Serie-Marcados-03.jpg","jetpack_shortlink":"https:\/\/wp.me\/p7yOIN-VG","jetpack_sharing_enabled":true,"_links":{"self":[{"href":"https:\/\/www.catedracosgaya.com.ar\/tipoblog\/2016\/wp-json\/wp\/v2\/posts\/3576","targetHints":{"allow":["GET"]}}],"collection":[{"href":"https:\/\/www.catedracosgaya.com.ar\/tipoblog\/2016\/wp-json\/wp\/v2\/posts"}],"about":[{"href":"https:\/\/www.catedracosgaya.com.ar\/tipoblog\/2016\/wp-json\/wp\/v2\/types\/post"}],"author":[{"embeddable":true,"href":"https:\/\/www.catedracosgaya.com.ar\/tipoblog\/2016\/wp-json\/wp\/v2\/users\/87"}],"replies":[{"embeddable":true,"href":"https:\/\/www.catedracosgaya.com.ar\/tipoblog\/2016\/wp-json\/wp\/v2\/comments?post=3576"}],"version-history":[{"count":0,"href":"https:\/\/www.catedracosgaya.com.ar\/tipoblog\/2016\/wp-json\/wp\/v2\/posts\/3576\/revisions"}],"wp:featuredmedia":[{"embeddable":true,"href":"https:\/\/www.catedracosgaya.com.ar\/tipoblog\/2016\/wp-json\/wp\/v2\/media\/3613"}],"wp:attachment":[{"href":"https:\/\/www.catedracosgaya.com.ar\/tipoblog\/2016\/wp-json\/wp\/v2\/media?parent=3576"}],"wp:term":[{"taxonomy":"category","embeddable":true,"href":"https:\/\/www.catedracosgaya.com.ar\/tipoblog\/2016\/wp-json\/wp\/v2\/categories?post=3576"},{"taxonomy":"post_tag","embeddable":true,"href":"https:\/\/www.catedracosgaya.com.ar\/tipoblog\/2016\/wp-json\/wp\/v2\/tags?post=3576"}],"curies":[{"name":"wp","href":"https:\/\/api.w.org\/{rel}","templated":true}]}}