{"id":3565,"date":"2016-08-17T03:08:51","date_gmt":"2016-08-17T03:08:51","guid":{"rendered":"http:\/\/www.catedracosgaya.com.ar\/tipoblog\/2016\/?p=3565"},"modified":"2016-08-17T03:11:49","modified_gmt":"2016-08-17T03:11:49","slug":"por-donde-empezar","status":"publish","type":"post","link":"https:\/\/www.catedracosgaya.com.ar\/tipoblog\/2016\/por-donde-empezar\/","title":{"rendered":"\u00bfPor d\u00f3nde empezar?"},"content":{"rendered":"<p>Un sistema es un todo organizado que est\u00e1 compuesto por partes que se relacionan entre s\u00ed, con constantes y variables, donde cada una de ellas cumple una funci\u00f3n determinada. De manera tal que un cambio en una de las partes afecta al conjunto de todo el sistema. Para poder dise\u00f1ar un sistema es necesario conocer cada uno de los elementos que intervienen en \u00e9ste y las relaciones que existen entre ellos.<\/p>\n<p>Al leer la ficha del ejercicio nos encontramos con un primer paso para poder empezar a pensar un sistema gr\u00e1fico. Comenzamos por el qu\u00e9, el cu\u00e1ndo, d\u00f3nde, su identidad.<br \/>\nEn un principio, se suele plantear el problema, pensamos qu\u00e9 tema vamos a abarcar,<em> qu\u00e9<\/em> queremos transmitir, qu\u00e9 objetivo queremos lograr. Luego, pensamos <em>c\u00f3mo<\/em> lo vamos a transmitir, mediante qu\u00e9 recursos y por \u00faltimo, para <em>qui\u00e9nes<\/em> va dirigido, y en este caso que es un evento social, <em>d\u00f3nde<\/em> y <em>cu\u00e1ndo<\/em> va a transcurrir. Bruno Munari en su libro &#8220;<em><a href=\"http:\/\/frrq.cvg.utn.edu.ar\/pluginfile.php\/3723\/mod_resource\/content\/0\/como_nacen_los_objetos_bruno_munari.pdf\">C\u00f3mo nacen los objetos<\/a>&#8220;<\/em>\u00a0nos da un ejemplo sobre esto:<\/p>\n<blockquote><p><em>&#8221; Supongamos que el problema consista en proyectar una l\u00e1mpara, habr\u00e1 que definir si se trata de una l\u00e1mpara de sobremesa o de aplique, de estudio o de trabajo, para una sala o para un dormitorio. Si esta l\u00e1mpara tendr\u00e1 que ser de incandescencia o fluorescente o de luz diurna o de otra cosa. Si tiene que tener un precio limite, si va a ser distribuida en los grandes almacenes, si deber\u00e1 ser desmontable o plegable, si deber\u00e1 llevar un termostato para regular la intensidad luminosa, y cosas por el estilo.&#8221;<\/em><\/p><\/blockquote>\n<p><span style=\"line-height: 1.5\">La l\u00e1mpara es nuestro evento social, hay que pensar qu\u00e9 tipo de evento es, para qui\u00e9n va dirigido, en que contexto ocurrir\u00e1, c\u00f3mo ser\u00e1.<\/span><\/p>\n<p>La idea de identidad est\u00e1 formada por aquellas caracter\u00edsticas que definen lo que queremos contar, al mismo tiempo las hacen singulares. Cada cosa esta dotada de factores que le son propios y gracias a los cuales las distinguimos y somos capaces de almacenarlas en la memoria. Hay que lograr que la misma sea reconocible, que tenga pregnancia a trav\u00e9s de los elementos que la componen. En este caso, los recursos gr\u00e1ficos, las combinaciones tipogr\u00e1ficas, si es que la hay, la manera en que organizamos la informaci\u00f3n, las miscel\u00e1neas, la paleta crom\u00e1tica, c\u00f3mo planteamos la tipograf\u00eda. Un elemento que es parte de la identidad, es el logotipo. Es la imagen alrededor de la cual se va a generar todo un sistema de asociaciones mentales relacionadas con la entidad. El logotipo est\u00e1 compuesto por dos elementos, la forma verbal y la forma visual. Ser\u00e1 algo propio que la caracterizar\u00e1 y ayudar\u00e1 a establecer su reconocimiento en la mente de las personas. Los logotipos deben ser visibles y reconocibles. Es un signo representativo cuya sola visualizaci\u00f3n debe ser suficiente para la identificaci\u00f3n inmediata de la entidad. Debe ser f\u00e1cilmente memorizable y capaz de ser diferenciado r\u00e1pidamente.<\/p>\n<p>Debemos hacer todo el relevamiento posible para as\u00ed tener informaci\u00f3n para poder organizar y editar. As\u00ed, podremos empezar a pensar las diferentes piezas, que con sus variantes y constantes, conformar\u00e1n un sistema.<\/p>\n<p><img loading=\"lazy\" decoding=\"async\" class=\"aligncenter wp-image-3568 size-full\" src=\"http:\/\/www.catedracosgaya.com.ar\/tipoblog\/2016\/wp-content\/uploads\/2016\/08\/06ded4cc15732778ec5aa02de4cdddfe.jpg\" alt=\"06ded4cc15732778ec5aa02de4cdddfe\" width=\"564\" height=\"3290\" \/><\/p>\n<p>&nbsp;<\/p>\n<p><em><strong>Fuentes consultadas:<\/strong><\/em><\/p>\n<p><em>&#8220;C\u00f3mo nacen los objetos&#8221; &#8211; Bruno Munari\u00a0<\/em><br \/>\n<em>&#8220;Dise\u00f1o e identidad visual&#8221; &#8211; Eugenio Vega<\/em><\/p>\n","protected":false},"excerpt":{"rendered":"<p>\u00bfQu\u00e9? \u00bfCu\u00e1ndo? \u00bfD\u00f3nde?<\/p>\n","protected":false},"author":81,"featured_media":3570,"comment_status":"closed","ping_status":"closed","sticky":false,"template":"","format":"standard","meta":{"jetpack_post_was_ever_published":false,"_jetpack_newsletter_access":"","_jetpack_dont_email_post_to_subs":false,"_jetpack_newsletter_tier_id":0,"_jetpack_memberships_contains_paywalled_content":false,"_jetpack_memberships_contains_paid_content":false,"footnotes":"","jetpack_publicize_message":"\u00bfPor d\u00f3nde empezar?  #\u200eTipoblog #Tipograf&iacute;a2 #C&aacute;tedraCosgaya #\u200eFADU #\u200eUBA","jetpack_publicize_feature_enabled":true,"jetpack_social_post_already_shared":true,"jetpack_social_options":{"image_generator_settings":{"template":"highway","default_image_id":0,"font":"","enabled":false},"version":2}},"categories":[22],"tags":[],"class_list":["post-3565","post","type-post","status-publish","format-standard","has-post-thumbnail","hentry","category-sistemas"],"jetpack_publicize_connections":[],"jetpack_featured_media_url":"https:\/\/www.catedracosgaya.com.ar\/tipoblog\/2016\/wp-content\/uploads\/2016\/08\/1.jpg","jetpack_shortlink":"https:\/\/wp.me\/p7yOIN-Vv","jetpack_sharing_enabled":true,"_links":{"self":[{"href":"https:\/\/www.catedracosgaya.com.ar\/tipoblog\/2016\/wp-json\/wp\/v2\/posts\/3565","targetHints":{"allow":["GET"]}}],"collection":[{"href":"https:\/\/www.catedracosgaya.com.ar\/tipoblog\/2016\/wp-json\/wp\/v2\/posts"}],"about":[{"href":"https:\/\/www.catedracosgaya.com.ar\/tipoblog\/2016\/wp-json\/wp\/v2\/types\/post"}],"author":[{"embeddable":true,"href":"https:\/\/www.catedracosgaya.com.ar\/tipoblog\/2016\/wp-json\/wp\/v2\/users\/81"}],"replies":[{"embeddable":true,"href":"https:\/\/www.catedracosgaya.com.ar\/tipoblog\/2016\/wp-json\/wp\/v2\/comments?post=3565"}],"version-history":[{"count":0,"href":"https:\/\/www.catedracosgaya.com.ar\/tipoblog\/2016\/wp-json\/wp\/v2\/posts\/3565\/revisions"}],"wp:featuredmedia":[{"embeddable":true,"href":"https:\/\/www.catedracosgaya.com.ar\/tipoblog\/2016\/wp-json\/wp\/v2\/media\/3570"}],"wp:attachment":[{"href":"https:\/\/www.catedracosgaya.com.ar\/tipoblog\/2016\/wp-json\/wp\/v2\/media?parent=3565"}],"wp:term":[{"taxonomy":"category","embeddable":true,"href":"https:\/\/www.catedracosgaya.com.ar\/tipoblog\/2016\/wp-json\/wp\/v2\/categories?post=3565"},{"taxonomy":"post_tag","embeddable":true,"href":"https:\/\/www.catedracosgaya.com.ar\/tipoblog\/2016\/wp-json\/wp\/v2\/tags?post=3565"}],"curies":[{"name":"wp","href":"https:\/\/api.w.org\/{rel}","templated":true}]}}