{"id":3422,"date":"2016-07-07T16:25:51","date_gmt":"2016-07-07T16:25:51","guid":{"rendered":"http:\/\/www.catedracosgaya.com.ar\/tipoblog\/2016\/?p=3422"},"modified":"2016-07-07T16:44:17","modified_gmt":"2016-07-07T16:44:17","slug":"gil-melle-elige-tu-propio-vinilo","status":"publish","type":"post","link":"https:\/\/www.catedracosgaya.com.ar\/tipoblog\/2016\/gil-melle-elige-tu-propio-vinilo\/","title":{"rendered":"Gil Mell\u00e9: elige tu propio vinilo"},"content":{"rendered":"<p>Cuando comenc\u00e9 a investigar sobre vinilos, particularmente de mi d\u00e9cada asignada, los 50, me sorprend\u00ed al ver una variedad incre\u00edble de posibilidades para las tapas. Realmente cre\u00ed que iban a ser m\u00e1s chatas, o por lo menos completamente basadas en la fotograf\u00eda. Asum\u00eda esto ya que la producci\u00f3n de tapas de vinilos como norma, gracias al dise\u00f1ador gr\u00e1fico <a href=\"https:\/\/en.wikipedia.org\/wiki\/Alex_Steinweiss\">Alex Steinweiss<\/a>, ten\u00eda para ese momento la joven vida de 12 a\u00f1os. Seguramente la idea de identificar la m\u00fasica con quienes la creaban mediante la portada de los discos, estar\u00eda fresca.<\/p>\n<p>Varios nombres se repet\u00edan muchas veces: <a href=\"https:\/\/www.google.com.ar\/search?q=reid+miles&amp;source=lnms&amp;tbm=isch&amp;sa=X&amp;ved=0ahUKEwjXgdWG3uHNAhUDQpAKHTlVANkQ_AUICCgB&amp;biw=1242&amp;bih=585\">Reid Miles<\/a>, <a href=\"https:\/\/www.google.com.ar\/search?q=john+hermansader&amp;espv=2&amp;biw=1242&amp;bih=585&amp;source=lnms&amp;tbm=isch&amp;sa=X&amp;ved=0ahUKEwjc_raJ3uHNAhUMj5AKHT9yAvgQ_AUIBigB#tbm=isch&amp;q=john+hermansader+art+cover\">John Hermansader<\/a>, <a href=\"https:\/\/www.google.com.ar\/search?q=john+hermansader&amp;espv=2&amp;biw=1242&amp;bih=585&amp;source=lnms&amp;tbm=isch&amp;sa=X&amp;ved=0ahUKEwjc_raJ3uHNAhUMj5AKHT9yAvgQ_AUIBigB#tbm=isch&amp;q=paul+bacon+vinyl+art+cover\">Paul Bacon<\/a>, <a href=\"https:\/\/www.google.com.ar\/search?q=neil+fujita&amp;espv=2&amp;biw=1242&amp;bih=585&amp;source=lnms&amp;tbm=isch&amp;sa=X&amp;ved=0ahUKEwj607aZ3uHNAhXCGpAKHa2ICX8Q_AUIBigB#tbm=isch&amp;q=neil+fujita+art+cover\">Neil Fujita<\/a>, <a href=\"https:\/\/www.google.com.ar\/search?q=john+hermansader&amp;espv=2&amp;biw=1242&amp;bih=585&amp;source=lnms&amp;tbm=isch&amp;sa=X&amp;ved=0ahUKEwjc_raJ3uHNAhUMj5AKHT9yAvgQ_AUIBigB#tbm=isch&amp;q=david+stone+martin+art+cover\">David Stone Martin<\/a>. Hasta que encontr\u00e9 un nombre que tambi\u00e9n se repet\u00eda, pero en este caso, en las categor\u00edas tanto de m\u00fasico como de dise\u00f1ador: <strong>Gil Mell\u00e9<\/strong>.<\/p>\n<p>Gil Mell\u00e9 hab\u00eda comenzado a tocar el saxo tenor y a componer m\u00fasica en su adolescencia. Nacido (en 1931) y viviendo en Nueva Jersey pero estando tan cerca de Nueva York, apreciaba all\u00ed las producciones de jazz de m\u00fasicos como <a href=\"https:\/\/www.youtube.com\/watch?v=4BdUL_Nk4iw\">Lester Young<\/a>, <a href=\"https:\/\/www.youtube.com\/watch?v=NdK145P50mE\">Stan Getz<\/a> y <a href=\"https:\/\/www.youtube.com\/watch?v=rOWd4_UR-Ys\">Charlie Parker<\/a>.<\/p>\n<p>No pod\u00eda pagar educaci\u00f3n universitaria para perseguir sus intereses cient\u00edficos o art\u00edsticos. Pero en cambio su primera formaci\u00f3n se la dieron los discos de Duke Ellington, Thelonious Monk y Stan Kenton; y el hecho de haberse empleado en la disquera Blue Note antes de cumplir los 20 a\u00f1os.<\/p>\n<p>En dicha firma Mell\u00e9 logr\u00f3, con el aliento del ejecutivo Alfred Lion, utilizar su arte para las tapas de discos que sacaba. \u201cAlfred fue como un segundo padre para m\u00ed\u201d contaba Gil a la revista <a href=\"http:\/\/jazztimes.com\/articles\/19717-gil-mell-instrumental-inventions\">JazzTimes<\/a> \u201cMe llevaba a museos, al MOMA, al Guggenheim, a todos estos lugares a los que nunca hab\u00eda ido [\u2026] Eso cambi\u00f3 mi vida\u201d. Mell\u00e9 realiz\u00f3 adem\u00e1s, tapas para <a href=\"http:\/\/www.birkajazz.com\/graphics2\/monkPrestige7027.jpg\">Thelonious Monk<\/a>, <a href=\"http:\/\/www.birkajazz.com\/graphics2\/rollinsMJQprestige.jpg\">Sonny Rollins<\/a>, Miles Davis y <a href=\"http:\/\/www.birkajazz.com\/graphics2\/brownBN5047.jp\">Clifford Brown<\/a>,\u00a0entre otros. Sus pinturas ya hab\u00edan llegado a algunas galer\u00edas de Nueva York para fines de los 50.<\/p>\n<p>Si bien muchas de sus tapas inclu\u00edan fotograf\u00edas de los artistas, cuesti\u00f3n que como comentara anteriormente, era bastante com\u00fan en esa d\u00e9cada; ten\u00eda incursiones en otros estilos. Un\u00a0recurso que era muy utilizado en la \u00e9poca eran las ilustraciones (usualmente simplificadas), de instrumentos utilizados para la m\u00fasica del disco. Gil realiz\u00f3 una tapa siguiendo esta idea para Edmond Hall y Charlie Christian (1953), con ejes ortogonales para la tipograf\u00eda, y uno diagonal para las ilustraciones.<\/p>\n<p>&nbsp;<\/p>\n<p><img loading=\"lazy\" decoding=\"async\" class=\" wp-image-3423 aligncenter\" src=\"http:\/\/www.catedracosgaya.com.ar\/tipoblog\/2016\/wp-content\/uploads\/2016\/07\/hallBlueNote-295x300.jpg\" alt=\"hallBlueNote\" width=\"383\" height=\"360\" \/><\/p>\n<p>&nbsp;<\/p>\n<p>Para el disco New Faces \u2013 New Sounds del Gil Mell\u00e9 Quintet\/Sextet (1953), combin\u00f3 imagen, miscel\u00e1neas y tipograf\u00eda, con un uso muy interesante del color.<\/p>\n<p>&nbsp;<\/p>\n<p><img loading=\"lazy\" decoding=\"async\" class=\" wp-image-3424 aligncenter\" src=\"http:\/\/www.catedracosgaya.com.ar\/tipoblog\/2016\/wp-content\/uploads\/2016\/07\/2008_09_14_1160_edited-1-296x300.jpg\" alt=\"2008_09_14_1160_edited-1\" width=\"375\" height=\"379\" srcset=\"https:\/\/www.catedracosgaya.com.ar\/tipoblog\/2016\/wp-content\/uploads\/2016\/07\/2008_09_14_1160_edited-1-296x300.jpg 296w, https:\/\/www.catedracosgaya.com.ar\/tipoblog\/2016\/wp-content\/uploads\/2016\/07\/2008_09_14_1160_edited-1-55x55.jpg 55w, https:\/\/www.catedracosgaya.com.ar\/tipoblog\/2016\/wp-content\/uploads\/2016\/07\/2008_09_14_1160_edited-1.jpg 400w\" sizes=\"auto, (max-width: 375px) 100vw, 375px\" \/><\/p>\n<p>&nbsp;<\/p>\n<p>En este vinilo del Mell\u00e9 Quintet con Don Butterfield (1955), utilizando una fotograf\u00eda de Frank Wolff, quien fuera el fot\u00f3grafo de Blue Note; muestra una composici\u00f3n m\u00e1s abstracta.<\/p>\n<p>&nbsp;<\/p>\n<p><img loading=\"lazy\" decoding=\"async\" class=\" wp-image-3425 aligncenter\" src=\"http:\/\/www.catedracosgaya.com.ar\/tipoblog\/2016\/wp-content\/uploads\/2016\/07\/melleBN5063-294x300.jpg\" alt=\"melleBN5063\" width=\"363\" height=\"370\" srcset=\"https:\/\/www.catedracosgaya.com.ar\/tipoblog\/2016\/wp-content\/uploads\/2016\/07\/melleBN5063-294x300.jpg 294w, https:\/\/www.catedracosgaya.com.ar\/tipoblog\/2016\/wp-content\/uploads\/2016\/07\/melleBN5063-55x55.jpg 55w, https:\/\/www.catedracosgaya.com.ar\/tipoblog\/2016\/wp-content\/uploads\/2016\/07\/melleBN5063.jpg 450w\" sizes=\"auto, (max-width: 363px) 100vw, 363px\" \/><\/p>\n<p>&nbsp;<\/p>\n<p>Rotando a su trabajo para la disquera Prestige, un disco de The New Miles Davis Quintet (1956). Si no hubiera le\u00eddo el a\u00f1o, no habr\u00eda podido relacionar esta tapa con decisiones tan fuertes con ese momento hist\u00f3rico.<\/p>\n<p><img loading=\"lazy\" decoding=\"async\" class=\" wp-image-3426 aligncenter\" src=\"http:\/\/www.catedracosgaya.com.ar\/tipoblog\/2016\/wp-content\/uploads\/2016\/07\/davisNewQuintet-298x300.jpg\" alt=\"davisNewQuintet\" width=\"362\" height=\"367\" \/><\/p>\n<p>&nbsp;<\/p>\n<p>A medida que Gil ten\u00eda m\u00e1s herramientas para crear m\u00fasica, se daba cuenta que no le interesaba el bebop y buscaba algo m\u00e1s de sus producciones. Desde su pasaje a Prestige (para lanzar su m\u00fasica, no solo como dise\u00f1ador), comenz\u00f3 a crear sonidos <a href=\"http:\/\/es.redmp3.su\/16679661\/gil-melle-ironworks.html\">diferentes<\/a> con su cuarteto. Inici\u00f3 una exploraci\u00f3n de las posibilidades de los sintetizadores, con la ayuda de Rudy Van Gelder, ingeniero de sonido de Prestige y otro aficionado amateur a los instrumentos electr\u00f3nicos. De este modo empez\u00f3 a construir sus propias m\u00e1quinas.<\/p>\n<p>\u201cEl p\u00fablico no me entend\u00eda. \u00bfM\u00fasica electr\u00f3nica en el \u201959? Eso no era m\u00fasica [\u2026] La gente que me hab\u00eda conocido durante a\u00f1os dec\u00eda \u2018Gil s\u00f3lo est\u00e1 pasando por una fase\u2019. Yo cre\u00eda en estos sonidos completamente. Sab\u00eda que ten\u00edan que ser la m\u00fasica. Era lo que ven\u00eda\u201d.<\/p>\n","protected":false},"excerpt":{"rendered":"<p>Como John Lennon en el \u201974, Daniel Johnston en el \u201983, o Wayne Coyne de The Flaming Lips en 2002, en 1955 tambi\u00e9n hab\u00eda m\u00fasicos que hac\u00edan su propio arte de tapa. Aqu\u00ed la historia de Gil Mell\u00e9, artista, m\u00fasico de jazz y admirador de los sintetizadores.<\/p>\n","protected":false},"author":61,"featured_media":0,"comment_status":"closed","ping_status":"closed","sticky":false,"template":"","format":"standard","meta":{"jetpack_post_was_ever_published":false,"_jetpack_newsletter_access":"","_jetpack_dont_email_post_to_subs":false,"_jetpack_newsletter_tier_id":0,"_jetpack_memberships_contains_paywalled_content":false,"_jetpack_memberships_contains_paid_content":false,"footnotes":"","jetpack_publicize_message":"Gil Mell\u00e9: elige tu propio vinilo  #\u200eTipoblog #Tipograf&iacute;a2 #C&aacute;tedraCosgaya #\u200eFADU #\u200eUBA","jetpack_publicize_feature_enabled":true,"jetpack_social_post_already_shared":true,"jetpack_social_options":{"image_generator_settings":{"template":"highway","default_image_id":0,"font":"","enabled":false},"version":2}},"categories":[1,21],"tags":[],"class_list":["post-3422","post","type-post","status-publish","format-standard","hentry","category-sin-categoria","category-vinilo"],"jetpack_publicize_connections":[],"jetpack_featured_media_url":"","jetpack_shortlink":"https:\/\/wp.me\/p7yOIN-Tc","jetpack_sharing_enabled":true,"_links":{"self":[{"href":"https:\/\/www.catedracosgaya.com.ar\/tipoblog\/2016\/wp-json\/wp\/v2\/posts\/3422","targetHints":{"allow":["GET"]}}],"collection":[{"href":"https:\/\/www.catedracosgaya.com.ar\/tipoblog\/2016\/wp-json\/wp\/v2\/posts"}],"about":[{"href":"https:\/\/www.catedracosgaya.com.ar\/tipoblog\/2016\/wp-json\/wp\/v2\/types\/post"}],"author":[{"embeddable":true,"href":"https:\/\/www.catedracosgaya.com.ar\/tipoblog\/2016\/wp-json\/wp\/v2\/users\/61"}],"replies":[{"embeddable":true,"href":"https:\/\/www.catedracosgaya.com.ar\/tipoblog\/2016\/wp-json\/wp\/v2\/comments?post=3422"}],"version-history":[{"count":0,"href":"https:\/\/www.catedracosgaya.com.ar\/tipoblog\/2016\/wp-json\/wp\/v2\/posts\/3422\/revisions"}],"wp:attachment":[{"href":"https:\/\/www.catedracosgaya.com.ar\/tipoblog\/2016\/wp-json\/wp\/v2\/media?parent=3422"}],"wp:term":[{"taxonomy":"category","embeddable":true,"href":"https:\/\/www.catedracosgaya.com.ar\/tipoblog\/2016\/wp-json\/wp\/v2\/categories?post=3422"},{"taxonomy":"post_tag","embeddable":true,"href":"https:\/\/www.catedracosgaya.com.ar\/tipoblog\/2016\/wp-json\/wp\/v2\/tags?post=3422"}],"curies":[{"name":"wp","href":"https:\/\/api.w.org\/{rel}","templated":true}]}}