{"id":3405,"date":"2016-07-05T23:47:20","date_gmt":"2016-07-05T23:47:20","guid":{"rendered":"http:\/\/www.catedracosgaya.com.ar\/tipoblog\/2016\/?p=3405"},"modified":"2016-07-05T23:51:04","modified_gmt":"2016-07-05T23:51:04","slug":"la-vuelta-del-vinilo-2","status":"publish","type":"post","link":"https:\/\/www.catedracosgaya.com.ar\/tipoblog\/2016\/la-vuelta-del-vinilo-2\/","title":{"rendered":"La vuelta del Vinilo"},"content":{"rendered":"<p><img loading=\"lazy\" decoding=\"async\" class=\"wp-image-3406 aligncenter\" src=\"http:\/\/www.catedracosgaya.com.ar\/tipoblog\/2016\/wp-content\/uploads\/2016\/07\/vinilos-300x157.jpg\" alt=\"vinilos\" width=\"507\" height=\"274\" \/><\/p>\n<p>&nbsp;<\/p>\n<p>La digitalizaci\u00f3n de la industria de la m\u00fasica trajo aparejada una aut\u00e9ntica revoluci\u00f3n, que permite a millones de personas acceder a nutridos cat\u00e1logos musicales y o\u00edr y almacenar m\u00fasica en forma gratuita a trav\u00e9s de la web. Al mismo tiempo, cada vez m\u00e1s amantes de la m\u00fasica, a lo largo y ancho del globo, se inclinan por prescindir de la tecnolog\u00eda moderna y rescatar la vieja costumbre de escuchar discos anal\u00f3gicos.<\/p>\n<p>Se trata de una tendencia \u2013la vuelta del vinilo- vinculada al placer de recuperar la vieja m\u00edstica del disco y la calidad y el packaging original de algunas obras. La nueva moda ha desencadenado una movida inesperada: hay, incluso nuevos aparatos que permiten conectar el aparato con un puerto USB. Puede decirse que para muchos, hoy el vinilo es el formato de lujo de la m\u00fasica.<\/p>\n<p>Las estad\u00edsticas de la industria discogr\u00e1fica estadounidense correspondiente a la primera mitad del a\u00f1o 2013 arrojan un dato revelador: simult\u00e1neamente al descenso generalizado de las ventas de CD\u2019s \u2013-durante la primera mitad del a\u00f1o, las ventas de CD\u2019s descendieron en Estados Unidos un 14.2% respecto al mismo per\u00edodo del 2012-,\u00a0 los servicios de streaming\u00a0 registraron un crecimiento del 24% frente a los primeros seis meses del a\u00f1o pasado: todo parece indicar que el pr\u00f3ximo a\u00f1o -al menos en Estados Unidos- se vender\u00e1 m\u00e1s m\u00fasica en formato digital que en formato f\u00edsico. En ese marco, la venta de vinilos aumenta y sorprende por sus dimensiones: la venta de los discos cl\u00e1sicos aument\u00f3 en un 33.5% respecto a la primera mitad del 2012.<\/p>\n<p>Como en el resto del mundo, en la Argentina los vinilos resistieron en un primer momento desde las casas de los mel\u00f3manos y las peque\u00f1as tiendas perdidas, pero actualmente son los protagonistas de un segmento creciente de consumidores especializados, que d\u00eda tras d\u00eda son m\u00e1s codiciados por la industria discogr\u00e1fica, en el marco de un fen\u00f3meno que podr\u00eda parecer anacr\u00f3nico pero tiene su l\u00f3gica.<\/p>\n<p>Los defensores de este formato argumentan a favor del vinilo que predispone mejor a la experiencia de escuchar la obra como la pens\u00f3 el artista, que no hay artificios impuestos y que el o\u00eddo descansa entre tema y tema, y entre lado y lado. En contra de este formato podr\u00eda argumentarse que se raya m\u00e1s que el Cd y que en ese sentido hay que cuidarlo m\u00e1s.<br \/>\nEn la ya m\u00edtica disquer\u00eda porte\u00f1a Zivals dicen que las ventas de vinilo crecieron en forma notable en los \u00faltimos meses (aunque siguen representando un porcentaje menor del total de ventas del local). Los responsables del lugar sostienen que la tendencia seguir\u00e1 creciendo, aunque no se convierta en una moda masiva.<\/p>\n<p>En el mundo, buena parte de los m\u00fasicos con gran convocatoria y muchos de alcance m\u00e1s modesto hacen peque\u00f1as ediciones en vinilos \u2013muchas de ellas tambi\u00e9n incluyen bonus digitales\u2013. En la Argentina, bastante m\u00e1s a pulm\u00f3n, pero con igual entusiasmo, <strong>Charly Garc\u00eda, Gustavo Cerati, Miranda!, Babas\u00f3nicos, Divididos, Ratones Paranoicos, Los Natas, Leopoldo Federico<\/strong> junto a <strong>El Arranque, Boom Boom Kid, El Mat\u00f3 a un Polic\u00eda Motorizado y Pablo Dacal<\/strong> \u2013mediante la metodolog\u00eda de crowdfunding o donaci\u00f3n previa\u2013, entre otros, tambi\u00e9n lo hicieron.<\/p>\n<p>En s\u00edntesis, el regreso del vinilo encarna una cruzada minoritaria pero en crecimiento, lo que, en tiempos de ansiedad y sobreinformaci\u00f3n, no deja de ser una noticia inspiradora.<\/p>\n","protected":false},"excerpt":{"rendered":"<p>A la par del avance tecnol\u00f3gico, que ampl\u00eda y sofistica a\u00f1o a a\u00f1o las opciones para escuchar m\u00fasica, crece la tendencia que rescata los sonidos de los viejos tiempos y la escucha demorada: cada vez m\u00e1s personas alrededor del mundo se inclinan por comprar y coleccionar discos de pasta.<\/p>\n","protected":false},"author":63,"featured_media":0,"comment_status":"closed","ping_status":"closed","sticky":false,"template":"","format":"standard","meta":{"jetpack_post_was_ever_published":false,"_jetpack_newsletter_access":"","_jetpack_dont_email_post_to_subs":false,"_jetpack_newsletter_tier_id":0,"_jetpack_memberships_contains_paywalled_content":false,"_jetpack_memberships_contains_paid_content":false,"footnotes":"","jetpack_publicize_message":"La vuelta del Vinilo  #\u200eTipoblog #Tipograf&iacute;a2 #C&aacute;tedraCosgaya #\u200eFADU #\u200eUBA","jetpack_publicize_feature_enabled":true,"jetpack_social_post_already_shared":true,"jetpack_social_options":{"image_generator_settings":{"template":"highway","default_image_id":0,"font":"","enabled":false},"version":2}},"categories":[1],"tags":[],"class_list":["post-3405","post","type-post","status-publish","format-standard","hentry","category-sin-categoria"],"jetpack_publicize_connections":[],"jetpack_featured_media_url":"","jetpack_shortlink":"https:\/\/wp.me\/p7yOIN-SV","jetpack_sharing_enabled":true,"_links":{"self":[{"href":"https:\/\/www.catedracosgaya.com.ar\/tipoblog\/2016\/wp-json\/wp\/v2\/posts\/3405","targetHints":{"allow":["GET"]}}],"collection":[{"href":"https:\/\/www.catedracosgaya.com.ar\/tipoblog\/2016\/wp-json\/wp\/v2\/posts"}],"about":[{"href":"https:\/\/www.catedracosgaya.com.ar\/tipoblog\/2016\/wp-json\/wp\/v2\/types\/post"}],"author":[{"embeddable":true,"href":"https:\/\/www.catedracosgaya.com.ar\/tipoblog\/2016\/wp-json\/wp\/v2\/users\/63"}],"replies":[{"embeddable":true,"href":"https:\/\/www.catedracosgaya.com.ar\/tipoblog\/2016\/wp-json\/wp\/v2\/comments?post=3405"}],"version-history":[{"count":0,"href":"https:\/\/www.catedracosgaya.com.ar\/tipoblog\/2016\/wp-json\/wp\/v2\/posts\/3405\/revisions"}],"wp:attachment":[{"href":"https:\/\/www.catedracosgaya.com.ar\/tipoblog\/2016\/wp-json\/wp\/v2\/media?parent=3405"}],"wp:term":[{"taxonomy":"category","embeddable":true,"href":"https:\/\/www.catedracosgaya.com.ar\/tipoblog\/2016\/wp-json\/wp\/v2\/categories?post=3405"},{"taxonomy":"post_tag","embeddable":true,"href":"https:\/\/www.catedracosgaya.com.ar\/tipoblog\/2016\/wp-json\/wp\/v2\/tags?post=3405"}],"curies":[{"name":"wp","href":"https:\/\/api.w.org\/{rel}","templated":true}]}}