{"id":3286,"date":"2016-06-28T11:00:21","date_gmt":"2016-06-28T11:00:21","guid":{"rendered":"http:\/\/www.catedracosgaya.com.ar\/tipoblog\/2016\/?p=3286"},"modified":"2016-06-27T21:27:22","modified_gmt":"2016-06-27T21:27:22","slug":"rocambole-y-sus-dibujitos-de-ricota","status":"publish","type":"post","link":"https:\/\/www.catedracosgaya.com.ar\/tipoblog\/2016\/rocambole-y-sus-dibujitos-de-ricota\/","title":{"rendered":"Rocambole y sus dibujitos de ricota."},"content":{"rendered":"<p><strong>Fuera de control, dise\u00f1o popular.<\/strong><\/p>\n<p>Ricardo Cohen, m\u00e1s conocido como Rocambole, es el responsable de la est\u00e9tica visual de una de las bandas mas grandes de Argentina: Patricio Rey y sus redonditos de ricota; y no solo eso, sus ilustraciones y dise\u00f1os fueron masificados y apropiados por una sociedad entera, reproducidos sobre miles de remeras, paredes y pieles. Llama la atenci\u00f3n como un dise\u00f1o deja de ser del autor, este pierde el control sobre su creaci\u00f3n y pasa a ser de la gente:<\/p>\n<blockquote><p><em>&#8220;Es ins\u00f3lito: mi arte de repente aparece en im\u00e1genes, gorros, remeras, banderas, tatuajes. A veces no me gusta verla en algunas agrupaciones pol\u00edticas a las que no adhiero, pero entiendo que son cosas que no puedo evitar. Las im\u00e1genes de los Redondos viven por s\u00ed mismas, forman parte de un fen\u00f3meno que escapa de mi comprensi\u00f3n y mi control.&#8221; &#8211; <\/em>Cuenta Rocambole a la revista Rolling Stone.<\/p><\/blockquote>\n<p><img loading=\"lazy\" decoding=\"async\" class=\"alignleft\" src=\"http:\/\/67.media.tumblr.com\/452365bb700c9f6caec3b9f4497f4260\/tumblr_nrns12EkjH1qlvu1ho1_500.jpg\" width=\"171\" height=\"171\" \/><img loading=\"lazy\" decoding=\"async\" class=\"alignleft\" src=\"http:\/\/photos1.blogger.com\/blogger\/2003\/1048\/1600\/Camargo%2010.jpg\" width=\"227\" height=\"170\" \/><a class=\"irc_mil i3597 i0yxUhm1t5sg-zixyDjKkw5M\" href=\"https:\/\/www.google.com.ar\/url?sa=i&amp;rct=j&amp;q=&amp;esrc=s&amp;source=images&amp;cd=&amp;cad=rja&amp;uact=8&amp;ved=0ahUKEwiZpuOLjMnNAhXEEpAKHdF4DhsQjRwIBw&amp;url=http%3A%2F%2Fwww.taringa.net%2Fposts%2Fimagenes%2F11843103%2FMi-bandera-de-los-redondos.html&amp;psig=AFQjCNGQ2aiYsKO7eujSO9jIRcUkMWcyvw&amp;ust=1467147390662626\" target=\"_blank\"><img loading=\"lazy\" decoding=\"async\" class=\"irc_mi i0yxUhm1t5sg-pQOPx8XEepE alignleft\" src=\"http:\/\/i1195.photobucket.com\/albums\/aa383\/fachi23\/DSC02426.jpg\" alt=\"\" width=\"227\" height=\"170\" \/><\/a><\/p>\n<p>&nbsp;<\/p>\n<p>&nbsp;<\/p>\n<p>&nbsp;<\/p>\n<p>&nbsp;<\/p>\n<p>&nbsp;<\/p>\n<p>Me intereso la mirada sobre el arte y el dise\u00f1o que tiene Ricardo; al artista no le molesta para nada esta perdida de control sobre su obra, es m\u00e1s lo enorgullece ya que era su objetivo. Repudia el arte como obra \u00fanica, irreproducible y mercantil:<\/p>\n<blockquote><p><i>&#8220;Yo no pinto cuadros para vender, lo que hago es para ser reproducido, prefiero eso y que mis obras est\u00e9n en calcoman\u00edas, buzos o lo que sea. Me conmueve ver a los chicos cuando pintan esas im\u00e1genes en las paredes, hacen banderas y todo eso que pasa. Creo que es una forma de exponer mucho m\u00e1s vital que en una galer\u00eda de arte, las im\u00e1genes se hacen m\u00e1s de todos y m\u00e1s de nadie.&#8221;<\/i><\/p><\/blockquote>\n<hr \/>\n<p><b>Los conceptos por detr\u00e1s de las tapas de Los Redondos.<\/b><\/p>\n<p>Como estudiante de dise\u00f1o y simpatizante de Los Redondos me parece muy atractivo saber como llego Rocambole a dise\u00f1ar cada tapa de los vinilos y discos de la banda. Ricardo, siendo dise\u00f1ador gr\u00e1fico, artista pl\u00e1stico e ilustrador, se apoya en todas sus herramientas gr\u00e1ficas para el dise\u00f1o de las tapas: a partir de esculturas, fotograf\u00edas, ilustraciones, serigraf\u00eda, pinturas resuelve sus obras. En el suplemento &#8220;Si&#8221; del diario Clar\u00edn, el artista cuenta como fue el proceso creador de cada tapa:<\/p>\n<p><b><a class=\"irc_mil i3597 ifThjTtt6yCI-zixyDjKkw5M\" href=\"https:\/\/www.google.com.ar\/url?sa=i&amp;rct=j&amp;q=&amp;esrc=s&amp;source=images&amp;cd=&amp;cad=rja&amp;uact=8&amp;ved=&amp;url=http%3A%2F%2Farticulo.mercadolibre.com.ar%2FMLA-620216823-vinilo-redonditos-de-ricota-gulp-1-edicion-_JM&amp;psig=AFQjCNETNN_269s2mgJKa59NOCbcvuvbRQ&amp;ust=1467147588372843\" target=\"_blank\"><img loading=\"lazy\" decoding=\"async\" class=\"irc_mi ifThjTtt6yCI-pQOPx8XEepE alignleft\" src=\"http:\/\/mla-s1-p.mlstatic.com\/vinilo-redonditos-de-ricota-gulp-1-edicion-17734-MLA20142712924_082014-F.jpg\" alt=\"\" width=\"259\" height=\"194\" \/><\/a>GULP &#8211; 1985 &#8211; <\/b>&#8220;Era el debut y hab\u00eda que presentar a la banda: la tapa ten\u00eda que tener impacto. Yo ven\u00eda trabajando en ilustraciones de rock. La producci\u00f3n fue muy artesanal porque \u00e9se era nuestro modo de vida. Yo en esa \u00e9poca estaba haciendo experiencias con chorreaduras abstractas que, adem\u00e1s, eran f\u00e1ciles de reproducir: pasamos un rodillo con tinta de grabado y aplicamos serigraf\u00eda\u00a0con las letras en plasticola de color. No me acuerdo cu\u00e1ntos hicimos: estuvimos una semana armando las tapas, eran brigadas de trabajo.&#8221; Los originales eran en serigraf\u00eda, la tipograf\u00eda era fluorescente y tenia textura.<\/p>\n<p>&nbsp;<\/p>\n<p><img loading=\"lazy\" decoding=\"async\" class=\"alignleft\" src=\"http:\/\/mla-s2-p.mlstatic.com\/patricio-rey-y-sus-redonditos-de-oktubre-vinilo-inser-534021-MLA20687001521_042016-F.jpg\" width=\"258\" height=\"194\" \/><strong>OCTUBRE &#8211; 1986-<\/strong> &#8220;Es una tapa m\u00e1s conceptual. Las ideas salieron de una noche de fernet: el Indio ve\u00eda banderas, multitudes. Primero iba a ser todo rojo y negro, pero cuando lo fui haciendo m\u00e1s abstracto le agregu\u00e9 el gris. La tipograf\u00eda parece sovi\u00e9tica al estar invertida una letra. En el reverso se ve la catedral de La Plata en llamas: un s\u00edmbolo revolucionario. Me resulta raro ver mis obras en remeras y tatuajes: la gente se apropi\u00f3 de cosas como el pu\u00f1o y la cadena, hechas en 15 minutos para un aviso.&#8221;<\/p>\n<p>&nbsp;<\/p>\n<p><img loading=\"lazy\" decoding=\"async\" class=\"alignleft\" src=\"http:\/\/mla-s1-p.mlstatic.com\/los-redondos-un-baion-para-el-ojo-idiota-lp-vinilo-812121-MLA20717374995_052016-F.jpg\" width=\"256\" height=\"192\" \/><strong>UN BAION PARA EL OJO IDIOTA -1988- <\/strong>&#8220;Son referencias al t\u00edtulo: estaba el televisor pero no se me ocurr\u00eda una imagen de la idiotez. Hasta que un d\u00eda encontr\u00e9 una instalaci\u00f3n hecha por mi hija: era un mu\u00f1eco con collares, antifaz, chupete. Despu\u00e9s le agregu\u00e9 el perro, que es una constante de la literatura solariana. El grupo se hizo m\u00e1s popular y mis obras empezaron a reproducirse: prefiero que est\u00e9n en la calle que en un museo. A m\u00ed siempre me interes\u00f3 m\u00e1s el arte de las historietas que el de las muestras a las que va un mont\u00f3n de gente a tomar vino y charlar.&#8221;<\/p>\n<p>&nbsp;<\/p>\n<p><img loading=\"lazy\" decoding=\"async\" class=\"alignleft\" src=\"http:\/\/3.bp.blogspot.com\/-zipptKcfGjE\/UBPrhCinJiI\/AAAAAAAAANk\/D91dM9USzAI\/s1600\/IMG00661-20120728-0752.jpg\" width=\"257\" height=\"235\" \/><\/p>\n<p><strong>BANG BANG ESTAS LIQUIDADO -1989- <\/strong>&#8220;Es un homenaje a Goya y su obra los fusilamientos del 3 de mayo, pero con un ej\u00e9rcito de la Cruz Roja. En una biograf\u00eda hab\u00eda le\u00eddo que Goya vio los fusilamientos por la ventana y me pareci\u00f3 una imagen muy potente. Quise agregarle una persiana americana pero remit\u00eda a una m\u00fasica m\u00e1s fashion. En la reedici\u00f3n agregu\u00e9 otro cuadro m\u00edo: ah\u00ed se ve a un tipo matando de un tiro a otro con pinta de marino. Siempre me cost\u00f3 entender por qu\u00e9 durante la Dictadura ning\u00fan padre calent\u00f3n se tom\u00f3 venganza de su hijo desaparecido y toda la lucha descans\u00f3 en la figura maternal.<\/p>\n<p>&nbsp;<\/p>\n<p><img loading=\"lazy\" decoding=\"async\" class=\"alignleft\" src=\"https:\/\/lapaginaimpar.files.wordpress.com\/2011\/11\/2083357-patricio-rey-y-sus-redonditos-de-ricota-la-mosca-y-la-sopa.jpg?w=640\" width=\"255\" height=\"257\" \/><\/p>\n<p><strong>L<\/strong><strong>A MOSCA Y LA SOPA -1991-<\/strong> &#8220;Es una pintura m\u00eda. Hac\u00eda rato que ten\u00eda guardado un gato momificado que hab\u00eda encontrado as\u00ed en un techo. En ese tiempo Enrique Symns era gran amigo de la banda y decid\u00ed poner cerdos y peces por la revista donde colaboraba el Indio. Estaba tambi\u00e9n lo de los jubilados comiendo gatos en plaza Lavalle. Entonces incrust\u00e9 al gato. En esa \u00e9poca ya hab\u00eda abogados dici\u00e9ndome que pod\u00eda hacer juicio por las reproducciones: nunca me interes\u00f3 porque en otros tiempos nosotros nos ganamos la vida reproduciendo cosas sin autorizaci\u00f3n.&#8221;<\/p>\n<p>&nbsp;<\/p>\n<p><img loading=\"lazy\" decoding=\"async\" class=\"alignleft\" src=\"https:\/\/i.ytimg.com\/vi\/E1kaGz0rIzg\/hqdefault.jpg\" width=\"261\" height=\"196\" \/><b>LOBO SUELTO CORDERO ATADO -1993- <\/b>&#8220;Son todas aerograf\u00edas gigantes creadas en relaci\u00f3n a los textos evocando los personajes de las letras. Yo me encargu\u00e9 del \u00e1lbum m\u00e1s oscuro. Adem\u00e1s, hab\u00eda muchas ganas de mostrar el trabajo de Semilla Bucciarelli, que es tan m\u00fasico como artista pl\u00e1stico. Yo siempr\u00e9 fui admirador de la \u00e9poca de las grandes tapas del rock, de los primeros setenta, algunas hechas por el artista Lucas Gatti. Pero siempre consider\u00e9 que el peor ilustrador es aquel cuyo trabajo toma m\u00e1s valor que la obra para la que trabaja.&#8221; Las tipograf\u00edas corresponden a un alfabeto creado por el bajista Semilla Bucciarelli.<\/p>\n<p>&nbsp;<\/p>\n<p><img loading=\"lazy\" decoding=\"async\" class=\"alignleft\" src=\"http:\/\/2.bp.blogspot.com\/-DL61Cv-FaB0\/Te8TbV5RNII\/AAAAAAAAAxo\/vKVS_6K74o4\/s1600\/1996+-+Luzbelito+++%2528PR+Discos%2529+01.jpg\" width=\"257\" height=\"217\" \/><strong>LUZBELITO -1996-<\/strong> &#8220;Intent\u00e9 evocar los viejos \u00e1lbumes de m\u00fasica cl\u00e1sica, esas colecciones con lomo de cuero. El mu\u00f1eco que se ve en la tapa fue una de mis primeras experiencias trabajando con volumen, est\u00e1 hecho con arcilla e inspirado en la foto de un negro esclavo. La idea original era que sea un holograma, pero desistimos por las dificultades de fabricaci\u00f3n. Ah\u00ed empezamos a trabajar con computadoras: no tiene sentido que me ponga en una posici\u00f3n rebelde, ser\u00eda est\u00e9ril. Aprender a usar computadoras es un largo proceso. Por eso me rode\u00e9 de chicos que tienen la chispa cibern\u00e9tica.&#8221; El Luzbelito de la tapa fue robado en una exposici\u00f3n.<\/p>\n<p>&nbsp;<\/p>\n<p><img loading=\"lazy\" decoding=\"async\" class=\"alignleft\" src=\"http:\/\/images.coveralia.com\/audio\/p\/Patricio_Rey_Y_Sus_Redonditos_De_Ricota-Ultimo_Bondi_A_Finisterre-Frontal.jpg\" width=\"257\" height=\"257\" \/><\/p>\n<p><strong>ULTIMO BONDI A FINISTERRE -1998- <\/strong>&#8220;Es la llegada de la revoluci\u00f3n tecnol\u00f3gica. Los film\u00e9 en video, los met\u00ed en una computadora y los convert\u00ed en mu\u00f1equitos animados digitales con un programa de 3D. Con eso hice el videoclip que se vio en los shows de Racing Club. Originalmente iba a ser una caja met\u00e1lica que se abr\u00eda como una navaja. El relieve que tiene est\u00e1 tomado de la caja del whisky Chivas Regal. El final no es muy alegre porque hay un tipo metido en su realidad virtual mientras alrededor hay una tragedia.&#8221;<br \/>\nEs la primera vez que se vio a Los Redonditos de Ricota en la tapa de un disco: aunque no son ellos sino sus clones digitales.<\/p>\n<p>&nbsp;<\/p>\n<p>Quiero destacar como se puede ver a trav\u00e9s de las tapas de Los Redondos la influencia del contexto social y gr\u00e1fico; como las tecnolog\u00edas fueron dejando su impronta en los dise\u00f1os. Desde &#8220;Gulp!&#8221; impreso en serigraf\u00eda, hasta &#8220;Ultimo bondi a\u00a0Finisterre&#8221; donde el lenguaje grafico es bastante vectorial y se puede ver a los\u00a0integrantes de la banda\u00a0en su forma digital.<\/p>\n<p>Para cerrar este post quiero recomendar un libro que presento Rocambole en el a\u00f1o 2015 que re\u00fane su obra como ilustrador y dise\u00f1ador, se llama &#8220;Rocambole. Arte, dise\u00f1o y contracultura. El libro recorre a trav\u00e9s de 200 p\u00e1ginas toda\u00a0su obra, su universo est\u00e9tico y tem\u00e1tico, La Cofrad\u00eda, el arte ricotero, la obra pl\u00e1stica y la experiencia docente, se despliegan a trav\u00e9s de textos propios, ilustraciones, pinturas, aerograf\u00edas, bocetos, dibujos, gr\u00e1fica, fotograf\u00edas y material in\u00e9dito. Ricardo Cohen decidi\u00f3 el financiamiento colectivo para editarlo, la autogesti\u00f3n que siempre lo acompa\u00f1o en su vida.<\/p>\n<p><iframe loading=\"lazy\" title=\"ROCAMBOLE. Arte, Dise\u00f1o y Contracultura - Proyecto de Editorial en Panaldeideas.com\" src=\"https:\/\/player.vimeo.com\/video\/111415545?dnt=1&amp;app_id=122963\" width=\"640\" height=\"360\" frameborder=\"0\" allow=\"autoplay; fullscreen; picture-in-picture; clipboard-write\"><\/iframe><\/p>\n<p>&nbsp;<\/p>\n","protected":false},"excerpt":{"rendered":"<p>En este post comparto el arte de una de las bandas mas importantes del rock nacional. Como un dise\u00f1o, una ilustraci\u00f3n deja de ser del artista cuando se masifica. La mirada de Rocambole sobre el arte y el dise\u00f1o. Como encar\u00f3 cada partido conceptual en los vinilos y discos de Los Redondos.<\/p>\n","protected":false},"author":47,"featured_media":3306,"comment_status":"closed","ping_status":"closed","sticky":false,"template":"","format":"standard","meta":{"jetpack_post_was_ever_published":false,"_jetpack_newsletter_access":"","_jetpack_dont_email_post_to_subs":false,"_jetpack_newsletter_tier_id":0,"_jetpack_memberships_contains_paywalled_content":false,"_jetpack_memberships_contains_paid_content":false,"footnotes":"","jetpack_publicize_message":"","jetpack_publicize_feature_enabled":true,"jetpack_social_post_already_shared":true,"jetpack_social_options":{"image_generator_settings":{"template":"highway","default_image_id":0,"font":"","enabled":false},"version":2}},"categories":[21],"tags":[66,92,44,90,67,91,71],"class_list":["post-3286","post","type-post","status-publish","format-standard","has-post-thumbnail","hentry","category-vinilo","tag-diseno","tag-los-redondos","tag-obra-de-arte","tag-rocambole","tag-tapas","tag-tipografia","tag-vinilo"],"jetpack_publicize_connections":[],"jetpack_featured_media_url":"https:\/\/www.catedracosgaya.com.ar\/tipoblog\/2016\/wp-content\/uploads\/2016\/06\/e8caa451df87524f37765bf00a9f1785.jpg","jetpack_shortlink":"https:\/\/wp.me\/p7yOIN-R0","jetpack_sharing_enabled":true,"_links":{"self":[{"href":"https:\/\/www.catedracosgaya.com.ar\/tipoblog\/2016\/wp-json\/wp\/v2\/posts\/3286","targetHints":{"allow":["GET"]}}],"collection":[{"href":"https:\/\/www.catedracosgaya.com.ar\/tipoblog\/2016\/wp-json\/wp\/v2\/posts"}],"about":[{"href":"https:\/\/www.catedracosgaya.com.ar\/tipoblog\/2016\/wp-json\/wp\/v2\/types\/post"}],"author":[{"embeddable":true,"href":"https:\/\/www.catedracosgaya.com.ar\/tipoblog\/2016\/wp-json\/wp\/v2\/users\/47"}],"replies":[{"embeddable":true,"href":"https:\/\/www.catedracosgaya.com.ar\/tipoblog\/2016\/wp-json\/wp\/v2\/comments?post=3286"}],"version-history":[{"count":0,"href":"https:\/\/www.catedracosgaya.com.ar\/tipoblog\/2016\/wp-json\/wp\/v2\/posts\/3286\/revisions"}],"wp:featuredmedia":[{"embeddable":true,"href":"https:\/\/www.catedracosgaya.com.ar\/tipoblog\/2016\/wp-json\/wp\/v2\/media\/3306"}],"wp:attachment":[{"href":"https:\/\/www.catedracosgaya.com.ar\/tipoblog\/2016\/wp-json\/wp\/v2\/media?parent=3286"}],"wp:term":[{"taxonomy":"category","embeddable":true,"href":"https:\/\/www.catedracosgaya.com.ar\/tipoblog\/2016\/wp-json\/wp\/v2\/categories?post=3286"},{"taxonomy":"post_tag","embeddable":true,"href":"https:\/\/www.catedracosgaya.com.ar\/tipoblog\/2016\/wp-json\/wp\/v2\/tags?post=3286"}],"curies":[{"name":"wp","href":"https:\/\/api.w.org\/{rel}","templated":true}]}}