{"id":3122,"date":"2016-06-16T12:30:45","date_gmt":"2016-06-16T12:30:45","guid":{"rendered":"http:\/\/www.catedracosgaya.com.ar\/tipoblog\/2016\/?p=3122"},"modified":"2016-06-15T19:18:43","modified_gmt":"2016-06-15T19:18:43","slug":"el-diseno-como-ventana-a-la-musica","status":"publish","type":"post","link":"https:\/\/www.catedracosgaya.com.ar\/tipoblog\/2016\/el-diseno-como-ventana-a-la-musica\/","title":{"rendered":"El dise\u00f1o como ventana a la m\u00fasica"},"content":{"rendered":"<p>Dos sentidos que se complementan (vista y o\u00eddo) y que provocan sensaciones o evocan emociones.<\/p>\n<p>Eso son el dise\u00f1o gr\u00e1fico y la m\u00fasica, ambas con similitudes, o bien, caracter\u00edsticas en com\u00fan y gracias a las cuales pueden expresarse y reinventarse a s\u00ed mismas.<\/p>\n<p>Vivimos en una \u00e9poca en donde el mundo digital con soportes cada vez m\u00e1s chicos, livianos y f\u00e1ciles de transportar fueron reemplazando los discos y vinilos dej\u00e1ndolos s\u00f3lo como un recuerdo de los viejos tiempos.<\/p>\n<p>Con motivo de este trabajo que estamos empezando me parece interesante recordar los d\u00edas en los que las portadas de discos eran la \u00fanica ventana a la m\u00fasica, convirtiendo al dise\u00f1o en un veh\u00edculo para llegar a su p\u00fablico<strong>;<\/strong> pero al mismo tiempo, reflexionar sobre c\u00f3mo estas dos \u00e1reas se siguen complementando y potenciando aunque sea en otro formato.<\/p>\n<p>Remont\u00e1ndonos a los inicios encontramos que antes los discos ten\u00edan un cart\u00f3n que simplemente indicaba cu\u00e1l era el artista y cu\u00e1les eran los temas que inclu\u00eda. Hasta que apareci\u00f3 en escena Alex Steinweiss, un director de arte y dise\u00f1ador en Columbia Records que pens\u00f3, en 1939, que pod\u00eda hacer las cosas de otra manera y se le ocurri\u00f3 agregarle colores y arte a los envoltorios en donde ven\u00eda la m\u00fasica de los artistas.<\/p>\n<p>Luego vino el LP, un formato con el que se cre\u00f3 una posi<\/p>\n<p>bilidad m\u00e1s amplia que permit\u00eda jugar mucho m\u00e1s con el dise\u00f1o y no s\u00f3lo con la portada, si no que se le incluyeron elementos de dise\u00f1o en el disco como tal y en las piezas que tra\u00eda internamente. As\u00ed es como fueron creadas peque\u00f1as reliquias de arte que inclusive se intent\u00f3 imitar de manera digital con iniciativas como Itunes LP, un intento de Apple para reproducir la experiencia que generaban estos discos.<\/p>\n<p>Realmente, creo que esa pudo ser la \u00e9poca m\u00e1s interesante del dise\u00f1o en los discos, sobre todo por la cantidad de piezas que pod\u00edan dise\u00f1ar: portada, contraportada, disco, libro interno y cualquier cosa que pudieran imaginar como valor agregado al producto final, y a la experiencia del usuario, que ahora iba m\u00e1s all\u00e1 de escuchar la m\u00fasica haci\u00e9ndola llegar con m\u00e1s fuerza y multiplicando el sentimiento.<\/p>\n<p>Por m\u00e1s que ya no sea necesario comprar discos para escuchar m\u00fasica y puede que nos perdamos en cierta parte de esta posibilidad de conexi\u00f3n entre el ver y escuchar, actualmente existen otros formatos que potencian las sensaciones del sonido tal como las piezas audiovisuales que la acompa\u00f1an.<\/p>\n<p>Les dejo dos videos que se me vinieron a la cabeza mientras escrib\u00eda el post y me parecieron interesantes en este aspecto. Que los disfruten!<\/p>\n<p><iframe loading=\"lazy\" title=\"Tame Impala - Feels Like We Only Go Backwards (Official Video)\" width=\"640\" height=\"360\" src=\"https:\/\/www.youtube.com\/embed\/wycjnCCgUes?feature=oembed\" frameborder=\"0\" allow=\"accelerometer; autoplay; clipboard-write; encrypted-media; gyroscope; picture-in-picture; web-share\" referrerpolicy=\"strict-origin-when-cross-origin\" allowfullscreen><\/iframe><\/p>\n<p><iframe loading=\"lazy\" title=\"Coldplay - Up&amp;Up (Official Video)\" width=\"640\" height=\"360\" src=\"https:\/\/www.youtube.com\/embed\/BPNTC7uZYrI?feature=oembed\" frameborder=\"0\" allow=\"accelerometer; autoplay; clipboard-write; encrypted-media; gyroscope; picture-in-picture; web-share\" referrerpolicy=\"strict-origin-when-cross-origin\" allowfullscreen><\/iframe><\/p>\n","protected":false},"excerpt":{"rendered":"<p>VER LO QUE SE ESCUCHA<\/p>\n","protected":false},"author":35,"featured_media":3123,"comment_status":"closed","ping_status":"closed","sticky":false,"template":"","format":"standard","meta":{"jetpack_post_was_ever_published":false,"_jetpack_newsletter_access":"","_jetpack_dont_email_post_to_subs":false,"_jetpack_newsletter_tier_id":0,"_jetpack_memberships_contains_paywalled_content":false,"_jetpack_memberships_contains_paid_content":false,"footnotes":"","jetpack_publicize_message":"","jetpack_publicize_feature_enabled":true,"jetpack_social_post_already_shared":true,"jetpack_social_options":{"image_generator_settings":{"template":"highway","default_image_id":0,"font":"","enabled":false},"version":2}},"categories":[21],"tags":[66,70],"class_list":["post-3122","post","type-post","status-publish","format-standard","has-post-thumbnail","hentry","category-vinilo","tag-diseno","tag-musica"],"jetpack_publicize_connections":[],"jetpack_featured_media_url":"https:\/\/www.catedracosgaya.com.ar\/tipoblog\/2016\/wp-content\/uploads\/2016\/06\/Tame-Impala-Feels-Like-We-Only-Go-Backwards8.jpg","jetpack_shortlink":"https:\/\/wp.me\/p7yOIN-Om","jetpack_sharing_enabled":true,"_links":{"self":[{"href":"https:\/\/www.catedracosgaya.com.ar\/tipoblog\/2016\/wp-json\/wp\/v2\/posts\/3122","targetHints":{"allow":["GET"]}}],"collection":[{"href":"https:\/\/www.catedracosgaya.com.ar\/tipoblog\/2016\/wp-json\/wp\/v2\/posts"}],"about":[{"href":"https:\/\/www.catedracosgaya.com.ar\/tipoblog\/2016\/wp-json\/wp\/v2\/types\/post"}],"author":[{"embeddable":true,"href":"https:\/\/www.catedracosgaya.com.ar\/tipoblog\/2016\/wp-json\/wp\/v2\/users\/35"}],"replies":[{"embeddable":true,"href":"https:\/\/www.catedracosgaya.com.ar\/tipoblog\/2016\/wp-json\/wp\/v2\/comments?post=3122"}],"version-history":[{"count":0,"href":"https:\/\/www.catedracosgaya.com.ar\/tipoblog\/2016\/wp-json\/wp\/v2\/posts\/3122\/revisions"}],"wp:featuredmedia":[{"embeddable":true,"href":"https:\/\/www.catedracosgaya.com.ar\/tipoblog\/2016\/wp-json\/wp\/v2\/media\/3123"}],"wp:attachment":[{"href":"https:\/\/www.catedracosgaya.com.ar\/tipoblog\/2016\/wp-json\/wp\/v2\/media?parent=3122"}],"wp:term":[{"taxonomy":"category","embeddable":true,"href":"https:\/\/www.catedracosgaya.com.ar\/tipoblog\/2016\/wp-json\/wp\/v2\/categories?post=3122"},{"taxonomy":"post_tag","embeddable":true,"href":"https:\/\/www.catedracosgaya.com.ar\/tipoblog\/2016\/wp-json\/wp\/v2\/tags?post=3122"}],"curies":[{"name":"wp","href":"https:\/\/api.w.org\/{rel}","templated":true}]}}