{"id":5531,"date":"2015-10-30T18:23:31","date_gmt":"2015-10-30T18:23:31","guid":{"rendered":"http:\/\/www.catedracosgaya.com.ar\/tipoblog\/2015\/?p=5531"},"modified":"2015-10-30T18:25:08","modified_gmt":"2015-10-30T18:25:08","slug":"la-vida-real","status":"publish","type":"post","link":"https:\/\/www.catedracosgaya.com.ar\/tipoblog\/2015\/la-vida-real\/","title":{"rendered":"La vida real"},"content":{"rendered":"<p><a href=\"http:\/\/www.catedracosgaya.com.ar\/tipoblog\/2015\/wp-content\/uploads\/2015\/10\/team.jpg\"><img loading=\"lazy\" decoding=\"async\" class=\"alignnone  wp-image-5534\" src=\"http:\/\/www.catedracosgaya.com.ar\/tipoblog\/2015\/wp-content\/uploads\/2015\/10\/team-1024x684.jpg\" alt=\"team\" width=\"702\" height=\"415\" \/><\/a><\/p>\n<p><em>No cabe duda que dise\u00f1ar una revista es un trabajo muy duro. Sobre todo cuando se parte de cero. Al elegir una tem\u00e1tica existe la necesidad de seleccionar los contenidos, las im\u00e1genes, la est\u00e9tica general de la pieza para que el lector pueda llevarse una idea general del tema propuesto, y que ello muestre adem\u00e1s la postura que tiene el dise\u00f1ador frente a lo que est\u00e1 contando.<\/em><\/p>\n<p>Adem\u00e1s de la abrumadora cantidad de decisiones que se tienen que tomar, el material gr\u00e1fico elegido tiene que ser muy preciso. En este sentido es cuando en lo personal entro en p\u00e1nico. Pero tranquilos colegas, en la vida real todo es mucho m\u00e1s f\u00e1cil (o m\u00e1s dif\u00edcil dependiendo de donde se lo mire).<\/p>\n<p>Por suerte no vinimos solos al mundo y nos caracterizamos por vivir en sociedad. Lamentablemente nos acostumbramos a ser muy independientes en nuestros trabajos acad\u00e9micos, pero la realidad habla siempre del \u201ctrabajo en\u00a0equipo\u201d. Est\u00e1 m\u00e1s que claro lo dificultoso que resulta trabajar en equipo, pero en el \u00e1mbito laboral es fundamental y al final de cuentas lo facilita todo.<\/p>\n<p>En el \u00e1rea editorial, el trabajo est\u00e1 muy bien segmentado en categor\u00edas o sectores. Por un lado tenemos al Director que se encarga de las tareas m\u00e1s generales. Reporta directamente al Jefe de redacci\u00f3n y es le encargado de hacer cumplir los plazos, seguir el calendario de redacci\u00f3n y hacer que el resto del equipo realice sus tareas diarias. Si la revista es peque\u00f1a, panifican tambi\u00e9n el presupuesto.<\/p>\n<p>Como mencionamos existe un Jefe de redacci\u00f3n.\u00a0Su tarea es supervisar el contenido general de la revista. Su funci\u00f3n asegura que el contenido de la revista sea coherente en sus textos y gr\u00e1ficos. Desarrolla ideas de la trama, supervisa la distribuci\u00f3n y el dise\u00f1o, trabaja con el impresor para asegurarse de que la revista se presente correctamente en su versi\u00f3n final, y tiene un papel en la coordinaci\u00f3n de la publicidad y la distribuci\u00f3n de la revista. El Jefe de redacci\u00f3n\u00a0es responsable de la redacci\u00f3n final y las decisiones de producci\u00f3n. Recibe actualizaciones desde el director editorial, el director creativo y el editor ejecutivo, para tomar decisiones editoriales a trav\u00e9s de la coordinaci\u00f3n de estos roles.<\/p>\n<p>El Editor ejecutivo, tiene diversas responsabilidades. Se asegura que se implemente la pol\u00edtica editorial de la empresa. Adem\u00e1s asigna los art\u00edculos, resuelve problemas legales, puede redactar notas o titulares de portada. En empresas m\u00e1s grandes el editor ejecutivo puede delegar algunas tareas. El editor ejecutivo tambi\u00e9n puede aprobar la maquetaci\u00f3n y el dise\u00f1o, revisar los informes financieros y har\u00e1 cumplir los plazos a los redactores.<\/p>\n<p>Por suerte, existen correctores.\u00a0Ellos se aseguran que la publicaci\u00f3n est\u00e9 libre de errores ortogr\u00e1ficos o gramaticales. Comprueban que no haya difamaciones o falsas declaraciones de personas para evitar complicaciones legales para la revista.<\/p>\n<p>El Director creativo\u00a0o de arte es responsable de los aspectos visuales de la revista. Su tarea principal es crear conceptos gr\u00e1ficos que luego delegar\u00e1 a los Dise\u00f1adores gr\u00e1ficos.\u00a0Dirige sesiones de fotos. El director de arte, con la ayuda del editor de fotos, toma estos conceptos y crea la maquetaci\u00f3n\u00a0general de la revista. Los Dise\u00f1adores gr\u00e1ficos\u00a0trabajan directamente con el Director de arte.<\/p>\n<p>As\u00ed es como todo resulta m\u00e1s f\u00e1cil, ahora entendemos porque \u201cla uni\u00f3n hace la fuerza\u201d.<\/p>\n","protected":false},"excerpt":{"rendered":"<p>No cabe duda que dise\u00f1ar una revista es un trabajo muy duro. Sobre todo cuando se parte de cero. Al elegir una tem\u00e1tica existe la necesidad de seleccionar los contenidos, las im\u00e1genes, la est\u00e9tica general [&hellip;]<\/p>\n","protected":false},"author":197,"featured_media":5534,"comment_status":"closed","ping_status":"closed","sticky":false,"template":"","format":"standard","meta":{"jetpack_post_was_ever_published":false,"_jetpack_newsletter_access":"","_jetpack_dont_email_post_to_subs":false,"_jetpack_newsletter_tier_id":0,"_jetpack_memberships_contains_paywalled_content":false,"_jetpack_memberships_contains_paid_content":false,"footnotes":"","jetpack_publicize_message":"","jetpack_publicize_feature_enabled":true,"jetpack_social_post_already_shared":true,"jetpack_social_options":{"image_generator_settings":{"template":"highway","default_image_id":0,"font":"","enabled":false},"version":2}},"categories":[24],"tags":[89,228,314,313],"class_list":["post-5531","post","type-post","status-publish","format-standard","has-post-thumbnail","hentry","category-revista","tag-comunicacion","tag-diseno-editorial","tag-realidad","tag-trabajo-en-equipo"],"jetpack_publicize_connections":[],"jetpack_featured_media_url":"https:\/\/www.catedracosgaya.com.ar\/tipoblog\/2015\/wp-content\/uploads\/2015\/10\/team.jpg","jetpack_sharing_enabled":true,"jetpack_shortlink":"https:\/\/wp.me\/p6gfAF-1rd","_links":{"self":[{"href":"https:\/\/www.catedracosgaya.com.ar\/tipoblog\/2015\/wp-json\/wp\/v2\/posts\/5531","targetHints":{"allow":["GET"]}}],"collection":[{"href":"https:\/\/www.catedracosgaya.com.ar\/tipoblog\/2015\/wp-json\/wp\/v2\/posts"}],"about":[{"href":"https:\/\/www.catedracosgaya.com.ar\/tipoblog\/2015\/wp-json\/wp\/v2\/types\/post"}],"author":[{"embeddable":true,"href":"https:\/\/www.catedracosgaya.com.ar\/tipoblog\/2015\/wp-json\/wp\/v2\/users\/197"}],"replies":[{"embeddable":true,"href":"https:\/\/www.catedracosgaya.com.ar\/tipoblog\/2015\/wp-json\/wp\/v2\/comments?post=5531"}],"version-history":[{"count":1,"href":"https:\/\/www.catedracosgaya.com.ar\/tipoblog\/2015\/wp-json\/wp\/v2\/posts\/5531\/revisions"}],"predecessor-version":[{"id":5535,"href":"https:\/\/www.catedracosgaya.com.ar\/tipoblog\/2015\/wp-json\/wp\/v2\/posts\/5531\/revisions\/5535"}],"wp:featuredmedia":[{"embeddable":true,"href":"https:\/\/www.catedracosgaya.com.ar\/tipoblog\/2015\/wp-json\/wp\/v2\/media\/5534"}],"wp:attachment":[{"href":"https:\/\/www.catedracosgaya.com.ar\/tipoblog\/2015\/wp-json\/wp\/v2\/media?parent=5531"}],"wp:term":[{"taxonomy":"category","embeddable":true,"href":"https:\/\/www.catedracosgaya.com.ar\/tipoblog\/2015\/wp-json\/wp\/v2\/categories?post=5531"},{"taxonomy":"post_tag","embeddable":true,"href":"https:\/\/www.catedracosgaya.com.ar\/tipoblog\/2015\/wp-json\/wp\/v2\/tags?post=5531"}],"curies":[{"name":"wp","href":"https:\/\/api.w.org\/{rel}","templated":true}]}}