{"id":5473,"date":"2015-10-27T03:23:36","date_gmt":"2015-10-27T03:23:36","guid":{"rendered":"http:\/\/www.catedracosgaya.com.ar\/tipoblog\/2015\/?p=5473"},"modified":"2015-10-27T03:23:36","modified_gmt":"2015-10-27T03:23:36","slug":"je-suis-dgs","status":"publish","type":"post","link":"https:\/\/www.catedracosgaya.com.ar\/tipoblog\/2015\/je-suis-dgs\/","title":{"rendered":"Je suis DGs"},"content":{"rendered":"<p>Hablemos de la gente que se toma su tiempo para estar horas en Pinterest y encontrar las referencias del lenguaje gr\u00e1fico que quiere hacer. Hablemos de la gente que tiene ALTA gr\u00e1fica pero no cuenta nada nuevo. \u00bfQu\u00e9 onda esa gente? \u00bfS\u00f3lo yo pienso que el lenguaje discursivo es elemental en todo lo que hacemos?<\/p>\n<p>Tanto el trabajo de diario como el de revista est\u00e1n, a mi entender, para que nosotros desarrollemos ese t\u00f3pico que tan importante es y tan poca bola se le da. Estamos tomando una posici\u00f3n al respecto, nos estamos colocando en lo que algunos llaman el cuarto poder. Los medios de comunicaci\u00f3n son parte de nuestra vida cotidiana. Hace varios a\u00f1os se marc\u00f3 en la agenda el debate alrededor de los medios hegem\u00f3nicos. Nos informan, nos desinforman, nos influencian, nos manipulan. Si hay algo que no hacen es ser objetivos. Y est\u00e1 muy bien. \u00bfAcaso nosotros lo somos cuando hacemos nuestras entregas? No. Con cada cosa que hacemos en nuestra carrera nos mostramos, nos dejamos ver, nos exponemos, exhibimos lo que pensamos hasta casi sin darnos cuenta. Al fin y al cabo, nuestro laburo es mostrar lo que uno hace, lo que uno cree y siente.<\/p>\n<p>Tenemos que tener en cuenta la responsabilidad social que tiene la prensa hoy en d\u00eda. Un caso (extremo tal vez) es el semanario franc\u00e9s Charlie Hebdo. Esta revista de humor gr\u00e1fico es sumamente contestataria, dice las cosas como las ve, tiene una ideolog\u00eda clara. Su trabajo fue motivo de juicios, debates por la libertad de expresi\u00f3n, acusaciones de provocaciones a facciones religiosas. Sufri\u00f3 dos atentados en lo que va desde su aparici\u00f3n por decir lo que pensaba sin pelos en la lengua. Sin ir m\u00e1s lejos, la revista argentina Barcelona tiene un tono humor\u00edstico parecido. No estoy pidiendo que seamos periodistas, pero tenemos la oportunidad de creernos uno, aprovech\u00e9mosla.<\/p>\n<p>Es importante lo que decimos y m\u00e1s a\u00fan c\u00f3mo lo decimos. Una gr\u00e1fica linda la hace cualquiera. Por eso los invito a que se la jueguen, a que digan las cosas que piensan, a que nos cautiven con sus palabras m\u00e1s que con su gr\u00e1fica, a que nos hagan pensar, a que nos hagan reflexionar. Ayer elegimos en las urnas, hoy tenemos la posibilidad de expresarnos y decir lo que pensamos hasta haciendo un tp de la facultad. Si esto no es democracia, chicuelos, la verdad que ni idea.<\/p>\n","protected":false},"excerpt":{"rendered":"<p>Tenemos que ser conscientes de lo que dise\u00f1amos. Nuestra profesi\u00f3n implica dar opiniones. En este momento que est\u00e1 atravesando nuestro pa\u00eds no podemos hacernos los desentendidos. Si vamos a hacerla, la vamos a hacer bien.<\/p>\n","protected":false},"author":203,"featured_media":5476,"comment_status":"closed","ping_status":"closed","sticky":false,"template":"","format":"standard","meta":{"jetpack_post_was_ever_published":false,"_jetpack_newsletter_access":"","_jetpack_dont_email_post_to_subs":false,"_jetpack_newsletter_tier_id":0,"_jetpack_memberships_contains_paywalled_content":false,"_jetpack_memberships_contains_paid_content":false,"footnotes":"","jetpack_publicize_message":"","jetpack_publicize_feature_enabled":true,"jetpack_social_post_already_shared":true,"jetpack_social_options":{"image_generator_settings":{"template":"highway","default_image_id":0,"font":"","enabled":false},"version":2}},"categories":[24],"tags":[301,303,298,302,300,299,229,304],"class_list":["post-5473","post","type-post","status-publish","format-standard","has-post-thumbnail","hentry","category-revista","tag-charlie-hebdo","tag-democracia","tag-discurso","tag-je-suis-charlie","tag-ley-de-medios","tag-libertad-de-prensa","tag-medios-de-comunicacion","tag-revista-barcelona"],"jetpack_publicize_connections":[],"jetpack_featured_media_url":"https:\/\/www.catedracosgaya.com.ar\/tipoblog\/2015\/wp-content\/uploads\/2015\/10\/Hoy-lo-ten\u00eda-que-decir...-yo-sigo-siendo-Charlie-Hebdo....png","jetpack_sharing_enabled":true,"jetpack_shortlink":"https:\/\/wp.me\/p6gfAF-1qh","_links":{"self":[{"href":"https:\/\/www.catedracosgaya.com.ar\/tipoblog\/2015\/wp-json\/wp\/v2\/posts\/5473","targetHints":{"allow":["GET"]}}],"collection":[{"href":"https:\/\/www.catedracosgaya.com.ar\/tipoblog\/2015\/wp-json\/wp\/v2\/posts"}],"about":[{"href":"https:\/\/www.catedracosgaya.com.ar\/tipoblog\/2015\/wp-json\/wp\/v2\/types\/post"}],"author":[{"embeddable":true,"href":"https:\/\/www.catedracosgaya.com.ar\/tipoblog\/2015\/wp-json\/wp\/v2\/users\/203"}],"replies":[{"embeddable":true,"href":"https:\/\/www.catedracosgaya.com.ar\/tipoblog\/2015\/wp-json\/wp\/v2\/comments?post=5473"}],"version-history":[{"count":4,"href":"https:\/\/www.catedracosgaya.com.ar\/tipoblog\/2015\/wp-json\/wp\/v2\/posts\/5473\/revisions"}],"predecessor-version":[{"id":5478,"href":"https:\/\/www.catedracosgaya.com.ar\/tipoblog\/2015\/wp-json\/wp\/v2\/posts\/5473\/revisions\/5478"}],"wp:featuredmedia":[{"embeddable":true,"href":"https:\/\/www.catedracosgaya.com.ar\/tipoblog\/2015\/wp-json\/wp\/v2\/media\/5476"}],"wp:attachment":[{"href":"https:\/\/www.catedracosgaya.com.ar\/tipoblog\/2015\/wp-json\/wp\/v2\/media?parent=5473"}],"wp:term":[{"taxonomy":"category","embeddable":true,"href":"https:\/\/www.catedracosgaya.com.ar\/tipoblog\/2015\/wp-json\/wp\/v2\/categories?post=5473"},{"taxonomy":"post_tag","embeddable":true,"href":"https:\/\/www.catedracosgaya.com.ar\/tipoblog\/2015\/wp-json\/wp\/v2\/tags?post=5473"}],"curies":[{"name":"wp","href":"https:\/\/api.w.org\/{rel}","templated":true}]}}