{"id":5401,"date":"2015-10-22T02:44:19","date_gmt":"2015-10-22T02:44:19","guid":{"rendered":"http:\/\/www.catedracosgaya.com.ar\/tipoblog\/2015\/?p=5401"},"modified":"2015-10-22T02:46:10","modified_gmt":"2015-10-22T02:46:10","slug":"como-nacio-la-revista","status":"publish","type":"post","link":"https:\/\/www.catedracosgaya.com.ar\/tipoblog\/2015\/como-nacio-la-revista\/","title":{"rendered":"\u00bfC\u00f3mo naci\u00f3 la revista?"},"content":{"rendered":"<p>\u00bfC\u00f3mo naci\u00f3 la revista?<\/p>\n<p>Se piensa que la revista naci\u00f3 hacia finales del siglo XIX pero realmente, unos siglos m\u00e1s atr\u00e1s podemos ubicar publicaciones peri\u00f3dicas que no fueran solamente informativas , sino en forma de compendios que se originan con la finalidad de entretener a un tipo de lector en particular. \u00a0En esta \u00e9poca, hacer una revista tomaba mucho tiempo y los principales temas de inter\u00e9s no se alejaban mucho de los que ya se ve\u00edan en los diarios: clima, comunicaciones, poblaci\u00f3n y otros temas informativos, \u00a0junto con la prosa literaria y poemas de breve extensi\u00f3n. Quiz\u00e1s lo principal que diferenciaba a la revista del diario, era la forma en la que se dirig\u00eda y hacia qu\u00e9 p\u00fablico se enfocaba.<\/p>\n<p>La revista moderna tiene sus ra\u00edces en almanaques, panfletos, chapbooks y posters los cuales empezaron a aparecer con m\u00e1s frecuencia y fueron dise\u00f1ados respondiendo a un inter\u00e9s en particular. Siguiendo en esta l\u00ednea, entre los a\u00f1os 1663 a 1668, fue publicada la revista alemana Erbauliche monaths-unterredunge que se considera la primera revista del mundo, a pesar de que se pareciese m\u00e1s a un libro con art\u00edculos de teolog\u00eda que a una revista en s\u00ed, fue la precursora para que revistas de esta misma especie empezaran a aparecer en Francia, Inglaterra e Italia.<\/p>\n<p><a href=\"http:\/\/www.catedracosgaya.com.ar\/tipoblog\/2015\/wp-content\/uploads\/2015\/10\/lieder17864.jpg\"><img loading=\"lazy\" decoding=\"async\" class=\"alignnone  wp-image-5404\" src=\"http:\/\/www.catedracosgaya.com.ar\/tipoblog\/2015\/wp-content\/uploads\/2015\/10\/lieder17864-183x300.jpg\" alt=\"lieder17864\" width=\"297\" height=\"355\" \/><\/a><\/p>\n<p><em>Erbauliche monaths-unterredunge, revista alemana de filosof\u00eda.<\/em><\/p>\n<p>&nbsp;<\/p>\n<p><a href=\"http:\/\/www.catedracosgaya.com.ar\/tipoblog\/2015\/wp-content\/uploads\/2015\/10\/figura01.jpg\"><img loading=\"lazy\" decoding=\"async\" class=\"alignnone size-medium wp-image-5403\" src=\"http:\/\/www.catedracosgaya.com.ar\/tipoblog\/2015\/wp-content\/uploads\/2015\/10\/figura01-300x214.jpg\" alt=\"figura01\" width=\"300\" height=\"214\" srcset=\"https:\/\/www.catedracosgaya.com.ar\/tipoblog\/2015\/wp-content\/uploads\/2015\/10\/figura01-300x214.jpg 300w, https:\/\/www.catedracosgaya.com.ar\/tipoblog\/2015\/wp-content\/uploads\/2015\/10\/figura01.jpg 670w\" sizes=\"auto, (max-width: 300px) 100vw, 300px\" \/><\/a><\/p>\n<p><em>Revista francesa fundada en 1672, nacio <\/em><em>\u00a0primero como una publicaci\u00f3n trimestral y m\u00e1s tarde con periodicidad mensual. Ofrec\u00eda noticias variadas adem\u00e1s de publicar poemas e historietas.<\/em><\/p>\n<p>&nbsp;<\/p>\n<p><a href=\"http:\/\/www.catedracosgaya.com.ar\/tipoblog\/2015\/wp-content\/uploads\/2015\/10\/11tatler.jpg\"><img loading=\"lazy\" decoding=\"async\" class=\"alignnone size-medium wp-image-5402\" src=\"http:\/\/www.catedracosgaya.com.ar\/tipoblog\/2015\/wp-content\/uploads\/2015\/10\/11tatler-300x264.jpg\" alt=\"11tatler\" width=\"300\" height=\"264\" srcset=\"https:\/\/www.catedracosgaya.com.ar\/tipoblog\/2015\/wp-content\/uploads\/2015\/10\/11tatler-300x264.jpg 300w, https:\/\/www.catedracosgaya.com.ar\/tipoblog\/2015\/wp-content\/uploads\/2015\/10\/11tatler-1024x901.jpg 1024w, https:\/\/www.catedracosgaya.com.ar\/tipoblog\/2015\/wp-content\/uploads\/2015\/10\/11tatler.jpg 2001w\" sizes=\"auto, (max-width: 300px) 100vw, 300px\" \/><\/a><\/p>\n<p><em>\u00a0<\/em><em>Fue fundado en 1709 por Richard Steel. Su idea era publicar noticias y chismes escuchados en los caf\u00e9s londinenses, de ah\u00ed el t\u00edtulo, y sobre todo, para dejar los temas de pol\u00edtica a los peri\u00f3dicos tradicionales<\/em><\/p>\n<p><em>\u00a0<\/em><\/p>\n<p>La publicaci\u00f3n de revistas se fue consolidando como actividad altamente rentable y para principios del siglo XIX una audiencia ya hab\u00eda sido identificada por ende nuevos tipos de revistas empezaron a circular debido al inter\u00e9s mostrado por este nuevo p\u00fablico. La revista se benefici\u00f3 definitivamente con el avance de la tecnolog\u00eda: empezaron a utilizar ilustraciones xilogr\u00e1ficas y grabados, la incorporaci\u00f3n de un nuevo papel m\u00e1s barato, la invenci\u00f3n de la prensa rotativa y sobre todo la adici\u00f3n de las propagandas como soporte financiero favorecieron a esta \u00a0industria en crecimiento. Hasta llegar a la revista actual, podemos ver que el avance tecnol\u00f3gico sigue siendo un gran factor desde su producci\u00f3n hasta su distribuci\u00f3n.<\/p>\n<p>En un principio los temas de las revistas eran escasos para lo que nosotros estamos actualmente, que no sal\u00edan de la comodidad de presentar temas informativos y chismes. Ahora, si bien se conocen distintos tipos de revista, los podemos clasificar en estos grupos:<\/p>\n<p><strong>&#8211; Informativas:<\/strong> su fin es comunicar o divulgar cierta informaci\u00f3n. Se diferencia del diario en el tiempo de producci\u00f3n.<\/p>\n<p><strong>\u00a0&#8211; De ocio:<\/strong> son utilizadas como medio de entretenimiento. Se considera que las primeras revistas publicadas ten\u00edan como fin entretener a sus lectores, aunque estas adem\u00e1s ten\u00edan contenido informativo.<\/p>\n<p><strong>\u00a0&#8211; De divulgaci\u00f3n cient\u00edfica:<\/strong> su fin es comunicar acerca de los avances, investigaciones y descubrimientos en materia de la ciencia.\u00a0 Se considera que tiene tres fines espec\u00edficos, el primero\u00a0 se relaciona con la funci\u00f3n de archivo (b\u00fasqueda de informaci\u00f3n). En segundo lugar como \u201cfiltro\u201d (s\u00f3lo es publicada la informaci\u00f3n que se considera apropiada). Por \u00faltimo como medio de prestigio.<\/p>\n<p><strong>\u00a0&#8211; Especializadas:<\/strong> estas revistas se caracterizan por tratar un tema o materia en particular. Generalmente estas revistas est\u00e1s orientadas a un p\u00fablico que trabaje en dichas disciplinas, es decir que no son masivas.<\/p>\n<p><a href=\"http:\/\/www.catedracosgaya.com.ar\/tipoblog\/2015\/wp-content\/uploads\/2015\/10\/\u00a1Hola_magazine_cover.jpg\"><img loading=\"lazy\" decoding=\"async\" class=\"alignnone  wp-image-5409\" src=\"http:\/\/www.catedracosgaya.com.ar\/tipoblog\/2015\/wp-content\/uploads\/2015\/10\/\u00a1Hola_magazine_cover-216x300.jpg\" alt=\"\u00a1Hola!_(magazine)_cover\" width=\"150\" height=\"220\" \/><\/a> <a href=\"http:\/\/www.catedracosgaya.com.ar\/tipoblog\/2015\/wp-content\/uploads\/2015\/10\/media-nelson-mandela-time-magazine-cover.jpg\"><img loading=\"lazy\" decoding=\"async\" class=\"alignnone  wp-image-5407\" src=\"http:\/\/www.catedracosgaya.com.ar\/tipoblog\/2015\/wp-content\/uploads\/2015\/10\/media-nelson-mandela-time-magazine-cover-225x300.jpg\" alt=\"media-nelson-mandela-time-magazine-cover\" width=\"153\" height=\"216\" \/><\/a> <a href=\"http:\/\/www.catedracosgaya.com.ar\/tipoblog\/2015\/wp-content\/uploads\/2015\/10\/sept-cover-13a.jpeg\"><img loading=\"lazy\" decoding=\"async\" class=\"alignnone  wp-image-5406\" src=\"http:\/\/www.catedracosgaya.com.ar\/tipoblog\/2015\/wp-content\/uploads\/2015\/10\/sept-cover-13a-231x300.jpeg\" alt=\"DSC-CV0913_UPC.indd\" width=\"177\" height=\"216\" \/><\/a> <a href=\"http:\/\/www.catedracosgaya.com.ar\/tipoblog\/2015\/wp-content\/uploads\/2015\/10\/gourmet_3_marzo13.jpg\"><img loading=\"lazy\" decoding=\"async\" class=\"alignnone  wp-image-5405\" src=\"http:\/\/www.catedracosgaya.com.ar\/tipoblog\/2015\/wp-content\/uploads\/2015\/10\/gourmet_3_marzo13-224x300.jpg\" alt=\"gourmet_3_marzo13\" width=\"169\" height=\"215\" \/><\/a><\/p>\n","protected":false},"excerpt":{"rendered":"<p>\u00bfC\u00f3mo naci\u00f3 la revista? Se piensa que la revista naci\u00f3 hacia finales del siglo XIX pero realmente, unos siglos m\u00e1s atr\u00e1s podemos ubicar publicaciones peri\u00f3dicas que no fueran solamente informativas , sino en forma de [&hellip;]<\/p>\n","protected":false},"author":194,"featured_media":5404,"comment_status":"closed","ping_status":"closed","sticky":false,"template":"","format":"standard","meta":{"jetpack_post_was_ever_published":false,"_jetpack_newsletter_access":"","_jetpack_dont_email_post_to_subs":false,"_jetpack_newsletter_tier_id":0,"_jetpack_memberships_contains_paywalled_content":false,"_jetpack_memberships_contains_paid_content":false,"footnotes":"","jetpack_publicize_message":"","jetpack_publicize_feature_enabled":true,"jetpack_social_post_already_shared":true,"jetpack_social_options":{"image_generator_settings":{"template":"highway","default_image_id":0,"font":"","enabled":false},"version":2}},"categories":[24],"tags":[228,291,272],"class_list":["post-5401","post","type-post","status-publish","format-standard","has-post-thumbnail","hentry","category-revista","tag-diseno-editorial","tag-origen","tag-revista"],"jetpack_publicize_connections":[],"jetpack_featured_media_url":"https:\/\/www.catedracosgaya.com.ar\/tipoblog\/2015\/wp-content\/uploads\/2015\/10\/lieder17864.jpg","jetpack_sharing_enabled":true,"jetpack_shortlink":"https:\/\/wp.me\/p6gfAF-1p7","_links":{"self":[{"href":"https:\/\/www.catedracosgaya.com.ar\/tipoblog\/2015\/wp-json\/wp\/v2\/posts\/5401","targetHints":{"allow":["GET"]}}],"collection":[{"href":"https:\/\/www.catedracosgaya.com.ar\/tipoblog\/2015\/wp-json\/wp\/v2\/posts"}],"about":[{"href":"https:\/\/www.catedracosgaya.com.ar\/tipoblog\/2015\/wp-json\/wp\/v2\/types\/post"}],"author":[{"embeddable":true,"href":"https:\/\/www.catedracosgaya.com.ar\/tipoblog\/2015\/wp-json\/wp\/v2\/users\/194"}],"replies":[{"embeddable":true,"href":"https:\/\/www.catedracosgaya.com.ar\/tipoblog\/2015\/wp-json\/wp\/v2\/comments?post=5401"}],"version-history":[{"count":1,"href":"https:\/\/www.catedracosgaya.com.ar\/tipoblog\/2015\/wp-json\/wp\/v2\/posts\/5401\/revisions"}],"predecessor-version":[{"id":5410,"href":"https:\/\/www.catedracosgaya.com.ar\/tipoblog\/2015\/wp-json\/wp\/v2\/posts\/5401\/revisions\/5410"}],"wp:featuredmedia":[{"embeddable":true,"href":"https:\/\/www.catedracosgaya.com.ar\/tipoblog\/2015\/wp-json\/wp\/v2\/media\/5404"}],"wp:attachment":[{"href":"https:\/\/www.catedracosgaya.com.ar\/tipoblog\/2015\/wp-json\/wp\/v2\/media?parent=5401"}],"wp:term":[{"taxonomy":"category","embeddable":true,"href":"https:\/\/www.catedracosgaya.com.ar\/tipoblog\/2015\/wp-json\/wp\/v2\/categories?post=5401"},{"taxonomy":"post_tag","embeddable":true,"href":"https:\/\/www.catedracosgaya.com.ar\/tipoblog\/2015\/wp-json\/wp\/v2\/tags?post=5401"}],"curies":[{"name":"wp","href":"https:\/\/api.w.org\/{rel}","templated":true}]}}