{"id":5342,"date":"2015-10-22T04:04:53","date_gmt":"2015-10-22T04:04:53","guid":{"rendered":"http:\/\/www.catedracosgaya.com.ar\/tipoblog\/2015\/?p=5342"},"modified":"2015-10-22T04:04:53","modified_gmt":"2015-10-22T04:04:53","slug":"revista-x-cine","status":"publish","type":"post","link":"https:\/\/www.catedracosgaya.com.ar\/tipoblog\/2015\/revista-x-cine\/","title":{"rendered":"Revista x Cine"},"content":{"rendered":"<p>Las revistas de cine surgieron y convivieron hasta la actualidad a partir del mismo y de su demanda, ya que las personas encontraron en este tipo de medio de informaci\u00f3n un acercamiento a las noticias relacionadas a esta tem\u00e1tica de su inter\u00e9s.<\/p>\n<p>Desde 1900 hasta la actualidad, podemos ver cambios en el dise\u00f1o de estas revistas. En las primeras, se daba m\u00e1s importancia a la marca, poni\u00e9ndola al mismo nivel de lectura que la foto de la nota principal en la tapa, y el dise\u00f1o de las portadas eran parecidas a las de un libro. Luego tom\u00f3 mayor importancia la imagen, y se integr\u00f3 de mejor manera con el t\u00edtulo de la noticia y la marca, m\u00e1s all\u00e1 de la experimentaci\u00f3n con nuevos recursos que se incluyeron en la est\u00e9tica de la revista.<\/p>\n<p>La diversidad de dise\u00f1os dentro de una misma tem\u00e1tica dan a entender las distintas influencias y enfoques de cada dise\u00f1ador en su decisi\u00f3n de trabajo. Aunque vemos que siguen una misma l\u00ednea, utilizando generalmente primeros planos de personajes principales que forman parte de las notas principales, los recursos tipogr\u00e1ficos son variados, as\u00ed como tambi\u00e9n la disposici\u00f3n de bloques de textos en la p\u00e1gina, articulados con la imagen. Las jerarqu\u00edas, en algunas tapas son claras y reducidas, mientras que en otras son tan excesivas en cantidad que la armon\u00eda y orden de la p\u00e1gina se pierden. Otra variaci\u00f3n est\u00e1 en la importancia de la nota principal, ya que en algunas portadas s\u00f3lo aparece la informaci\u00f3n e imagen sobre la nota que predomina, mientras que en otras, si bien el protagonismo de la imagen central no se pierde, el lector tiene otras posibilidades para apreciar desde la portada misma.<\/p>\n<figure id=\"attachment_5348\" aria-describedby=\"caption-attachment-5348\" style=\"width: 198px\" class=\"wp-caption alignnone\"><a href=\"http:\/\/www.catedracosgaya.com.ar\/tipoblog\/2015\/wp-content\/uploads\/2015\/10\/1915.jpg\"><img loading=\"lazy\" decoding=\"async\" class=\"size-medium wp-image-5348\" src=\"http:\/\/www.catedracosgaya.com.ar\/tipoblog\/2015\/wp-content\/uploads\/2015\/10\/1915-198x300.jpg\" alt=\"Tapa de CINE GACETA. Disposici\u00f3n de textos e imagen, uso de miscel\u00e1neas. Marca como objeto principal.\" width=\"198\" height=\"300\" srcset=\"https:\/\/www.catedracosgaya.com.ar\/tipoblog\/2015\/wp-content\/uploads\/2015\/10\/1915-198x300.jpg 198w, https:\/\/www.catedracosgaya.com.ar\/tipoblog\/2015\/wp-content\/uploads\/2015\/10\/1915.jpg 200w\" sizes=\"auto, (max-width: 198px) 100vw, 198px\" \/><\/a><figcaption id=\"caption-attachment-5348\" class=\"wp-caption-text\">1915. Tapa de CINE GACETA. Disposici\u00f3n de textos e imagen, uso de miscel\u00e1neas. Marca como objeto principal.<\/figcaption><\/figure>\n<figure id=\"attachment_5349\" aria-describedby=\"caption-attachment-5349\" style=\"width: 230px\" class=\"wp-caption alignnone\"><a href=\"http:\/\/www.catedracosgaya.com.ar\/tipoblog\/2015\/wp-content\/uploads\/2015\/10\/306349.jpg\"><img loading=\"lazy\" decoding=\"async\" class=\" wp-image-5349\" src=\"http:\/\/www.catedracosgaya.com.ar\/tipoblog\/2015\/wp-content\/uploads\/2015\/10\/306349-259x300.jpg\" alt=\"Tapa de revista CINE. Relaci\u00f3n marca-imagen principal.\" width=\"230\" height=\"276\" \/><\/a><figcaption id=\"caption-attachment-5349\" class=\"wp-caption-text\">1950. Tapa de revista CINE. Relaci\u00f3n marca-imagen principal.<\/figcaption><\/figure>\n<figure id=\"attachment_5364\" aria-describedby=\"caption-attachment-5364\" style=\"width: 225px\" class=\"wp-caption alignnone\"><a href=\"http:\/\/www.catedracosgaya.com.ar\/tipoblog\/2015\/wp-content\/uploads\/2015\/10\/lote-de-30-revistas-espanolas-antiguas-de-cine-fotogramas-6196-MLA4597257196_072013-F.jpg\"><img loading=\"lazy\" decoding=\"async\" class=\"size-medium wp-image-5364\" src=\"http:\/\/www.catedracosgaya.com.ar\/tipoblog\/2015\/wp-content\/uploads\/2015\/10\/lote-de-30-revistas-espanolas-antiguas-de-cine-fotogramas-6196-MLA4597257196_072013-F-225x300.jpg\" alt=\"Tapa de la revista espa\u00f1ola FOTOGRAMAS. Distinta disposici\u00f3n de textos.\" width=\"225\" height=\"300\" srcset=\"https:\/\/www.catedracosgaya.com.ar\/tipoblog\/2015\/wp-content\/uploads\/2015\/10\/lote-de-30-revistas-espanolas-antiguas-de-cine-fotogramas-6196-MLA4597257196_072013-F-225x300.jpg 225w, https:\/\/www.catedracosgaya.com.ar\/tipoblog\/2015\/wp-content\/uploads\/2015\/10\/lote-de-30-revistas-espanolas-antiguas-de-cine-fotogramas-6196-MLA4597257196_072013-F-768x1024.jpg 768w, https:\/\/www.catedracosgaya.com.ar\/tipoblog\/2015\/wp-content\/uploads\/2015\/10\/lote-de-30-revistas-espanolas-antiguas-de-cine-fotogramas-6196-MLA4597257196_072013-F.jpg 900w\" sizes=\"auto, (max-width: 225px) 100vw, 225px\" \/><\/a><figcaption id=\"caption-attachment-5364\" class=\"wp-caption-text\">1962. Tapa de la revista espa\u00f1ola FOTOGRAMAS. Disposici\u00f3n de textos.<\/figcaption><\/figure>\n<figure id=\"attachment_5353\" aria-describedby=\"caption-attachment-5353\" style=\"width: 218px\" class=\"wp-caption alignnone\"><a href=\"http:\/\/www.catedracosgaya.com.ar\/tipoblog\/2015\/wp-content\/uploads\/2015\/10\/1991.jpg\"><img loading=\"lazy\" decoding=\"async\" class=\"size-medium wp-image-5353\" src=\"http:\/\/www.catedracosgaya.com.ar\/tipoblog\/2015\/wp-content\/uploads\/2015\/10\/1991-218x300.jpg\" alt=\"Portada de CINEMA. Jerarqu\u00edas de noticias.\" width=\"218\" height=\"300\" srcset=\"https:\/\/www.catedracosgaya.com.ar\/tipoblog\/2015\/wp-content\/uploads\/2015\/10\/1991-218x300.jpg 218w, https:\/\/www.catedracosgaya.com.ar\/tipoblog\/2015\/wp-content\/uploads\/2015\/10\/1991.jpg 454w\" sizes=\"auto, (max-width: 218px) 100vw, 218px\" \/><\/a><figcaption id=\"caption-attachment-5353\" class=\"wp-caption-text\">1991. Portada de CINEMA. Distintas jerarqu\u00edas de noticias.<\/figcaption><\/figure>\n<figure id=\"attachment_5355\" aria-describedby=\"caption-attachment-5355\" style=\"width: 209px\" class=\"wp-caption alignnone\"><a href=\"http:\/\/www.catedracosgaya.com.ar\/tipoblog\/2015\/wp-content\/uploads\/2015\/10\/2001.jpg\"><img loading=\"lazy\" decoding=\"async\" class=\"size-medium wp-image-5355\" src=\"http:\/\/www.catedracosgaya.com.ar\/tipoblog\/2015\/wp-content\/uploads\/2015\/10\/2001-209x300.jpg\" alt=\"Tapa de SECUENCIAS. Morfolog\u00eda de la imagen y la disposici\u00f3n tipogr\u00e1fica.\" width=\"209\" height=\"300\" srcset=\"https:\/\/www.catedracosgaya.com.ar\/tipoblog\/2015\/wp-content\/uploads\/2015\/10\/2001-209x300.jpg 209w, https:\/\/www.catedracosgaya.com.ar\/tipoblog\/2015\/wp-content\/uploads\/2015\/10\/2001.jpg 393w\" sizes=\"auto, (max-width: 209px) 100vw, 209px\" \/><\/a><figcaption id=\"caption-attachment-5355\" class=\"wp-caption-text\">2001. Tapa de SECUENCIAS. Morfolog\u00eda de la imagen y la disposici\u00f3n tipogr\u00e1fica.<\/figcaption><\/figure>\n<figure id=\"attachment_5356\" aria-describedby=\"caption-attachment-5356\" style=\"width: 221px\" class=\"wp-caption alignnone\"><a href=\"http:\/\/www.catedracosgaya.com.ar\/tipoblog\/2015\/wp-content\/uploads\/2015\/10\/2002.jpg\"><img loading=\"lazy\" decoding=\"async\" class=\"size-medium wp-image-5356\" src=\"http:\/\/www.catedracosgaya.com.ar\/tipoblog\/2015\/wp-content\/uploads\/2015\/10\/2002-221x300.jpg\" alt=\"Tapa de CAHIERS DE CINEMA. Importancia de la nota principal. Encuadre.\" width=\"221\" height=\"300\" \/><\/a><figcaption id=\"caption-attachment-5356\" class=\"wp-caption-text\">2002. Tapa de CAHIERS DE CINEMA. Importancia de la nota principal. Encuadre.<\/figcaption><\/figure>\n<figure id=\"attachment_5358\" aria-describedby=\"caption-attachment-5358\" style=\"width: 213px\" class=\"wp-caption alignnone\"><a href=\"http:\/\/www.catedracosgaya.com.ar\/tipoblog\/2015\/wp-content\/uploads\/2015\/10\/a01edb694c3f047cbf15b95f03ce9b52.jpg\"><img loading=\"lazy\" decoding=\"async\" class=\"size-medium wp-image-5358\" src=\"http:\/\/www.catedracosgaya.com.ar\/tipoblog\/2015\/wp-content\/uploads\/2015\/10\/a01edb694c3f047cbf15b95f03ce9b52-213x300.jpg\" alt=\"Tapa de HACIENDO CINE. Uso de texturas y contrastes.\" width=\"213\" height=\"300\" srcset=\"https:\/\/www.catedracosgaya.com.ar\/tipoblog\/2015\/wp-content\/uploads\/2015\/10\/a01edb694c3f047cbf15b95f03ce9b52-213x300.jpg 213w, https:\/\/www.catedracosgaya.com.ar\/tipoblog\/2015\/wp-content\/uploads\/2015\/10\/a01edb694c3f047cbf15b95f03ce9b52.jpg 236w\" sizes=\"auto, (max-width: 213px) 100vw, 213px\" \/><\/a><figcaption id=\"caption-attachment-5358\" class=\"wp-caption-text\">2011. Tapa de HACIENDO CINE. Uso de texturas y contrastes.<\/figcaption><\/figure>\n<figure id=\"attachment_5367\" aria-describedby=\"caption-attachment-5367\" style=\"width: 231px\" class=\"wp-caption alignnone\"><a href=\"http:\/\/www.catedracosgaya.com.ar\/tipoblog\/2015\/wp-content\/uploads\/2015\/10\/30077141736ecabc75bef193448e2d3f.jpg\"><img loading=\"lazy\" decoding=\"async\" class=\"size-medium wp-image-5367\" src=\"http:\/\/www.catedracosgaya.com.ar\/tipoblog\/2015\/wp-content\/uploads\/2015\/10\/30077141736ecabc75bef193448e2d3f-231x300.jpg\" alt=\"2013. Tapa de EMPIRE. Importancia de la nota principal en la portada.\" width=\"231\" height=\"300\" srcset=\"https:\/\/www.catedracosgaya.com.ar\/tipoblog\/2015\/wp-content\/uploads\/2015\/10\/30077141736ecabc75bef193448e2d3f-231x300.jpg 231w, https:\/\/www.catedracosgaya.com.ar\/tipoblog\/2015\/wp-content\/uploads\/2015\/10\/30077141736ecabc75bef193448e2d3f.jpg 588w\" sizes=\"auto, (max-width: 231px) 100vw, 231px\" \/><\/a><figcaption id=\"caption-attachment-5367\" class=\"wp-caption-text\">2013. Tapa de EMPIRE. Importancia de la nota principal en la portada.<\/figcaption><\/figure>\n<figure id=\"attachment_5357\" aria-describedby=\"caption-attachment-5357\" style=\"width: 225px\" class=\"wp-caption alignnone\"><a href=\"http:\/\/www.catedracosgaya.com.ar\/tipoblog\/2015\/wp-content\/uploads\/2015\/10\/3e8939_3f9d54ccc0c445afa2096202c887732c.jpg_srz_1317_1754_85_22_0.50_1.20_0.00_jpg_srz.jpg\"><img loading=\"lazy\" decoding=\"async\" class=\"size-medium wp-image-5357\" src=\"http:\/\/www.catedracosgaya.com.ar\/tipoblog\/2015\/wp-content\/uploads\/2015\/10\/3e8939_3f9d54ccc0c445afa2096202c887732c.jpg_srz_1317_1754_85_22_0.50_1.20_0.00_jpg_srz-225x300.jpg\" alt=\"2014. Tapa de la revista CINEMAN\u00cdA. Intervenci\u00f3n de la fotograf\u00eda con ilustraci\u00f3n.\" width=\"225\" height=\"300\" srcset=\"https:\/\/www.catedracosgaya.com.ar\/tipoblog\/2015\/wp-content\/uploads\/2015\/10\/3e8939_3f9d54ccc0c445afa2096202c887732c.jpg_srz_1317_1754_85_22_0.50_1.20_0.00_jpg_srz-225x300.jpg 225w, https:\/\/www.catedracosgaya.com.ar\/tipoblog\/2015\/wp-content\/uploads\/2015\/10\/3e8939_3f9d54ccc0c445afa2096202c887732c.jpg_srz_1317_1754_85_22_0.50_1.20_0.00_jpg_srz-769x1024.jpg 769w, https:\/\/www.catedracosgaya.com.ar\/tipoblog\/2015\/wp-content\/uploads\/2015\/10\/3e8939_3f9d54ccc0c445afa2096202c887732c.jpg_srz_1317_1754_85_22_0.50_1.20_0.00_jpg_srz.jpg 1317w\" sizes=\"auto, (max-width: 225px) 100vw, 225px\" \/><\/a><figcaption id=\"caption-attachment-5357\" class=\"wp-caption-text\">2014. Tapa de la revista CINEMAN\u00cdA. Intervenci\u00f3n de la fotograf\u00eda con ilustraci\u00f3n.<\/figcaption><\/figure>\n","protected":false},"excerpt":{"rendered":"<p>Desde la primer revista de cine hasta la actualidad<\/p>\n","protected":false},"author":205,"featured_media":5364,"comment_status":"closed","ping_status":"closed","sticky":false,"template":"","format":"standard","meta":{"jetpack_post_was_ever_published":false,"_jetpack_newsletter_access":"","_jetpack_dont_email_post_to_subs":false,"_jetpack_newsletter_tier_id":0,"_jetpack_memberships_contains_paywalled_content":false,"_jetpack_memberships_contains_paid_content":false,"footnotes":"","jetpack_publicize_message":"","jetpack_publicize_feature_enabled":true,"jetpack_social_post_already_shared":true,"jetpack_social_options":{"image_generator_settings":{"template":"highway","default_image_id":0,"font":"","enabled":false},"version":2}},"categories":[24],"tags":[283,282,137,38,281,28,82,272],"class_list":["post-5342","post","type-post","status-publish","format-standard","has-post-thumbnail","hentry","category-revista","tag-cambios","tag-cine","tag-composicion","tag-diseno","tag-edicion-impresa","tag-ediciones","tag-portada","tag-revista"],"jetpack_publicize_connections":[],"jetpack_featured_media_url":"https:\/\/www.catedracosgaya.com.ar\/tipoblog\/2015\/wp-content\/uploads\/2015\/10\/lote-de-30-revistas-espanolas-antiguas-de-cine-fotogramas-6196-MLA4597257196_072013-F.jpg","jetpack_sharing_enabled":true,"jetpack_shortlink":"https:\/\/wp.me\/p6gfAF-1oa","_links":{"self":[{"href":"https:\/\/www.catedracosgaya.com.ar\/tipoblog\/2015\/wp-json\/wp\/v2\/posts\/5342","targetHints":{"allow":["GET"]}}],"collection":[{"href":"https:\/\/www.catedracosgaya.com.ar\/tipoblog\/2015\/wp-json\/wp\/v2\/posts"}],"about":[{"href":"https:\/\/www.catedracosgaya.com.ar\/tipoblog\/2015\/wp-json\/wp\/v2\/types\/post"}],"author":[{"embeddable":true,"href":"https:\/\/www.catedracosgaya.com.ar\/tipoblog\/2015\/wp-json\/wp\/v2\/users\/205"}],"replies":[{"embeddable":true,"href":"https:\/\/www.catedracosgaya.com.ar\/tipoblog\/2015\/wp-json\/wp\/v2\/comments?post=5342"}],"version-history":[{"count":9,"href":"https:\/\/www.catedracosgaya.com.ar\/tipoblog\/2015\/wp-json\/wp\/v2\/posts\/5342\/revisions"}],"predecessor-version":[{"id":5375,"href":"https:\/\/www.catedracosgaya.com.ar\/tipoblog\/2015\/wp-json\/wp\/v2\/posts\/5342\/revisions\/5375"}],"wp:featuredmedia":[{"embeddable":true,"href":"https:\/\/www.catedracosgaya.com.ar\/tipoblog\/2015\/wp-json\/wp\/v2\/media\/5364"}],"wp:attachment":[{"href":"https:\/\/www.catedracosgaya.com.ar\/tipoblog\/2015\/wp-json\/wp\/v2\/media?parent=5342"}],"wp:term":[{"taxonomy":"category","embeddable":true,"href":"https:\/\/www.catedracosgaya.com.ar\/tipoblog\/2015\/wp-json\/wp\/v2\/categories?post=5342"},{"taxonomy":"post_tag","embeddable":true,"href":"https:\/\/www.catedracosgaya.com.ar\/tipoblog\/2015\/wp-json\/wp\/v2\/tags?post=5342"}],"curies":[{"name":"wp","href":"https:\/\/api.w.org\/{rel}","templated":true}]}}