{"id":5313,"date":"2015-10-19T20:00:31","date_gmt":"2015-10-19T20:00:31","guid":{"rendered":"http:\/\/www.catedracosgaya.com.ar\/tipoblog\/2015\/?p=5313"},"modified":"2015-10-19T20:06:54","modified_gmt":"2015-10-19T20:06:54","slug":"la-revista-y-el-rol-de-la-mujer-en-la-sociedad","status":"publish","type":"post","link":"https:\/\/www.catedracosgaya.com.ar\/tipoblog\/2015\/la-revista-y-el-rol-de-la-mujer-en-la-sociedad\/","title":{"rendered":"La revista y el rol de la mujer en la sociedad"},"content":{"rendered":"<hr \/>\n<p>&nbsp;<\/p>\n<p><em><strong>Breve recorrido hist\u00f3rico<\/strong><\/em><br \/>\nEn el siglo XIX, con el auge de las publicaciones para mujeres, y con la consolidaci\u00f3n del sector femenino como un fuerte consumidor de productos editoriales, se afianzaron las revistas como importantes formadoras del rol de la mujer en la sociedad.<br \/>\nSiguiendo el modelo de ama de casa ejemplar de la \u00e9poca, con el relegamiento a la maternidad como su \u00fanico fin y el despojo de su sexualidad, la figura de la esposa deb\u00eda ser angelical y pura, devota y dedicada. Las revistas, cuyo contenido, curiosamente, no era producido por mujeres, se extendieron en notas de c\u00f3mo realizar sus tareas dom\u00e9sticas correctamente, o criar adecuadamente a los hijos, y sirvieron como apoyo de disciplinamiento muy fuerte sobre la ideolog\u00eda contempor\u00e1nea. El material de lectura en sus momentos ociosos era, entonces, una reafirmaci\u00f3n de su rol, impartido de forma cotidiana.<br \/>\nEn contraste, circulaban de manera m\u00e1s sofocada y reprimida, mayormente en Europa y Norteam\u00e9rica, otras publicaciones autogestionadas, cuyo contenido si era producido por el p\u00fablico al cual apuntaba, en torno a la tem\u00e1tica pro-sufragio y la inclusi\u00f3n femenina en la pol\u00edtica.<br \/>\n<em>Es interesante remarcar y reflexionar sobre esta brecha de la relaci\u00f3n entre autor y lector, tan marcadamente diferente en estos casos. Ninguno de los dos discursos son ingenuos, y su funci\u00f3n se presenta de forma clara: la disciplina de la costumbre normativa de la familia, por un lado, y la conformaci\u00f3n de la mujer como fuerza cultural, por el otro. El consenso social epocal avala estos medios como formas de construcci\u00f3n de la realidad.<\/em><br \/>\nCon la modernidad en el siglo XX, la ampliaci\u00f3n de la esfera femenina desde el hogar a la f\u00e1brica y al desdibujarse la figura puramente dom\u00e9stica, se produjo la apertura a lecturas m\u00e1s variadas como arte y moda. Asimismo, con la posterior revoluci\u00f3n Sexual en los &#8217;70, el estereotipo de mujer dio un vuelco rotundo de lo recatado y oprimido hacia lo coqueto, lo sensual y la liberaci\u00f3n.<br \/>\nLa apertura a lecturas m\u00e1s variadas como derecho adquirido, la inserci\u00f3n de la moda, la belleza y la sexualidad en el espectro tem\u00e1tico, modific\u00f3 la construcci\u00f3n cultural de la figura femenina, y por consiguiente, la producci\u00f3n editorial sufri\u00f3 un gran cambio.<\/p>\n<figure id=\"attachment_5325\" aria-describedby=\"caption-attachment-5325\" style=\"width: 328px\" class=\"wp-caption aligncenter\"><a href=\"http:\/\/www.catedracosgaya.com.ar\/tipoblog\/2015\/wp-content\/uploads\/2015\/10\/revistas-mujer.jpg\"><img loading=\"lazy\" decoding=\"async\" class=\"wp-image-5325\" src=\"http:\/\/www.catedracosgaya.com.ar\/tipoblog\/2015\/wp-content\/uploads\/2015\/10\/revistas-mujer-257x300.jpg\" alt=\"revistas mujer\" width=\"328\" height=\"383\" srcset=\"https:\/\/www.catedracosgaya.com.ar\/tipoblog\/2015\/wp-content\/uploads\/2015\/10\/revistas-mujer-257x300.jpg 257w, https:\/\/www.catedracosgaya.com.ar\/tipoblog\/2015\/wp-content\/uploads\/2015\/10\/revistas-mujer-878x1024.jpg 878w, https:\/\/www.catedracosgaya.com.ar\/tipoblog\/2015\/wp-content\/uploads\/2015\/10\/revistas-mujer.jpg 1151w\" sizes=\"auto, (max-width: 328px) 100vw, 328px\" \/><\/a><figcaption id=\"caption-attachment-5325\" class=\"wp-caption-text\">Publicaciones para mujeres de siglos XIX y principios del XX<\/figcaption><\/figure>\n<p>&nbsp;<\/p>\n<p><em><strong>Actualidad y responsabilidad social del dise\u00f1ador<\/strong><\/em><br \/>\nHoy en d\u00eda, el paradigma de lo que una mujer \u00abdebe\u00bb y \u00abno debe\u00bb ser, es sustancialmente opuesto en sentido de ideal de valores y belleza, aunque los mandatos y la manipulaci\u00f3n de base muestran ser las mismas. Las revistas dedicadas al p\u00fablico femenino abundan en estereotipos basados en la delgadez, se explayan en dietas irrealizables, se toca la sexualidad de maneras soslayadas (la mujer debe ser un objeto de deseo, y a\u00fan as\u00ed poseer reparos con su expresi\u00f3n y apropiaci\u00f3n de su cuerpo). Y sin embargo, aunque el contenido tenga poco que ver con el de anta\u00f1o, de ra\u00edz el concepto es el mismo: la \u00abventa\u00bb de una forma adecuada, correcta y consensuada socialmente del ser.<br \/>\nLos contenidos hoy d\u00eda en la <em>mass media<\/em> son extens\u00edsimos. Somos atravesados a todo momento por lecturas, concientes e inconcientes. Y quiz\u00e1s pocas veces ejercitamos el sentido cr\u00edtico en forma global e hist\u00f3rico de lo que leemos, m\u00e1s all\u00e1 de horrorizarnos por notas degradantes para la mujer, en revistas como COSMOPOLITAN o TKM (a\u00fan m\u00e1s preocupante, por su p\u00fablico adolescente &#8211; cito por ejemplo: <a href=\"http:\/\/www.mundotkm.com\/mx\/destacados\/80197\/6-tips-por-si-ese-chico-tiene-novia\" target=\"_blank\">este art\u00edculo<\/a>), que la delegan a un lugar banal, ins\u00edpido y accesorio al hombre.<\/p>\n<figure id=\"attachment_5327\" aria-describedby=\"caption-attachment-5327\" style=\"width: 300px\" class=\"wp-caption aligncenter\"><a href=\"http:\/\/www.catedracosgaya.com.ar\/tipoblog\/2015\/wp-content\/uploads\/2015\/10\/cosmo.jpg\"><img loading=\"lazy\" decoding=\"async\" class=\"wp-image-5327 size-medium\" src=\"http:\/\/www.catedracosgaya.com.ar\/tipoblog\/2015\/wp-content\/uploads\/2015\/10\/cosmo-300x216.jpg\" alt=\"cosmo\" width=\"300\" height=\"216\" srcset=\"https:\/\/www.catedracosgaya.com.ar\/tipoblog\/2015\/wp-content\/uploads\/2015\/10\/cosmo-300x216.jpg 300w, https:\/\/www.catedracosgaya.com.ar\/tipoblog\/2015\/wp-content\/uploads\/2015\/10\/cosmo-1024x737.jpg 1024w, https:\/\/www.catedracosgaya.com.ar\/tipoblog\/2015\/wp-content\/uploads\/2015\/10\/cosmo.jpg 1857w\" sizes=\"auto, (max-width: 300px) 100vw, 300px\" \/><\/a><figcaption id=\"caption-attachment-5327\" class=\"wp-caption-text\">Tapas contempor\u00e1neas de la revista COSMOPOLITAN, para mujeres.<\/figcaption><\/figure>\n<p>&nbsp;<\/p>\n<p>Como dise\u00f1adores, es importante comprender y tener siempre presente que todo comunica, y que nada es ingenuo. Detr\u00e1s de la comunicaci\u00f3n, somos portadores de una responsabilidad social para con el p\u00fablico, y debemos tener en cuenta las posibles repercusiones dado que hay tanta cantidad de interpretaciones posibles, como de lectores. El p\u00fablico no s\u00f3lo compra una revista; compra intereses, compra valores. Compra lo que cree que debe ser, o que le interesa, o es lo adecuado.<em> Queda en cada uno entonces, decidir qu\u00e9 quiere venderles.<\/em><\/p>\n<p>&nbsp;<\/p>\n<p><em>Fuentes:<\/em><br \/>\n&#8211; Bibliograf\u00eda Historia I C\u00e1t. Gen\u00e9<br \/>\n&#8211; De internet:<br \/>\n<a href=\"http:\/\/www.oert.org\/diseno-y-periodismo\/\">http:\/\/www.oert.org\/diseno-y-periodismo\/<\/a><br \/>\n<a href=\"http:\/\/onlinelibrary.wiley.com\/doi\/10.1111\/j.0022-3840.1994.2704_125.x\/abstract\">http:\/\/onlinelibrary.wiley.com\/doi\/10.1111\/j.0022-3840.1994.2704_125.x\/abstract<\/a><br \/>\n<a href=\"http:\/\/www.banrepcultural.org\/blaavirtual\/revistas\/credencial\/agosto95\/agosto3.htm\">http:\/\/www.banrepcultural.org\/blaavirtual\/revistas\/credencial\/agosto95\/agosto3.htm<\/a><br \/>\n<a href=\"https:\/\/books.google.com.ar\/books?id=-inAjICfnv4C&amp;pg=PA35&amp;lpg=PA35&amp;dq=revista+para+mujeres+critica&amp;source=bl&amp;ots=QidX9RZCrw&amp;sig=FVc7tHUdzq90GIDBbInGxkn_6c0&amp;hl=es&amp;sa=X&amp;ved=0CDEQ6AEwBGoVChMItZuEgtnFyAIVBb2QCh3rSAK3#v=onepage&amp;q=revista%20para%20mujeres%20critica&amp;f=false%20http:\/\/la.eonline.com\/argentina\/2015\/fuertes-criticas-llueven-sobre-revista-de-moda-por-la-anorexica-figura-de-una-de-sus-modelos\/\">https:\/\/books.google.com.ar\/books?id=-inAjICfnv4C&amp;pg=PA35&amp;lpg=PA35&amp;dq=revista+para+mujeres+critica&amp;source=bl&amp;ots=QidX9RZCrw&amp;sig=FVc7tHUdzq90GIDBbInGxkn_6c0&amp;hl=es&amp;sa=X&amp;ved=0CDEQ6AEwBGoVChMItZuEgtnFyAIVBb2QCh3rSAK3#v=onepage&amp;q=revista%20para%20mujeres%20critica&amp;f=false<\/a><br \/>\n<a href=\"https:\/\/books.google.com.ar\/books?id=-inAjICfnv4C&amp;pg=PA35&amp;lpg=PA35&amp;dq=revista+para+mujeres+critica&amp;source=bl&amp;ots=QidX9RZCrw&amp;sig=FVc7tHUdzq90GIDBbInGxkn_6c0&amp;hl=es&amp;sa=X&amp;ved=0CDEQ6AEwBGoVChMItZuEgtnFyAIVBb2QCh3rSAK3#v=onepage&amp;q=revista%20para%20mujeres%20critica&amp;f=false%20http:\/\/la.eonline.com\/argentina\/2015\/fuertes-criticas-llueven-sobre-revista-de-moda-por-la-anorexica-figura-de-una-de-sus-modelos\/\"> http:\/\/la.eonline.com\/argentina\/2015\/fuertes-criticas-llueven-sobre-revista-de-moda-por-la-anorexica-figura-de-una-de-sus-modelos\/<\/a><\/p>\n<p>&nbsp;<\/p>\n","protected":false},"excerpt":{"rendered":"<p>Reflexi\u00f3n de las revistas como un medio para el sost\u00e9n de los estereotipos y rol de la mujer en la sociedad a trav\u00e9s del tiempo. \u00bfC\u00f3mo cambiaron las tem\u00e1ticas en las publicaci\u00f3nes y cu\u00e1l fue su aporte?<\/p>\n","protected":false},"author":190,"featured_media":5331,"comment_status":"closed","ping_status":"closed","sticky":false,"template":"","format":"standard","meta":{"jetpack_post_was_ever_published":false,"_jetpack_newsletter_access":"","_jetpack_dont_email_post_to_subs":false,"_jetpack_newsletter_tier_id":0,"_jetpack_memberships_contains_paywalled_content":false,"_jetpack_memberships_contains_paid_content":false,"footnotes":"","jetpack_publicize_message":"","jetpack_publicize_feature_enabled":true,"jetpack_social_post_already_shared":true,"jetpack_social_options":{"image_generator_settings":{"template":"highway","default_image_id":0,"font":"","enabled":false},"version":2}},"categories":[24],"tags":[89,28,275,50,280,272],"class_list":["post-5313","post","type-post","status-publish","format-standard","has-post-thumbnail","hentry","category-revista","tag-comunicacion","tag-ediciones","tag-editorial","tag-historia","tag-responsabilidad-social","tag-revista"],"jetpack_publicize_connections":[],"jetpack_featured_media_url":"https:\/\/www.catedracosgaya.com.ar\/tipoblog\/2015\/wp-content\/uploads\/2015\/10\/COSMO-JUNIO.jpg","jetpack_sharing_enabled":true,"jetpack_shortlink":"https:\/\/wp.me\/p6gfAF-1nH","_links":{"self":[{"href":"https:\/\/www.catedracosgaya.com.ar\/tipoblog\/2015\/wp-json\/wp\/v2\/posts\/5313","targetHints":{"allow":["GET"]}}],"collection":[{"href":"https:\/\/www.catedracosgaya.com.ar\/tipoblog\/2015\/wp-json\/wp\/v2\/posts"}],"about":[{"href":"https:\/\/www.catedracosgaya.com.ar\/tipoblog\/2015\/wp-json\/wp\/v2\/types\/post"}],"author":[{"embeddable":true,"href":"https:\/\/www.catedracosgaya.com.ar\/tipoblog\/2015\/wp-json\/wp\/v2\/users\/190"}],"replies":[{"embeddable":true,"href":"https:\/\/www.catedracosgaya.com.ar\/tipoblog\/2015\/wp-json\/wp\/v2\/comments?post=5313"}],"version-history":[{"count":15,"href":"https:\/\/www.catedracosgaya.com.ar\/tipoblog\/2015\/wp-json\/wp\/v2\/posts\/5313\/revisions"}],"predecessor-version":[{"id":5337,"href":"https:\/\/www.catedracosgaya.com.ar\/tipoblog\/2015\/wp-json\/wp\/v2\/posts\/5313\/revisions\/5337"}],"wp:featuredmedia":[{"embeddable":true,"href":"https:\/\/www.catedracosgaya.com.ar\/tipoblog\/2015\/wp-json\/wp\/v2\/media\/5331"}],"wp:attachment":[{"href":"https:\/\/www.catedracosgaya.com.ar\/tipoblog\/2015\/wp-json\/wp\/v2\/media?parent=5313"}],"wp:term":[{"taxonomy":"category","embeddable":true,"href":"https:\/\/www.catedracosgaya.com.ar\/tipoblog\/2015\/wp-json\/wp\/v2\/categories?post=5313"},{"taxonomy":"post_tag","embeddable":true,"href":"https:\/\/www.catedracosgaya.com.ar\/tipoblog\/2015\/wp-json\/wp\/v2\/tags?post=5313"}],"curies":[{"name":"wp","href":"https:\/\/api.w.org\/{rel}","templated":true}]}}