{"id":5294,"date":"2015-10-19T13:23:57","date_gmt":"2015-10-19T13:23:57","guid":{"rendered":"http:\/\/www.catedracosgaya.com.ar\/tipoblog\/2015\/?p=5294"},"modified":"2015-10-19T13:23:57","modified_gmt":"2015-10-19T13:23:57","slug":"identidad-a-traves-de-la-fotografia","status":"publish","type":"post","link":"https:\/\/www.catedracosgaya.com.ar\/tipoblog\/2015\/identidad-a-traves-de-la-fotografia\/","title":{"rendered":"Identidad a trav\u00e9s de la fotograf\u00eda"},"content":{"rendered":"<p>Una revista puede tener diversos recursos gr\u00e1ficos que la ayudan a establecer su identidad pero, \u00bfqu\u00e9 papel cumple la fotograf\u00eda en ella? No es lo mismo una fotograf\u00eda que podemos encontrar en una revista femenina de moda y consumo, que una en una revista de subculturas.<\/p>\n<p>Las revistas femeninas m\u00e1s consumidas, como la Cosmopolitan o OhLala! presentan como constante en todos sus n\u00fameros, fotograf\u00edas de estudio, \u00a0de mujeres famosas en primer plana, mostrandose sonriendo, trasmiten serenidad, glamour y seguridad.<\/p>\n<p><a href=\"http:\/\/www.catedracosgaya.com.ar\/tipoblog\/2015\/wp-content\/uploads\/2015\/10\/ohlajunio10.jpg\"><img loading=\"lazy\" decoding=\"async\" class=\"alignnone size-medium wp-image-5295\" src=\"http:\/\/www.catedracosgaya.com.ar\/tipoblog\/2015\/wp-content\/uploads\/2015\/10\/ohlajunio10-248x300.jpg\" alt=\"ohlajunio10\" width=\"248\" height=\"300\" srcset=\"https:\/\/www.catedracosgaya.com.ar\/tipoblog\/2015\/wp-content\/uploads\/2015\/10\/ohlajunio10-248x300.jpg 248w, https:\/\/www.catedracosgaya.com.ar\/tipoblog\/2015\/wp-content\/uploads\/2015\/10\/ohlajunio10.jpg 400w\" sizes=\"auto, (max-width: 248px) 100vw, 248px\" \/><\/a> <a href=\"http:\/\/www.catedracosgaya.com.ar\/tipoblog\/2015\/wp-content\/uploads\/2015\/10\/ohlala.jpg\"><img loading=\"lazy\" decoding=\"async\" class=\"alignnone size-medium wp-image-5296\" src=\"http:\/\/www.catedracosgaya.com.ar\/tipoblog\/2015\/wp-content\/uploads\/2015\/10\/ohlala-248x300.jpg\" alt=\"ohlala\" width=\"248\" height=\"300\" srcset=\"https:\/\/www.catedracosgaya.com.ar\/tipoblog\/2015\/wp-content\/uploads\/2015\/10\/ohlala-248x300.jpg 248w, https:\/\/www.catedracosgaya.com.ar\/tipoblog\/2015\/wp-content\/uploads\/2015\/10\/ohlala.jpg 795w\" sizes=\"auto, (max-width: 248px) 100vw, 248px\" \/><\/a> <a href=\"http:\/\/www.catedracosgaya.com.ar\/tipoblog\/2015\/wp-content\/uploads\/2015\/10\/tapa-ohlala-julio-12-1.jpg\"><img loading=\"lazy\" decoding=\"async\" class=\"alignnone size-medium wp-image-5297\" src=\"http:\/\/www.catedracosgaya.com.ar\/tipoblog\/2015\/wp-content\/uploads\/2015\/10\/tapa-ohlala-julio-12-1-248x300.jpg\" alt=\"tapa-ohlala-julio-12 (1)\" width=\"248\" height=\"300\" srcset=\"https:\/\/www.catedracosgaya.com.ar\/tipoblog\/2015\/wp-content\/uploads\/2015\/10\/tapa-ohlala-julio-12-1-248x300.jpg 248w, https:\/\/www.catedracosgaya.com.ar\/tipoblog\/2015\/wp-content\/uploads\/2015\/10\/tapa-ohlala-julio-12-1.jpg 795w\" sizes=\"auto, (max-width: 248px) 100vw, 248px\" \/><\/a><\/p>\n<p>&nbsp;<\/p>\n<p>Existen tambi\u00e9n revistas que optan por utilizar una constante muy fuerte, en el caso de la revista Garage, de arte y moda, utiliza los auriculares en las modelos de la tapa.<\/p>\n<p><a href=\"http:\/\/www.catedracosgaya.com.ar\/tipoblog\/2015\/wp-content\/uploads\/2015\/10\/GARAGE-International-Cover-Issue-8-Binx-Walton-mock-up.jpeg\"><img loading=\"lazy\" decoding=\"async\" class=\"alignnone size-medium wp-image-5298\" src=\"http:\/\/www.catedracosgaya.com.ar\/tipoblog\/2015\/wp-content\/uploads\/2015\/10\/GARAGE-International-Cover-Issue-8-Binx-Walton-mock-up-227x300.jpeg\" alt=\"GARAGE-International-Cover-Issue-8-Binx-Walton-mock-up\" width=\"227\" height=\"300\" srcset=\"https:\/\/www.catedracosgaya.com.ar\/tipoblog\/2015\/wp-content\/uploads\/2015\/10\/GARAGE-International-Cover-Issue-8-Binx-Walton-mock-up-227x300.jpeg 227w, https:\/\/www.catedracosgaya.com.ar\/tipoblog\/2015\/wp-content\/uploads\/2015\/10\/GARAGE-International-Cover-Issue-8-Binx-Walton-mock-up-776x1024.jpeg 776w, https:\/\/www.catedracosgaya.com.ar\/tipoblog\/2015\/wp-content\/uploads\/2015\/10\/GARAGE-International-Cover-Issue-8-Binx-Walton-mock-up.jpeg 850w\" sizes=\"auto, (max-width: 227px) 100vw, 227px\" \/><\/a> <a href=\"http:\/\/www.catedracosgaya.com.ar\/tipoblog\/2015\/wp-content\/uploads\/2015\/10\/GARAGE-International-Cover-Issue-8-Kendall-Jenner-mock-up.jpeg\"><img loading=\"lazy\" decoding=\"async\" class=\"alignnone size-medium wp-image-5299\" src=\"http:\/\/www.catedracosgaya.com.ar\/tipoblog\/2015\/wp-content\/uploads\/2015\/10\/GARAGE-International-Cover-Issue-8-Kendall-Jenner-mock-up-227x300.jpeg\" alt=\"GARAGE-International-Cover-Issue-8-Kendall-Jenner-mock-up\" width=\"227\" height=\"300\" srcset=\"https:\/\/www.catedracosgaya.com.ar\/tipoblog\/2015\/wp-content\/uploads\/2015\/10\/GARAGE-International-Cover-Issue-8-Kendall-Jenner-mock-up-227x300.jpeg 227w, https:\/\/www.catedracosgaya.com.ar\/tipoblog\/2015\/wp-content\/uploads\/2015\/10\/GARAGE-International-Cover-Issue-8-Kendall-Jenner-mock-up-776x1024.jpeg 776w, https:\/\/www.catedracosgaya.com.ar\/tipoblog\/2015\/wp-content\/uploads\/2015\/10\/GARAGE-International-Cover-Issue-8-Kendall-Jenner-mock-up.jpeg 850w\" sizes=\"auto, (max-width: 227px) 100vw, 227px\" \/><\/a> <a href=\"http:\/\/www.catedracosgaya.com.ar\/tipoblog\/2015\/wp-content\/uploads\/2015\/10\/Garage-Joan-.jpg\"><img loading=\"lazy\" decoding=\"async\" class=\"alignnone size-medium wp-image-5300\" src=\"http:\/\/www.catedracosgaya.com.ar\/tipoblog\/2015\/wp-content\/uploads\/2015\/10\/Garage-Joan--229x300.jpg\" alt=\"Garage-Joan-\" width=\"229\" height=\"300\" srcset=\"https:\/\/www.catedracosgaya.com.ar\/tipoblog\/2015\/wp-content\/uploads\/2015\/10\/Garage-Joan--229x300.jpg 229w, https:\/\/www.catedracosgaya.com.ar\/tipoblog\/2015\/wp-content\/uploads\/2015\/10\/Garage-Joan-.jpg 500w\" sizes=\"auto, (max-width: 229px) 100vw, 229px\" \/><\/a><\/p>\n<p>i-D magazine dedicada a la\u00a0moda, a la\u00a0m\u00fasica, al\u00a0arte\u00a0y a las\u00a0subculturas,\u00a0utiliza el recurso de gui\u00f1ar o tapar un ojo de la persona en la tapa, aludiendo a lo oculto, a lo que no se ve.<\/p>\n<p><a href=\"http:\/\/www.catedracosgaya.com.ar\/tipoblog\/2015\/wp-content\/uploads\/2015\/10\/daria-werbowy-by-karim-sadli-for-i-d-magazine-spring-2014.jpeg\"><img loading=\"lazy\" decoding=\"async\" class=\"alignnone size-medium wp-image-5301\" src=\"http:\/\/www.catedracosgaya.com.ar\/tipoblog\/2015\/wp-content\/uploads\/2015\/10\/daria-werbowy-by-karim-sadli-for-i-d-magazine-spring-2014-231x300.jpeg\" alt=\"daria-werbowy-by-karim-sadli-for-i-d-magazine-spring-2014\" width=\"231\" height=\"300\" srcset=\"https:\/\/www.catedracosgaya.com.ar\/tipoblog\/2015\/wp-content\/uploads\/2015\/10\/daria-werbowy-by-karim-sadli-for-i-d-magazine-spring-2014-231x300.jpeg 231w, https:\/\/www.catedracosgaya.com.ar\/tipoblog\/2015\/wp-content\/uploads\/2015\/10\/daria-werbowy-by-karim-sadli-for-i-d-magazine-spring-2014-789x1024.jpeg 789w\" sizes=\"auto, (max-width: 231px) 100vw, 231px\" \/><\/a> <a href=\"http:\/\/www.catedracosgaya.com.ar\/tipoblog\/2015\/wp-content\/uploads\/2015\/10\/id-cover.jpg\"><img loading=\"lazy\" decoding=\"async\" class=\"alignnone size-medium wp-image-5302\" src=\"http:\/\/www.catedracosgaya.com.ar\/tipoblog\/2015\/wp-content\/uploads\/2015\/10\/id-cover-231x300.jpg\" alt=\"id-cover\" width=\"231\" height=\"300\" srcset=\"https:\/\/www.catedracosgaya.com.ar\/tipoblog\/2015\/wp-content\/uploads\/2015\/10\/id-cover-231x300.jpg 231w, https:\/\/www.catedracosgaya.com.ar\/tipoblog\/2015\/wp-content\/uploads\/2015\/10\/id-cover.jpg 700w\" sizes=\"auto, (max-width: 231px) 100vw, 231px\" \/><\/a> <a href=\"http:\/\/www.catedracosgaya.com.ar\/tipoblog\/2015\/wp-content\/uploads\/2015\/10\/tumblr_mmu9rnDpZx1s6vxzfo5_1280.jpg\"><img loading=\"lazy\" decoding=\"async\" class=\"alignnone size-medium wp-image-5303\" src=\"http:\/\/www.catedracosgaya.com.ar\/tipoblog\/2015\/wp-content\/uploads\/2015\/10\/tumblr_mmu9rnDpZx1s6vxzfo5_1280-233x300.jpg\" alt=\"tumblr_mmu9rnDpZx1s6vxzfo5_1280\" width=\"233\" height=\"300\" srcset=\"https:\/\/www.catedracosgaya.com.ar\/tipoblog\/2015\/wp-content\/uploads\/2015\/10\/tumblr_mmu9rnDpZx1s6vxzfo5_1280-233x300.jpg 233w, https:\/\/www.catedracosgaya.com.ar\/tipoblog\/2015\/wp-content\/uploads\/2015\/10\/tumblr_mmu9rnDpZx1s6vxzfo5_1280-794x1024.jpg 794w, https:\/\/www.catedracosgaya.com.ar\/tipoblog\/2015\/wp-content\/uploads\/2015\/10\/tumblr_mmu9rnDpZx1s6vxzfo5_1280.jpg 920w\" sizes=\"auto, (max-width: 233px) 100vw, 233px\" \/><\/a><\/p>\n<p>Vemos que es posible generar una identidad a trav\u00e9s de la fotograf\u00eda y crear un clima. Este tema nos presenta interrogantes \u00bfEs necesario establecer constantes\u00a0en la fotograf\u00eda para establecer una identidad? \u00bfQu\u00e9 clima nos genera los elementos agregados y tratamientos gr\u00e1ficos a la fotograf\u00eda?<\/p>\n<p>&nbsp;<\/p>\n","protected":false},"excerpt":{"rendered":"<p>Una revista puede tener diversos recursos gr\u00e1ficos que la ayudan a establecer su identidad pero, \u00bfqu\u00e9 papel cumple la fotograf\u00eda en ella? No es lo mismo una fotograf\u00eda que podemos encontrar en una revista femenina [&hellip;]<\/p>\n","protected":false},"author":189,"featured_media":5302,"comment_status":"closed","ping_status":"closed","sticky":false,"template":"","format":"standard","meta":{"jetpack_post_was_ever_published":false,"_jetpack_newsletter_access":"","_jetpack_dont_email_post_to_subs":false,"_jetpack_newsletter_tier_id":0,"_jetpack_memberships_contains_paywalled_content":false,"_jetpack_memberships_contains_paid_content":false,"footnotes":"","jetpack_publicize_message":"","jetpack_publicize_feature_enabled":true,"jetpack_social_post_already_shared":true,"jetpack_social_options":{"image_generator_settings":{"template":"highway","default_image_id":0,"font":"","enabled":false},"version":2}},"categories":[24],"tags":[228,275,279],"class_list":["post-5294","post","type-post","status-publish","format-standard","has-post-thumbnail","hentry","category-revista","tag-diseno-editorial","tag-editorial","tag-fotografia"],"jetpack_publicize_connections":[],"jetpack_featured_media_url":"https:\/\/www.catedracosgaya.com.ar\/tipoblog\/2015\/wp-content\/uploads\/2015\/10\/id-cover.jpg","jetpack_sharing_enabled":true,"jetpack_shortlink":"https:\/\/wp.me\/p6gfAF-1no","_links":{"self":[{"href":"https:\/\/www.catedracosgaya.com.ar\/tipoblog\/2015\/wp-json\/wp\/v2\/posts\/5294","targetHints":{"allow":["GET"]}}],"collection":[{"href":"https:\/\/www.catedracosgaya.com.ar\/tipoblog\/2015\/wp-json\/wp\/v2\/posts"}],"about":[{"href":"https:\/\/www.catedracosgaya.com.ar\/tipoblog\/2015\/wp-json\/wp\/v2\/types\/post"}],"author":[{"embeddable":true,"href":"https:\/\/www.catedracosgaya.com.ar\/tipoblog\/2015\/wp-json\/wp\/v2\/users\/189"}],"replies":[{"embeddable":true,"href":"https:\/\/www.catedracosgaya.com.ar\/tipoblog\/2015\/wp-json\/wp\/v2\/comments?post=5294"}],"version-history":[{"count":1,"href":"https:\/\/www.catedracosgaya.com.ar\/tipoblog\/2015\/wp-json\/wp\/v2\/posts\/5294\/revisions"}],"predecessor-version":[{"id":5304,"href":"https:\/\/www.catedracosgaya.com.ar\/tipoblog\/2015\/wp-json\/wp\/v2\/posts\/5294\/revisions\/5304"}],"wp:featuredmedia":[{"embeddable":true,"href":"https:\/\/www.catedracosgaya.com.ar\/tipoblog\/2015\/wp-json\/wp\/v2\/media\/5302"}],"wp:attachment":[{"href":"https:\/\/www.catedracosgaya.com.ar\/tipoblog\/2015\/wp-json\/wp\/v2\/media?parent=5294"}],"wp:term":[{"taxonomy":"category","embeddable":true,"href":"https:\/\/www.catedracosgaya.com.ar\/tipoblog\/2015\/wp-json\/wp\/v2\/categories?post=5294"},{"taxonomy":"post_tag","embeddable":true,"href":"https:\/\/www.catedracosgaya.com.ar\/tipoblog\/2015\/wp-json\/wp\/v2\/tags?post=5294"}],"curies":[{"name":"wp","href":"https:\/\/api.w.org\/{rel}","templated":true}]}}