{"id":5175,"date":"2015-10-06T20:15:45","date_gmt":"2015-10-06T20:15:45","guid":{"rendered":"http:\/\/www.catedracosgaya.com.ar\/tipoblog\/2015\/?p=5175"},"modified":"2015-10-15T04:13:53","modified_gmt":"2015-10-15T04:13:53","slug":"importa-que-decimos-o-importa-como-lo-decimos","status":"publish","type":"post","link":"https:\/\/www.catedracosgaya.com.ar\/tipoblog\/2015\/importa-que-decimos-o-importa-como-lo-decimos\/","title":{"rendered":"\u00bfImporta qu\u00e9 decimos? \u00bfO importa c\u00f3mo lo decimos?"},"content":{"rendered":"<p>Hoy en d\u00eda podemos decir que son pocos los medios de comunicaci\u00f3n que mantienen la objetividad. Cada diario tiene su postura y a pesar de que la informaci\u00f3n es una sola para todo el mundo, cada uno la muestra a su manera. Pero, \u00bflos medios de comunicaci\u00f3n\u00a0mienten? Yo no lo llamar\u00eda precisamente mentir, pero s\u00ed cada uno elige la manera de mostrar esa informaci\u00f3n. Creo que <strong>hoy es m\u00e1s importante c\u00f3mo se dicen las cosas, que verdaderamente lo que se est\u00e1 comunicando<\/strong>.<\/p>\n<p>El poder de s\u00edntesis que se necesita para componer un diario es muy grande, sobre todo cuando se trata de las tapas, en donde se da un breve adelanto de lo que se ver\u00e1 dentro. Muchas veces los t\u00edtulos elegidos son frases sacadas de contexto acompa\u00f1adas de im\u00e1genes que aportan una significaci\u00f3n a\u00fan mayor. Y esto ya predispone al lector leer la noticia de una manera en particular.<\/p>\n<p>Para ejemplicar esto, veremos dos diarios que tienen la misma nota de tapa, con un t\u00edtulo hasta con similares palabras, pero puestas de diferente manera. Cada uno recorta la informaci\u00f3n, no colocan una frase objetiva, un \u201cocurri\u00f3 tal cosa\u201d, \u201cocurri\u00f3 tal otra\u201d, si no que elaboran el c\u00f3mo se dice, de manera tal que parece que fueran dos noticias distintas.<\/p>\n<p><img decoding=\"async\" src=\"http:\/\/i1092.photobucket.com\/albums\/i407\/wilburypiston\/ganancias-clarin-tiempo.jpg\" alt=\"diario\" \/><\/p>\n<p>\u00bf\u00bbSubieron 20% el m\u00ednimo PARA PAGAR GANANCIAS\u00bb? o \u00bfAumenta un 20% el m\u00ednimo PARA NO PAGAR GANANCIAS? La noticia es una: el m\u00ednimo para pagar ganancias se elev\u00f3, y ahora habr\u00e1 menos trabajadores que deban pagar el impuesto a las ganancias. La \u00fanica diferencia est\u00e1 en el c\u00f3mo se redacta.<\/p>\n<p>Tambi\u00e9n las fotograf\u00edas tienen un poder de influencia muy grande que, junto con su titular, pueden aportar diversos significados.<\/p>\n<p><a href=\"http:\/\/www.catedracosgaya.com.ar\/tipoblog\/2015\/wp-content\/uploads\/2015\/10\/Foto.jpg\"><img loading=\"lazy\" decoding=\"async\" class=\"alignnone  wp-image-5178\" src=\"http:\/\/www.catedracosgaya.com.ar\/tipoblog\/2015\/wp-content\/uploads\/2015\/10\/Foto-300x101.jpg\" alt=\"Foto\" width=\"662\" height=\"223\" srcset=\"https:\/\/www.catedracosgaya.com.ar\/tipoblog\/2015\/wp-content\/uploads\/2015\/10\/Foto-300x101.jpg 300w, https:\/\/www.catedracosgaya.com.ar\/tipoblog\/2015\/wp-content\/uploads\/2015\/10\/Foto.jpg 675w\" sizes=\"auto, (max-width: 662px) 100vw, 662px\" \/><\/a><\/p>\n<p>\u00bfUn hombre agrede a la polic\u00eda? \u00bfLa polic\u00eda agrede a un hombre?<\/p>\n<p>&nbsp;<\/p>\n<p><strong>Lo\u00a0m\u00e1s importante a la hora de comunicar no es el \u00abqu\u00e9\u00bb, si no el \u00abc\u00f3mo\u00bb.<\/strong><\/p>\n","protected":false},"excerpt":{"rendered":"<p>Podr\u00eda parecer que estamos hablando de dos noticias completamente distintas, pero no. La misma noticia, que parece distinta al mostrarse en diversos diarios. \u00a1A mirar bien!<\/p>\n","protected":false},"author":174,"featured_media":5241,"comment_status":"closed","ping_status":"closed","sticky":false,"template":"","format":"standard","meta":{"jetpack_post_was_ever_published":false,"_jetpack_newsletter_access":"","_jetpack_dont_email_post_to_subs":false,"_jetpack_newsletter_tier_id":0,"_jetpack_memberships_contains_paywalled_content":false,"_jetpack_memberships_contains_paid_content":false,"footnotes":"","jetpack_publicize_message":"","jetpack_publicize_feature_enabled":true,"jetpack_social_post_already_shared":true,"jetpack_social_options":{"image_generator_settings":{"template":"highway","default_image_id":0,"font":"","enabled":false},"version":2}},"categories":[16],"tags":[223],"class_list":["post-5175","post","type-post","status-publish","format-standard","has-post-thumbnail","hentry","category-periodico","tag-periodico"],"jetpack_publicize_connections":[],"jetpack_featured_media_url":"https:\/\/www.catedracosgaya.com.ar\/tipoblog\/2015\/wp-content\/uploads\/2015\/10\/ganancias-clarin-tiempo.jpg","jetpack_sharing_enabled":true,"jetpack_shortlink":"https:\/\/wp.me\/p6gfAF-1lt","_links":{"self":[{"href":"https:\/\/www.catedracosgaya.com.ar\/tipoblog\/2015\/wp-json\/wp\/v2\/posts\/5175","targetHints":{"allow":["GET"]}}],"collection":[{"href":"https:\/\/www.catedracosgaya.com.ar\/tipoblog\/2015\/wp-json\/wp\/v2\/posts"}],"about":[{"href":"https:\/\/www.catedracosgaya.com.ar\/tipoblog\/2015\/wp-json\/wp\/v2\/types\/post"}],"author":[{"embeddable":true,"href":"https:\/\/www.catedracosgaya.com.ar\/tipoblog\/2015\/wp-json\/wp\/v2\/users\/174"}],"replies":[{"embeddable":true,"href":"https:\/\/www.catedracosgaya.com.ar\/tipoblog\/2015\/wp-json\/wp\/v2\/comments?post=5175"}],"version-history":[{"count":3,"href":"https:\/\/www.catedracosgaya.com.ar\/tipoblog\/2015\/wp-json\/wp\/v2\/posts\/5175\/revisions"}],"predecessor-version":[{"id":5243,"href":"https:\/\/www.catedracosgaya.com.ar\/tipoblog\/2015\/wp-json\/wp\/v2\/posts\/5175\/revisions\/5243"}],"wp:featuredmedia":[{"embeddable":true,"href":"https:\/\/www.catedracosgaya.com.ar\/tipoblog\/2015\/wp-json\/wp\/v2\/media\/5241"}],"wp:attachment":[{"href":"https:\/\/www.catedracosgaya.com.ar\/tipoblog\/2015\/wp-json\/wp\/v2\/media?parent=5175"}],"wp:term":[{"taxonomy":"category","embeddable":true,"href":"https:\/\/www.catedracosgaya.com.ar\/tipoblog\/2015\/wp-json\/wp\/v2\/categories?post=5175"},{"taxonomy":"post_tag","embeddable":true,"href":"https:\/\/www.catedracosgaya.com.ar\/tipoblog\/2015\/wp-json\/wp\/v2\/tags?post=5175"}],"curies":[{"name":"wp","href":"https:\/\/api.w.org\/{rel}","templated":true}]}}