{"id":5151,"date":"2015-10-05T13:47:07","date_gmt":"2015-10-05T13:47:07","guid":{"rendered":"http:\/\/www.catedracosgaya.com.ar\/tipoblog\/2015\/?p=5151"},"modified":"2015-10-28T05:39:49","modified_gmt":"2015-10-28T05:39:49","slug":"la-primera-imprenta-argentina","status":"publish","type":"post","link":"https:\/\/www.catedracosgaya.com.ar\/tipoblog\/2015\/la-primera-imprenta-argentina\/","title":{"rendered":"La primera imprenta argentina"},"content":{"rendered":"<p>&nbsp;<\/p>\n<p><a href=\"http:\/\/www.catedracosgaya.com.ar\/tipoblog\/2015\/wp-content\/uploads\/2015\/10\/Expositos.jpg\"><img loading=\"lazy\" decoding=\"async\" class=\"aligncenter wp-image-5154 size-medium\" src=\"http:\/\/www.catedracosgaya.com.ar\/tipoblog\/2015\/wp-content\/uploads\/2015\/10\/Expositos-300x300.jpg\" alt=\"Expositos\" width=\"300\" height=\"300\" srcset=\"https:\/\/www.catedracosgaya.com.ar\/tipoblog\/2015\/wp-content\/uploads\/2015\/10\/Expositos-300x300.jpg 300w, https:\/\/www.catedracosgaya.com.ar\/tipoblog\/2015\/wp-content\/uploads\/2015\/10\/Expositos-150x150.jpg 150w, https:\/\/www.catedracosgaya.com.ar\/tipoblog\/2015\/wp-content\/uploads\/2015\/10\/Expositos.jpg 400w\" sizes=\"auto, (max-width: 300px) 100vw, 300px\" \/><br \/>\n<\/a><\/p>\n<p>Es a principios del siglo XVIII que llega a nuestras tierras la imprenta, por parte de la\u00a0Compa\u00f1\u00eda de Jes\u00fas y tra\u00edda de Europa. Instal\u00e1ndose en C\u00f3rdoba \u00a0en el a\u00f1o 1758, como parte de sus esfuerzos de evangelizaci\u00f3n, imprimi\u00e9ndo y repartiendo libros de catequismo a los ind\u00edgenas.<\/p>\n<p>Fue luego de la expulsi\u00f3n de la \u00d3rden que el Virrey V\u00e9rtiz compra la imprenta y \u00e9sta es trasladada a Buenos Aires, donde ser\u00eda reinstalada y renombrada como la\u00a0<strong>Real Imprenta de Ni\u00f1os Exp\u00f3sitos<i>,\u00a0<\/i><\/strong><i><\/i>acompa\u00f1ando el crecimiento de la ciudad, y el aumento de las tareas administrativas. Fue en estos talleres donde se edit\u00f3\u00a0el primer peri\u00f3dico, el\u00a0<em>Tel\u00e9grafo Mercantil, Rural, Pol\u00edtico, Econ\u00f3mico e Histori\u00f3grafo del R\u00edo\u00a0de la Plata,<\/em>\u00a0por obra de Antonio Cabello y Mesa, que ser\u00eda clausurado en\u00a01802 a causa de la censura.<\/p>\n<figure id=\"attachment_5156\" aria-describedby=\"caption-attachment-5156\" style=\"width: 197px\" class=\"wp-caption alignleft\"><img loading=\"lazy\" decoding=\"async\" class=\"wp-image-5156 size-medium\" src=\"http:\/\/www.catedracosgaya.com.ar\/tipoblog\/2015\/wp-content\/uploads\/2015\/10\/telegrafo1-197x300.jpg\" alt=\"telegrafo1\" width=\"197\" height=\"300\" srcset=\"https:\/\/www.catedracosgaya.com.ar\/tipoblog\/2015\/wp-content\/uploads\/2015\/10\/telegrafo1-197x300.jpg 197w, https:\/\/www.catedracosgaya.com.ar\/tipoblog\/2015\/wp-content\/uploads\/2015\/10\/telegrafo1.jpg 400w\" sizes=\"auto, (max-width: 197px) 100vw, 197px\" \/><figcaption id=\"caption-attachment-5156\" class=\"wp-caption-text\">P\u00e1gina impresa de \u00bbTelefrafo Mercantil\u00bb<\/figcaption><\/figure>\n<p>Durante muchos a\u00f1os la Real Imprenta de Ni\u00f1os Exp\u00f3sitos tuvo el monopolio de la edici\u00f3n impresa, siendo responsable de la impresi\u00f3n de los m\u00e1s importantes peri\u00f3dicos de la \u00e9poca, como la\u00a0<em>Gaceta de Gobierno,\u00a0<\/em>del virreynato de Cisneros, la fuente \u00bboficial\u00bb de noticias que promulgaba ideas coloniales, y m\u00e1s adelante tambi\u00e9n el\u00a0<em>Correo de Comercio<\/em>\u00a0de Manual Belgrano, diario de corte opositor al gobierno Espa\u00f1ol.<\/p>\n<p><em>\u00a0<\/em>Quiz\u00e1 su m\u00e1s importante impreso fue el del primer\u00a0peri\u00f3dico de la etapa independiente de nuestro pa\u00eds,\u00a0<em>La Gaceta de Buenos Aires, <\/em>de Mariano Moreno el 7 de junio de 1810, que inaugura todo un nuevo per\u00edodo en la vida period\u00edstica de la naci\u00f3n.<\/p>\n<figure id=\"attachment_5159\" aria-describedby=\"caption-attachment-5159\" style=\"width: 339px\" class=\"wp-caption alignright\"><img loading=\"lazy\" decoding=\"async\" class=\"  wp-image-5159\" src=\"http:\/\/www.catedracosgaya.com.ar\/tipoblog\/2015\/wp-content\/uploads\/2015\/10\/gazeta-de-buenos-ayres1-300x123.jpg\" alt=\"gazeta-de-buenos-ayres1\" width=\"339\" height=\"176\" \/><figcaption id=\"caption-attachment-5159\" class=\"wp-caption-text\">Fragmento de la primera edici\u00f3n de \u00bbGazeta de Buenos-Ayres\u00bb<\/figcaption><\/figure>\n<p>A lo largo de los a\u00f1os seguir\u00e1 manteniendo su importancia dentro del mundo de la impresi\u00f3n, y es en el a\u00f1o\u00a0en 1824 durante el gobierno de Rivadavia, que la imprenta pasa a ser sostenida por el estado. La m\u00e1quina original se entrega al gobierno de Salta, que la seguir\u00e1 utilizando para comunicados oficiales y otras publicaciones culturales de gran importancia.<\/p>\n<p>&nbsp;<\/p>\n<p>En la actualidad la m\u00e1quina de imprenta original se encuentra expuesta en en el Museo Nacional del Cabildo y la Revoluci\u00f3n de Mayo, en el Cabildo de Buenos Aires. Desde su llegada de Europa a C\u00f3rdoba, para pasar a Buenos Aires y a Salta luego, es dif\u00edcil imaginar el enorme papel que durante tantos a\u00f1os cumpli\u00f3 esta simple m\u00e1quina en el surgimiento de nuestra naci\u00f3n, y del impacto que sus contribuciones dejaron en la historia del periodismo y la cultura de Argentina.<\/p>\n<figure id=\"attachment_5158\" aria-describedby=\"caption-attachment-5158\" style=\"width: 339px\" class=\"wp-caption aligncenter\"><img loading=\"lazy\" decoding=\"async\" class=\"  wp-image-5158\" src=\"http:\/\/www.catedracosgaya.com.ar\/tipoblog\/2015\/wp-content\/uploads\/2015\/10\/dint-img1-300x225.jpg\" alt=\"dint-img1\" width=\"339\" height=\"264\" \/><figcaption id=\"caption-attachment-5158\" class=\"wp-caption-text\">M\u00e1quina de Imprenta expuesta hoy en d\u00eda<\/figcaption><\/figure>\n<p><em>Peri\u00f3dicos impresos por la Imprenta de los Ni\u00f1os Exp\u00f3sitos (hasta 1813)<\/em><\/p>\n<ul>\n<li>Tel\u00e9grafo Mercantil, Rural Pol\u00edtico y Econ\u00f3mico e Historiogr\u00e1fico del R\u00edo de La Plata<\/li>\n<li>Semanario de Agricultura, Industria y Comercio, de Juan Hip\u00f3lito Vieytes<\/li>\n<li>Gazeta de Gobierno<\/li>\n<li>Correo de Comercio<\/li>\n<li>Gazeta de Buenos Ayres<\/li>\n<li>El Censor<\/li>\n<li>M\u00e1rtir o libre,<\/li>\n<li>El grito del Sud<\/li>\n<\/ul>\n<hr \/>\n<p>&nbsp;<\/p>\n<p>Fuentes:<\/p>\n<ul>\n<li>http:\/\/www.argentina.gob.ar\/informacion\/cultura\/110-prensa-escrita-historia-y-presente.php<\/li>\n<li>http:\/\/www.manzanadelasluces.gov.ar\/index.php?option=com_content&amp;view=article&amp;id=18:imprenta&amp;catid=8:virreinal&amp;Itemid=13<\/li>\n<li>http:\/\/www.elhistoriador.com.ar\/articulos\/independencia\/el_primer_numero_de_la_gaceta_de_buenos_aires.php<\/li>\n<li>http:\/\/www.elhistoriador.com.ar\/articulos\/independencia\/el_primer_numero_de_la_gaceta_de_buenos_aires.php<\/li>\n<\/ul>\n","protected":false},"excerpt":{"rendered":"<p>En 1758 llega a nuestro pa\u00eds la primera imprenta, que pasar\u00e1 por varias manos y varios impresos, permitiendo el nacimiento y el desarrollo de la prensa escrita y acompa\u00f1\u00e1ndola a lo largo de la historia de la Argentina. Aqu\u00ed un peque\u00f1o resumen de su recorrido y su historia. Desde imprimir folletos jesuitas a la edici\u00f3n del primer diario argentino y a nuestro d\u00edas.<\/p>\n","protected":false},"author":175,"featured_media":5155,"comment_status":"closed","ping_status":"closed","sticky":false,"template":"","format":"standard","meta":{"jetpack_post_was_ever_published":false,"_jetpack_newsletter_access":"","_jetpack_dont_email_post_to_subs":false,"_jetpack_newsletter_tier_id":0,"_jetpack_memberships_contains_paywalled_content":false,"_jetpack_memberships_contains_paid_content":false,"footnotes":"","jetpack_publicize_message":"","jetpack_publicize_feature_enabled":true,"jetpack_social_post_already_shared":true,"jetpack_social_options":{"image_generator_settings":{"template":"highway","default_image_id":0,"font":"","enabled":false},"version":2}},"categories":[16],"tags":[271,18,50,270,223],"class_list":["post-5151","post","type-post","status-publish","format-standard","has-post-thumbnail","hentry","category-periodico","tag-argentina","tag-diario","tag-historia","tag-imprenta","tag-periodico"],"jetpack_publicize_connections":[],"jetpack_featured_media_url":"https:\/\/www.catedracosgaya.com.ar\/tipoblog\/2015\/wp-content\/uploads\/2015\/10\/IMPRENTA-NI\u00d1OS-EXPOSITOS-1.jpg","jetpack_sharing_enabled":true,"jetpack_shortlink":"https:\/\/wp.me\/p6gfAF-1l5","_links":{"self":[{"href":"https:\/\/www.catedracosgaya.com.ar\/tipoblog\/2015\/wp-json\/wp\/v2\/posts\/5151","targetHints":{"allow":["GET"]}}],"collection":[{"href":"https:\/\/www.catedracosgaya.com.ar\/tipoblog\/2015\/wp-json\/wp\/v2\/posts"}],"about":[{"href":"https:\/\/www.catedracosgaya.com.ar\/tipoblog\/2015\/wp-json\/wp\/v2\/types\/post"}],"author":[{"embeddable":true,"href":"https:\/\/www.catedracosgaya.com.ar\/tipoblog\/2015\/wp-json\/wp\/v2\/users\/175"}],"replies":[{"embeddable":true,"href":"https:\/\/www.catedracosgaya.com.ar\/tipoblog\/2015\/wp-json\/wp\/v2\/comments?post=5151"}],"version-history":[{"count":6,"href":"https:\/\/www.catedracosgaya.com.ar\/tipoblog\/2015\/wp-json\/wp\/v2\/posts\/5151\/revisions"}],"predecessor-version":[{"id":5486,"href":"https:\/\/www.catedracosgaya.com.ar\/tipoblog\/2015\/wp-json\/wp\/v2\/posts\/5151\/revisions\/5486"}],"wp:featuredmedia":[{"embeddable":true,"href":"https:\/\/www.catedracosgaya.com.ar\/tipoblog\/2015\/wp-json\/wp\/v2\/media\/5155"}],"wp:attachment":[{"href":"https:\/\/www.catedracosgaya.com.ar\/tipoblog\/2015\/wp-json\/wp\/v2\/media?parent=5151"}],"wp:term":[{"taxonomy":"category","embeddable":true,"href":"https:\/\/www.catedracosgaya.com.ar\/tipoblog\/2015\/wp-json\/wp\/v2\/categories?post=5151"},{"taxonomy":"post_tag","embeddable":true,"href":"https:\/\/www.catedracosgaya.com.ar\/tipoblog\/2015\/wp-json\/wp\/v2\/tags?post=5151"}],"curies":[{"name":"wp","href":"https:\/\/api.w.org\/{rel}","templated":true}]}}