{"id":5134,"date":"2015-10-01T18:48:04","date_gmt":"2015-10-01T18:48:04","guid":{"rendered":"http:\/\/www.catedracosgaya.com.ar\/tipoblog\/2015\/?p=5134"},"modified":"2015-10-01T23:01:00","modified_gmt":"2015-10-01T23:01:00","slug":"dividiendo-el-espacio","status":"publish","type":"post","link":"https:\/\/www.catedracosgaya.com.ar\/tipoblog\/2015\/dividiendo-el-espacio\/","title":{"rendered":"Dividiendo el Espacio"},"content":{"rendered":"<p>Una grilla divide el espacio en unidades regulares. Establece un sistema mediante el cual organizar contenido en un determinado espacio. Una grilla efectiva no es una f\u00f3rmula r\u00edgida, sino una estructura, un esqueleto que se usa acorde al tipo y cantidad de informaci\u00f3n. \u00c9sta\u00a0evolucion\u00f3 a lo largo de siglos de desarrollo tipogr\u00e1fico.<\/p>\n<p>En un principio las grillas serv\u00edan como marcos para campos de texto. Los m\u00e1rgenes creaban una barrera alrededor de un bloque s\u00f3lido de texto. Adem\u00e1s de una \u00fanica columna de texto, exist\u00edan varias otras alternativas de puesta en p\u00e1gina durante los primeros siglos de impresi\u00f3n: a dos columnas -como la Biblia de Gutenberg-, dise\u00f1os de p\u00e1gina m\u00e1s elaborados derivados de la \u00e9poca medieval de la tradici\u00f3n de los escribas, donde los pasajes de escritura estaban rodeados de comentarios. Los libros pol\u00edglotos por ejemplo \u2013escritos en varias lenguas- muestran un texto en varios lenguajes en simult\u00e1neo, demandando divisiones complejas en la superficie. Estos formatos permiten que coexistan m\u00faltiples flujos de texto pero siempre manteniendo la soberan\u00eda de la p\u00e1gina como marco.<\/p>\n<p>&nbsp;<\/p>\n<p><a href=\"http:\/\/www.catedracosgaya.com.ar\/tipoblog\/2015\/wp-content\/uploads\/2015\/10\/Tipoblog.jpg\"><img loading=\"lazy\" decoding=\"async\" class=\"alignnone size-medium wp-image-5139\" src=\"http:\/\/www.catedracosgaya.com.ar\/tipoblog\/2015\/wp-content\/uploads\/2015\/10\/Tipoblog-203x300.jpg\" alt=\"Tipoblog\" width=\"203\" height=\"300\" srcset=\"https:\/\/www.catedracosgaya.com.ar\/tipoblog\/2015\/wp-content\/uploads\/2015\/10\/Tipoblog-203x300.jpg 203w, https:\/\/www.catedracosgaya.com.ar\/tipoblog\/2015\/wp-content\/uploads\/2015\/10\/Tipoblog-693x1024.jpg 693w, https:\/\/www.catedracosgaya.com.ar\/tipoblog\/2015\/wp-content\/uploads\/2015\/10\/Tipoblog.jpg 1691w\" sizes=\"auto, (max-width: 203px) 100vw, 203px\" \/>\u00a0Biblia Latina 1497<\/a><\/p>\n<p><a href=\"http:\/\/www.catedracosgaya.com.ar\/tipoblog\/2015\/wp-content\/uploads\/2015\/10\/Biblia.jpg\"><img loading=\"lazy\" decoding=\"async\" class=\"alignnone size-medium wp-image-5140\" src=\"http:\/\/www.catedracosgaya.com.ar\/tipoblog\/2015\/wp-content\/uploads\/2015\/10\/Biblia-300x230.jpg\" alt=\"Biblia\" width=\"300\" height=\"230\" srcset=\"https:\/\/www.catedracosgaya.com.ar\/tipoblog\/2015\/wp-content\/uploads\/2015\/10\/Biblia-300x230.jpg 300w, https:\/\/www.catedracosgaya.com.ar\/tipoblog\/2015\/wp-content\/uploads\/2015\/10\/Biblia-1024x786.jpg 1024w\" sizes=\"auto, (max-width: 300px) 100vw, 300px\" \/><\/a> \u00a0Biblia Poliglota, 1568<\/p>\n<p>En el siglo XIX, las paginas con m\u00faltiples columnas de diarios y revistas abren camino a nuevas tipolog\u00edas de la grilla. Cuestionando la funci\u00f3n protectora del marco, los nuevos artistas y dise\u00f1adores dieron rienda suelta a la grilla flexible, critica, como herramienta sistem\u00e1tica.<\/p>\n<p>Diferentes movimientos rompen con la puesta en p\u00e1gina tradicional. Liderando el \u201cataque\u201d estaba Filippo Tomasso Marinetti, quien estableci\u00f3 el movimiento Futurista en 1909. Marinetti escribi\u00f3 poemas y los compuso combinando diferentes estilos y tama\u00f1os de tipograf\u00eda, permitiendo que l\u00edneas ocuparan m\u00faltiples filas o \u00a8renglones\u00a8. Tambi\u00e9n los artistas DADA llevaron a cabo experimentos tipogr\u00e1ficos similares.<br \/>\nEl Constructivismo, originado en la Rep\u00fablica Sovi\u00e9tica al final de 1910 sigui\u00f3 construyendo la tipograf\u00eda Dada\u00edsta y Futurista, pero de manera m\u00e1s \u00a8racional\u00a8. El constructivismo uso reglas para dividir el espacio, introduciendo la puesta en p\u00e1gina a un nuevo tipo de balance. La p\u00e1gina dej\u00f3 de ser un espacio fijo, una ventana por la cual podr\u00eda verse contenido, para ser una superficie que pod\u00eda ser estructurada y articulada.<br \/>\nEl movimiento De Stijl surgido en Holanda tambi\u00e9n utiliza el concepto de grilla, se sugiere su expansi\u00f3n m\u00e1s all\u00e1 de la p\u00e1gina, idea que se ve aplicada por muchos artistas y dise\u00f1adores, como Piet Mondrian, Piet Zwart, Theo van Doesburg. Ellos utilizaron\u00a0 barras horizontales y verticales para estructurar la superficie de la p\u00e1gina, como los constructivistas.<\/p>\n<p>&nbsp;<\/p>\n<p><a href=\"http:\/\/www.catedracosgaya.com.ar\/tipoblog\/2015\/wp-content\/uploads\/2015\/10\/El-Lissitzky-portada.png\"><img loading=\"lazy\" decoding=\"async\" class=\"alignnone size-medium wp-image-5137\" src=\"http:\/\/www.catedracosgaya.com.ar\/tipoblog\/2015\/wp-content\/uploads\/2015\/10\/Tipoblog-marinetti-209x300.jpg\" alt=\"Tipoblog marinetti\" width=\"209\" height=\"300\" srcset=\"https:\/\/www.catedracosgaya.com.ar\/tipoblog\/2015\/wp-content\/uploads\/2015\/10\/Tipoblog-marinetti-209x300.jpg 209w, https:\/\/www.catedracosgaya.com.ar\/tipoblog\/2015\/wp-content\/uploads\/2015\/10\/Tipoblog-marinetti-713x1024.jpg 713w, https:\/\/www.catedracosgaya.com.ar\/tipoblog\/2015\/wp-content\/uploads\/2015\/10\/Tipoblog-marinetti.jpg 996w\" sizes=\"auto, (max-width: 209px) 100vw, 209px\" \/>\u00a0F T Martinetti<br \/>\n<\/a><a href=\"http:\/\/www.catedracosgaya.com.ar\/tipoblog\/2015\/wp-content\/uploads\/2015\/10\/El-Lissitzky-portada.png\"><br \/>\n<img loading=\"lazy\" decoding=\"async\" class=\"alignnone size-medium wp-image-5135\" src=\"http:\/\/www.catedracosgaya.com.ar\/tipoblog\/2015\/wp-content\/uploads\/2015\/10\/El-Lissitzky-portada-224x300.png\" alt=\"El Lissitzky portada\" width=\"224\" height=\"300\" srcset=\"https:\/\/www.catedracosgaya.com.ar\/tipoblog\/2015\/wp-content\/uploads\/2015\/10\/El-Lissitzky-portada-224x300.png 224w, https:\/\/www.catedracosgaya.com.ar\/tipoblog\/2015\/wp-content\/uploads\/2015\/10\/El-Lissitzky-portada.png 700w\" sizes=\"auto, (max-width: 224px) 100vw, 224px\" \/><\/a>\u00a0El Lissitzky<\/p>\n<p><a href=\"http:\/\/www.catedracosgaya.com.ar\/tipoblog\/2015\/wp-content\/uploads\/2015\/10\/Piet-Zwarts.png\"><img loading=\"lazy\" decoding=\"async\" class=\"alignnone size-medium wp-image-5136\" src=\"http:\/\/www.catedracosgaya.com.ar\/tipoblog\/2015\/wp-content\/uploads\/2015\/10\/Piet-Zwarts-214x300.png\" alt=\"Piet Zwarts\" width=\"214\" height=\"300\" srcset=\"https:\/\/www.catedracosgaya.com.ar\/tipoblog\/2015\/wp-content\/uploads\/2015\/10\/Piet-Zwarts-214x300.png 214w, https:\/\/www.catedracosgaya.com.ar\/tipoblog\/2015\/wp-content\/uploads\/2015\/10\/Piet-Zwarts.png 500w\" sizes=\"auto, (max-width: 214px) 100vw, 214px\" \/><\/a>\u00a0 \u00a0 \u00a0 \u00a0 Piet Swartz<\/p>\n<p>&nbsp;<\/p>\n<p>El libro La Nueva Tipograf\u00eda de Jan Tschichold, publicado en 1928, toma ideas del movimiento Futurista, Constructivista y De Stijl y las traduce a consejos pr\u00e1cticos para imprentas y dise\u00f1adores comerciales. \u00a8Tschichold fue el \u00fanico difusor de las corrientes de vanguardia cuyo mensaje pod\u00eda ser entendido por los impresores y la gente de las artes gr\u00e1ficas\u00a8. Adjudicaba al dise\u00f1o y la tipograf\u00eda, la funci\u00f3n espec\u00edfica de comunicar, y para atender a este fin social, se volv\u00eda necesaria la organizaci\u00f3n interna del material, para lo cual se requiere un orden. Comenz\u00f3 a teorizar sobre la grilla como un sistema modular con medidas estandarizadas.<\/p>\n<p>Durante la \u00e9poca posterior a la Segunda Guerra Mundial los dise\u00f1adores gr\u00e1ficos de Suiza perfeccionaron las ideas de la Nueva Tipograf\u00eda. En esta \u00e9poca que el termino \u00a8grilla\u00a8 comenz\u00f3 a usarse de forma m\u00e1s frecuente y habitual en referencia al dise\u00f1o de p\u00e1gina. Max Bill, Karl Gerstner, Emil Ruder, y otros fueron representantes de un nuevo racionalismo que rechazaba los clich\u00e9s art\u00edsticos de la intuici\u00f3n y expresi\u00f3n libre.<br \/>\nExpandiendo las ideas pioneras de dise\u00f1adores del Avant Garde, los racionalistas Suizos impulsaron la puesta en p\u00e1gina como un espacio arquitect\u00f3nico continuo. La grilla racionalista divid\u00eda la p\u00e1gina en m\u00faltiples columnas. Construyeron grillas m\u00e1s complejas y elaboradas, y utilizaron la estructura repetida para generar variaci\u00f3n y sorpresa.\u00a0 Estas grillas pod\u00edan ser activadas en numerosas formas en una sola publicaci\u00f3n, siempre en relaci\u00f3n a la estructura base.<\/p>\n<p>&nbsp;<\/p>\n<p><img loading=\"lazy\" decoding=\"async\" class=\"alignnone size-medium wp-image-5143\" src=\"http:\/\/www.catedracosgaya.com.ar\/tipoblog\/2015\/wp-content\/uploads\/2015\/10\/Carta021-300x233.jpg\" alt=\"Carta021\" width=\"300\" height=\"233\" srcset=\"https:\/\/www.catedracosgaya.com.ar\/tipoblog\/2015\/wp-content\/uploads\/2015\/10\/Carta021-300x233.jpg 300w, https:\/\/www.catedracosgaya.com.ar\/tipoblog\/2015\/wp-content\/uploads\/2015\/10\/Carta021-1024x796.jpg 1024w, https:\/\/www.catedracosgaya.com.ar\/tipoblog\/2015\/wp-content\/uploads\/2015\/10\/Carta021.jpg 1696w\" sizes=\"auto, (max-width: 300px) 100vw, 300px\" \/><\/p>\n<p><img loading=\"lazy\" decoding=\"async\" class=\"alignnone size-medium wp-image-5141\" src=\"http:\/\/www.catedracosgaya.com.ar\/tipoblog\/2015\/wp-content\/uploads\/2015\/10\/Carta020-235x300.jpg\" alt=\"Carta020\" width=\"235\" height=\"300\" srcset=\"https:\/\/www.catedracosgaya.com.ar\/tipoblog\/2015\/wp-content\/uploads\/2015\/10\/Carta020-235x300.jpg 235w, https:\/\/www.catedracosgaya.com.ar\/tipoblog\/2015\/wp-content\/uploads\/2015\/10\/Carta020-801x1024.jpg 801w, https:\/\/www.catedracosgaya.com.ar\/tipoblog\/2015\/wp-content\/uploads\/2015\/10\/Carta020.jpg 1308w\" sizes=\"auto, (max-width: 235px) 100vw, 235px\" \/><\/p>\n<p><img loading=\"lazy\" decoding=\"async\" class=\"alignnone size-medium wp-image-5142\" src=\"http:\/\/www.catedracosgaya.com.ar\/tipoblog\/2015\/wp-content\/uploads\/2015\/10\/Carta017-300x201.jpg\" alt=\"Carta017\" width=\"300\" height=\"201\" srcset=\"https:\/\/www.catedracosgaya.com.ar\/tipoblog\/2015\/wp-content\/uploads\/2015\/10\/Carta017-300x201.jpg 300w, https:\/\/www.catedracosgaya.com.ar\/tipoblog\/2015\/wp-content\/uploads\/2015\/10\/Carta017-1024x687.jpg 1024w, https:\/\/www.catedracosgaya.com.ar\/tipoblog\/2015\/wp-content\/uploads\/2015\/10\/Carta017.jpg 2020w\" sizes=\"auto, (max-width: 300px) 100vw, 300px\" \/><\/p>\n<p>&nbsp;<\/p>\n<p>En la actualidad, el pensamiento en relaci\u00f3n a un \u00a8programa\u00a8 est\u00e1 vigente, dada la frecuencia de proyectos con\u00a0grandes vol\u00famenes\u00a0de informaci\u00f3n. Este es el caso del peri\u00f3dico, que contiene informaci\u00f3n que debe ser organizada con diferentes jerarqu\u00edas, que adem\u00e1s se encuentra acompa\u00f1ada de elementos no textuales, ya sean fotograf\u00edas, ilustraciones, gr\u00e1ficos, tablas y dem\u00e1s. La naturaleza sistem\u00e1tica de la grilla fuerza una proporci\u00f3n arm\u00f3nica y la vez permite\u00a0al dise\u00f1ador obtener flexibilidad en el dise\u00f1o de p\u00e1gina.<\/p>\n<p>La grilla es realmente \u00fatil y exitosa cuando el dise\u00f1ador puede ir m\u00e1s all\u00e1 de la uniformidad que esta implica, con su estructura, y la usa para crear una din\u00e1mica visual interesante, juega con las posibilidades que \u00e9sta ofrece y as\u00ed logra mantener un ritmo a lo largo de la publicaci\u00f3n, organizando y jerarquizando la informaci\u00f3n de forma adecuada.<\/p>\n<p>&nbsp;<\/p>\n","protected":false},"excerpt":{"rendered":"<p>Una rese\u00f1a sobre la evoluci\u00f3n de las grillas y puestas en p\u00e1gina desde los comienzos del dise\u00f1o editorial, y c\u00f3mo llegamos a la grilla modular del peri\u00f3dico de la actualidad.<\/p>\n","protected":false},"author":171,"featured_media":5149,"comment_status":"closed","ping_status":"closed","sticky":false,"template":"","format":"standard","meta":{"jetpack_post_was_ever_published":false,"_jetpack_newsletter_access":"","_jetpack_dont_email_post_to_subs":false,"_jetpack_newsletter_tier_id":0,"_jetpack_memberships_contains_paywalled_content":false,"_jetpack_memberships_contains_paid_content":false,"footnotes":"","jetpack_publicize_message":"","jetpack_publicize_feature_enabled":true,"jetpack_social_post_already_shared":true,"jetpack_social_options":{"image_generator_settings":{"template":"highway","default_image_id":0,"font":"","enabled":false},"version":2}},"categories":[16],"tags":[137,18,228,50,223],"class_list":["post-5134","post","type-post","status-publish","format-standard","has-post-thumbnail","hentry","category-periodico","tag-composicion","tag-diario","tag-diseno-editorial","tag-historia","tag-periodico"],"jetpack_publicize_connections":[],"jetpack_featured_media_url":"https:\/\/www.catedracosgaya.com.ar\/tipoblog\/2015\/wp-content\/uploads\/2015\/10\/grilla.jpg","jetpack_sharing_enabled":true,"jetpack_shortlink":"https:\/\/wp.me\/p6gfAF-1kO","_links":{"self":[{"href":"https:\/\/www.catedracosgaya.com.ar\/tipoblog\/2015\/wp-json\/wp\/v2\/posts\/5134","targetHints":{"allow":["GET"]}}],"collection":[{"href":"https:\/\/www.catedracosgaya.com.ar\/tipoblog\/2015\/wp-json\/wp\/v2\/posts"}],"about":[{"href":"https:\/\/www.catedracosgaya.com.ar\/tipoblog\/2015\/wp-json\/wp\/v2\/types\/post"}],"author":[{"embeddable":true,"href":"https:\/\/www.catedracosgaya.com.ar\/tipoblog\/2015\/wp-json\/wp\/v2\/users\/171"}],"replies":[{"embeddable":true,"href":"https:\/\/www.catedracosgaya.com.ar\/tipoblog\/2015\/wp-json\/wp\/v2\/comments?post=5134"}],"version-history":[{"count":4,"href":"https:\/\/www.catedracosgaya.com.ar\/tipoblog\/2015\/wp-json\/wp\/v2\/posts\/5134\/revisions"}],"predecessor-version":[{"id":5148,"href":"https:\/\/www.catedracosgaya.com.ar\/tipoblog\/2015\/wp-json\/wp\/v2\/posts\/5134\/revisions\/5148"}],"wp:featuredmedia":[{"embeddable":true,"href":"https:\/\/www.catedracosgaya.com.ar\/tipoblog\/2015\/wp-json\/wp\/v2\/media\/5149"}],"wp:attachment":[{"href":"https:\/\/www.catedracosgaya.com.ar\/tipoblog\/2015\/wp-json\/wp\/v2\/media?parent=5134"}],"wp:term":[{"taxonomy":"category","embeddable":true,"href":"https:\/\/www.catedracosgaya.com.ar\/tipoblog\/2015\/wp-json\/wp\/v2\/categories?post=5134"},{"taxonomy":"post_tag","embeddable":true,"href":"https:\/\/www.catedracosgaya.com.ar\/tipoblog\/2015\/wp-json\/wp\/v2\/tags?post=5134"}],"curies":[{"name":"wp","href":"https:\/\/api.w.org\/{rel}","templated":true}]}}