{"id":5094,"date":"2015-09-30T04:32:46","date_gmt":"2015-09-30T04:32:46","guid":{"rendered":"http:\/\/www.catedracosgaya.com.ar\/tipoblog\/2015\/?p=5094"},"modified":"2015-10-13T02:44:14","modified_gmt":"2015-10-13T02:44:14","slug":"tamanos-de-diarios","status":"publish","type":"post","link":"https:\/\/www.catedracosgaya.com.ar\/tipoblog\/2015\/tamanos-de-diarios\/","title":{"rendered":"El tama\u00f1o lo es todo!"},"content":{"rendered":"<p>Aqu\u00ed hablar\u00e9 de los tipos que pude encontrar desde los m\u00e1s comunes hasta unos muy interesantes que no son nada comunes o que salieron a la luz por un motivo especial en concreto.<\/p>\n<ul>\n<li><strong>S\u00e1bana:<\/strong>\u00a0P\u00e1gina entera (749 x 597 mm por doble p\u00e1gina), con caja tipogr\u00e1fica variando alrededor de 120 pc por 70 pc, y bordes de dos a tres cent\u00edmetros. Algunos ejemplos de diarios que utilizan este formato: \u00a0\u00a0<em><a href=\"http:\/\/3.bp.blogspot.com\/_OK0ZZ8IG6ls\/SQFuppUl7qI\/AAAAAAAAAII\/wD-FCHikTls\/s1600\/wp.jpg\">The Washintong Post<\/a>,\u00a0<a href=\"http:\/\/estaticos03.elmundo.es\/suplementos\/imagenes\/2005\/12\/30\/1135967217_0.jpg\">The Times<\/a><\/em>\u00a0(fue el primero en imprimir en ese formato y dur\u00f3 hasta 2004) por citar algunos.<\/li>\n<li><strong>Tabloide:<\/strong>\u00a0El tama\u00f1o <em>tabloide<\/em> se refiere a menudo como \u00abla mitad del tama\u00f1o de una s\u00e1bana\u00bb(280 x 430 mm), sin embargo esto no es estrictamente cierto,\u00a0en realidad no es muy diferente de la A3 y por lo tanto una transici\u00f3n a la prensa sensacionalista de impresi\u00f3n en una hoja A2. Tabloides utilizados en el mundo:\u00a0<em><a href=\"http:\/\/cdna.nexofin.com\/archivos\/2015\/04\/clarin-2015-04-13.jpg\">Clar\u00edn<\/a>,\u00a0<a href=\"http:\/\/www.clasesdeperiodismo.com\/wp-content\/uploads\/2013\/02\/La-Raz%C3%B3n.jpg\">La Raz\u00f3n (Espa\u00f1a)<\/a><\/em>, entre otros.<\/li>\n<li><strong>Berlines:\u00a0<\/strong>M\u00e1s alto que el <em>tabloide<\/em> y m\u00e1s estrecho que el <i>est\u00e1ndar<\/i>, con 47 cm de altura por 31,5 cm de anchura. \u00a0Usado por diarios europeos en general como\u00a0<em><em><em><em><a href=\"http:\/\/4.bp.blogspot.com\/_OK0ZZ8IG6ls\/SQFyNKBEL4I\/AAAAAAAAAI4\/BDKxfYwhcEw\/s1600\/Le20Monde.gif\">Le Monde<\/a>,\u00a0<a href=\"http:\/\/a2011.kiosko.net\/04\/21\/uk\/guardian.750.jpg\">The Guardian<\/a>, etc.\n<p><\/em><\/em><\/em><\/em><\/li>\n<li><strong>Diarios Especiales:<\/strong><\/li>\n<\/ul>\n<p><em>\u00abEl diario m\u00e1s peque\u00f1o del mundo\u00bb.\u00a0<\/em>\u00a0El peri\u00f3dico <em>First News<\/em> lanz\u00f3 el peri\u00f3dico m\u00e1s peque\u00f1o del mundo, dentro del marco de su nueva estrategia comercial. Esta peque\u00f1a edici\u00f3n consta de las mismas secciones que vienen en el formato convencional y entr\u00f3 en el libro Guiness por medir apenas 3,2 x 2,2 cms.\u00a0<em><a href=\"http:\/\/www.mediosdecomunicacion.org\/img\/el-periodico-mas-pequeno-del-mundo1.jpg\">First News Smallest Newspaper<\/a>,\u00a0<\/em>la estrategia de marketing que se utiliz\u00f3 fue catalogada como una acci\u00f3n extraordinaria, ya que no s\u00f3lo se vendieron much\u00edsimos ejemplares sino que provoc\u00f3 tambi\u00e9n un incremento de ventas de los peri\u00f3dicos tradicionales.<\/p>\n<p><em>\u00abEl \u00fanico diario en el mundo escrito a mano\u00bb. \u00a0<\/em>Al ser escrito a mano, se hace un negativo fotogr\u00e1fico del diario y luego se imprime la tirada de 22.000 ejemplares. Cuenta con tan s\u00f3lo 4 p\u00e1ginas y los editores siempre dejan una parte peque\u00f1a de la portada en blanco por si surgen de repente noticias de \u00faltima hora.\u00a0<em><a href=\"https:\/\/www.youtube.com\/watch?v=iRBPS6cBOg8\">El \u00fanico diario escrito a mano en el mundo.<br \/>\n<\/a><\/em><\/p>\n<p>\u00abEl \u00fanico diario Amish del mundo\u00bb. \u00a0Fundado en 1890 y publicado en la villa Amish <em>\u00abSugarcreek\u00bb<\/em>, del estado de Ohio. Es editado por y para las comunidades amish y menonitas de los estados de Minnesota y Ohio, que rechazan las nuevas tecnolog\u00edas, raz\u00f3n por la que el peri\u00f3dico no s\u00f3lo se hace, sino que se distribuye de manera tradicional.\u00a0<em><a href=\"http:\/\/www.thebudgetnewspaper.com\/images\/410_Pg_1.jpg\">The Budget<\/a>.<\/em><\/p>\n<p>&nbsp;<\/p>\n","protected":false},"excerpt":{"rendered":"<p>Al pensar como empezar a hacer este trabajo que es diario, lo primero que se me pudo ocurrir fue \u00bfQu\u00e9 tama\u00f1o tiene un diario?, y ah\u00ed decid\u00ed investigar m\u00e1s sobre el tema.<br \/>\nPara mi sorpresa hab\u00eda muchos formatos de diarios que se utilizan hoy en d\u00eda que yo (por motivos obvios porque \u00a1nunca leo el diario! jaja) no conoc\u00eda y el tama\u00f1o tambi\u00e9n variaba seg\u00fan la funci\u00f3n de ese diario.<\/p>\n","protected":false},"author":164,"featured_media":5106,"comment_status":"closed","ping_status":"closed","sticky":false,"template":"","format":"standard","meta":{"jetpack_post_was_ever_published":false,"_jetpack_newsletter_access":"","_jetpack_dont_email_post_to_subs":false,"_jetpack_newsletter_tier_id":0,"_jetpack_memberships_contains_paywalled_content":false,"_jetpack_memberships_contains_paid_content":false,"footnotes":"","jetpack_publicize_message":"","jetpack_publicize_feature_enabled":true,"jetpack_social_post_already_shared":true,"jetpack_social_options":{"image_generator_settings":{"template":"highway","default_image_id":0,"font":"","enabled":false},"version":2}},"categories":[16],"tags":[],"class_list":["post-5094","post","type-post","status-publish","format-standard","has-post-thumbnail","hentry","category-periodico"],"jetpack_publicize_connections":[],"jetpack_featured_media_url":"https:\/\/www.catedracosgaya.com.ar\/tipoblog\/2015\/wp-content\/uploads\/2015\/09\/el-periodico-mas-pequeno-del-mundo1.jpg","jetpack_sharing_enabled":true,"jetpack_shortlink":"https:\/\/wp.me\/p6gfAF-1ka","_links":{"self":[{"href":"https:\/\/www.catedracosgaya.com.ar\/tipoblog\/2015\/wp-json\/wp\/v2\/posts\/5094","targetHints":{"allow":["GET"]}}],"collection":[{"href":"https:\/\/www.catedracosgaya.com.ar\/tipoblog\/2015\/wp-json\/wp\/v2\/posts"}],"about":[{"href":"https:\/\/www.catedracosgaya.com.ar\/tipoblog\/2015\/wp-json\/wp\/v2\/types\/post"}],"author":[{"embeddable":true,"href":"https:\/\/www.catedracosgaya.com.ar\/tipoblog\/2015\/wp-json\/wp\/v2\/users\/164"}],"replies":[{"embeddable":true,"href":"https:\/\/www.catedracosgaya.com.ar\/tipoblog\/2015\/wp-json\/wp\/v2\/comments?post=5094"}],"version-history":[{"count":18,"href":"https:\/\/www.catedracosgaya.com.ar\/tipoblog\/2015\/wp-json\/wp\/v2\/posts\/5094\/revisions"}],"predecessor-version":[{"id":5189,"href":"https:\/\/www.catedracosgaya.com.ar\/tipoblog\/2015\/wp-json\/wp\/v2\/posts\/5094\/revisions\/5189"}],"wp:featuredmedia":[{"embeddable":true,"href":"https:\/\/www.catedracosgaya.com.ar\/tipoblog\/2015\/wp-json\/wp\/v2\/media\/5106"}],"wp:attachment":[{"href":"https:\/\/www.catedracosgaya.com.ar\/tipoblog\/2015\/wp-json\/wp\/v2\/media?parent=5094"}],"wp:term":[{"taxonomy":"category","embeddable":true,"href":"https:\/\/www.catedracosgaya.com.ar\/tipoblog\/2015\/wp-json\/wp\/v2\/categories?post=5094"},{"taxonomy":"post_tag","embeddable":true,"href":"https:\/\/www.catedracosgaya.com.ar\/tipoblog\/2015\/wp-json\/wp\/v2\/tags?post=5094"}],"curies":[{"name":"wp","href":"https:\/\/api.w.org\/{rel}","templated":true}]}}