{"id":5093,"date":"2015-10-01T11:19:36","date_gmt":"2015-10-01T11:19:36","guid":{"rendered":"http:\/\/www.catedracosgaya.com.ar\/tipoblog\/2015\/?p=5093"},"modified":"2015-10-01T11:23:09","modified_gmt":"2015-10-01T11:23:09","slug":"rediseno","status":"publish","type":"post","link":"https:\/\/www.catedracosgaya.com.ar\/tipoblog\/2015\/rediseno\/","title":{"rendered":"Redise\u00f1o"},"content":{"rendered":"<p>Al hablar de redise\u00f1o lo voy a hacer teniendo en cuenta\u00a0<strong>Lib\u00e9ration<i>,<\/i><\/strong>\u00a0un diario editado en Par\u00eds\u00a0y fundado en 1973\u00a0por Jean Paul Sartre,\u00a0Benny L\u00e9vy y Serge July. Es considerado uno de los principales diarios del pa\u00eds.<\/p>\n<p>En su nueva impronta \u00a0incorpora una paleta de colores m\u00e1s intensa, una portada m\u00e1s \u00a8moderna\u00a8 y una nueva tipograf\u00eda. Distintas causas llevaron a presentar un nuevo dise\u00f1o de su versi\u00f3n impresa (como tambi\u00e9n sucedi\u00f3 en 1994, 2003, 2009) una de ellas es para\u00a0adaptarse a\u00fan mejor a los nuevos h\u00e1bitos de consumo, m\u00e1s all\u00e1 de su evoluci\u00f3n como medio impreso. No se trata solo del deseo de cambio.<\/p>\n<p>Algunos de los puntos fundamentales del redise\u00f1o se sintetizaron de la siguiente\u00a0manera:<\/p>\n<ul>\n<li>Tipograf\u00eda: Nuevas tipograf\u00edas condensadas y contundentes. El\u00a0tip\u00f3grafo franc\u00e9s Jean Baptiste Leve\u00e9 se encargo de la nueva tipograf\u00eda (Libe Sans). Con la cual\u00a0marca el tono del nuevo diario desde su portada.\u00a0Junto a Lib\u00e9Sans: \u00a0Tiempos (de Kris Sowersby), para\u00a0cuerpo de texto: Produkt de Christian Schwartz \u00a0y \u00a0Graphique Pro y Windsor para se\u00f1alizaci\u00f3n.<\/li>\n<li>Dise\u00f1o: Pensado para volverlo m\u00e1s \u00a8agresivo\u00a8visualmente. Presenta tambi\u00e9n nueva iconograf\u00eda, uso de recursos como sombras y filetes gruesos, para facilitar el acceso a la multitud de entradas a la informaci\u00f3n. Se hace visible tambi\u00e9n en\u00a0este cambio la\u00a0aparici\u00f3n de nuevas secciones.<\/li>\n<li>Color: La paleta de color plantea un uso absoluto de los colores rojo y negro<\/li>\n<\/ul>\n<p>&nbsp;<\/p>\n<p>&nbsp;<\/p>\n<p><a href=\"http:\/\/www.catedracosgaya.com.ar\/tipoblog\/2015\/wp-content\/uploads\/2015\/10\/Redise\u00f1o-2015.jpg\"><img loading=\"lazy\" decoding=\"async\" class=\"size-medium wp-image-5116\" src=\"http:\/\/www.catedracosgaya.com.ar\/tipoblog\/2015\/wp-content\/uploads\/2015\/10\/Redise\u00f1o-2015-233x300.jpg\" alt=\"Nuevo dise\u00f1o de Lib\u00e9ration\" width=\"233\" height=\"300\" srcset=\"https:\/\/www.catedracosgaya.com.ar\/tipoblog\/2015\/wp-content\/uploads\/2015\/10\/Redise\u00f1o-2015-233x300.jpg 233w, https:\/\/www.catedracosgaya.com.ar\/tipoblog\/2015\/wp-content\/uploads\/2015\/10\/Redise\u00f1o-2015.jpg 700w\" sizes=\"auto, (max-width: 233px) 100vw, 233px\" \/><\/a><\/p>\n<figure id=\"attachment_5117\" aria-describedby=\"caption-attachment-5117\" style=\"width: 300px\" class=\"wp-caption alignnone\"><a href=\"http:\/\/www.catedracosgaya.com.ar\/tipoblog\/2015\/wp-content\/uploads\/2015\/10\/Pagina-interna-2015-redise\u00f1o.jpg\"><img loading=\"lazy\" decoding=\"async\" class=\"size-medium wp-image-5117\" src=\"http:\/\/www.catedracosgaya.com.ar\/tipoblog\/2015\/wp-content\/uploads\/2015\/10\/Pagina-interna-2015-redise\u00f1o-300x194.jpg\" alt=\"Nuevo dise\u00f1o de Lib\u00e9ration\" width=\"300\" height=\"194\" srcset=\"https:\/\/www.catedracosgaya.com.ar\/tipoblog\/2015\/wp-content\/uploads\/2015\/10\/Pagina-interna-2015-redise\u00f1o-300x194.jpg 300w, https:\/\/www.catedracosgaya.com.ar\/tipoblog\/2015\/wp-content\/uploads\/2015\/10\/Pagina-interna-2015-redise\u00f1o.jpg 720w\" sizes=\"auto, (max-width: 300px) 100vw, 300px\" \/><\/a><figcaption id=\"caption-attachment-5117\" class=\"wp-caption-text\">Nuevo dise\u00f1o de Lib\u00e9ration<\/figcaption><\/figure>\n<p>&nbsp;<\/p>\n<p>&nbsp;<\/p>\n<figure id=\"attachment_5119\" aria-describedby=\"caption-attachment-5119\" style=\"width: 300px\" class=\"wp-caption alignnone\"><a href=\"http:\/\/www.catedracosgaya.com.ar\/tipoblog\/2015\/wp-content\/uploads\/2015\/10\/Nueva-seccion.png\"><img loading=\"lazy\" decoding=\"async\" class=\"size-medium wp-image-5119\" src=\"http:\/\/www.catedracosgaya.com.ar\/tipoblog\/2015\/wp-content\/uploads\/2015\/10\/Nueva-seccion-300x192.png\" alt=\"Una de las nuevas secciones del diario. Expresso\" width=\"300\" height=\"192\" srcset=\"https:\/\/www.catedracosgaya.com.ar\/tipoblog\/2015\/wp-content\/uploads\/2015\/10\/Nueva-seccion-300x192.png 300w, https:\/\/www.catedracosgaya.com.ar\/tipoblog\/2015\/wp-content\/uploads\/2015\/10\/Nueva-seccion.png 500w\" sizes=\"auto, (max-width: 300px) 100vw, 300px\" \/><\/a><figcaption id=\"caption-attachment-5119\" class=\"wp-caption-text\">Una de las nuevas secciones del diario. Expresso<\/figcaption><\/figure>\n<p>&nbsp;<\/p>\n<p>&nbsp;<\/p>\n<figure id=\"attachment_5118\" aria-describedby=\"caption-attachment-5118\" style=\"width: 234px\" class=\"wp-caption alignnone\"><a href=\"http:\/\/www.catedracosgaya.com.ar\/tipoblog\/2015\/wp-content\/uploads\/2015\/10\/Dise\u00f1o-2009.jpg\"><img loading=\"lazy\" decoding=\"async\" class=\"size-medium wp-image-5118\" src=\"http:\/\/www.catedracosgaya.com.ar\/tipoblog\/2015\/wp-content\/uploads\/2015\/10\/Dise\u00f1o-2009-234x300.jpg\" alt=\"Dise\u00f1o Anterior, este ejemplar corresponde al a\u00f1o 2009\" width=\"234\" height=\"300\" srcset=\"https:\/\/www.catedracosgaya.com.ar\/tipoblog\/2015\/wp-content\/uploads\/2015\/10\/Dise\u00f1o-2009-234x300.jpg 234w, https:\/\/www.catedracosgaya.com.ar\/tipoblog\/2015\/wp-content\/uploads\/2015\/10\/Dise\u00f1o-2009.jpg 702w\" sizes=\"auto, (max-width: 234px) 100vw, 234px\" \/><\/a><figcaption id=\"caption-attachment-5118\" class=\"wp-caption-text\">Dise\u00f1o Anterior, este ejemplar de 2009<\/figcaption><\/figure>\n<p>&nbsp;<\/p>\n<p>\u00abErrea Comunicaci\u00f3n\u00bb empresa de dise\u00f1o liderada por Javier Errea, encargada del cambio de imagen del diario. Se\u00f1al\u00f3:<\/p>\n<blockquote><p><em>\u00bb Nuestro mayor reto a la hora de redise\u00f1ar Lib\u00e9ration es que siempre ha sido conocido por su rechazo a lo convencional\u00bb<\/em><\/p><\/blockquote>\n<p>Sin m\u00e1s ni menos algo a tener muy en cuenta a la hora de pensar en el nuevo dise\u00f1o ( Sin dejar de lado tambi\u00e9n, y no mucho menor, la situaci\u00f3n de crisis financiera que de cierta forma impone ciertos l\u00edmites ) M\u00e1s all\u00e1 de sus herramientas para dise\u00f1ar, su \u00a0intenci\u00f3n comunicacional, la rebeld\u00eda frente a las normas tradicionales del periodismo, en esta nueva versi\u00f3n Lib\u00e9ration desea apuntar a un nuevo p\u00fablico de lectores m\u00e1s j\u00f3venes y lo hace pensando en un nuevo dise\u00f1o para conseguir esas miradas.<\/p>\n<p>Su versi\u00f3n web:\u00a0<a href=\"http:\/\/www.liberation.fr\/\" target=\"_blank\">Diario Lib\u00e9ration<\/a><\/p>\n","protected":false},"excerpt":{"rendered":"<p>El cambio de dise\u00f1o de un peri\u00f3dico implica, en este caso, una gr\u00e1fica diferente con un nuevo ordenamiento de sus elementos para otorgarle a la pieza un nuevo rendimiento, ritmo y coherencia, y as\u00ed poder manifestar con claridad su intenci\u00f3n comunicacional.<\/p>\n","protected":false},"author":168,"featured_media":5120,"comment_status":"closed","ping_status":"closed","sticky":false,"template":"","format":"standard","meta":{"jetpack_post_was_ever_published":false,"_jetpack_newsletter_access":"","_jetpack_dont_email_post_to_subs":false,"_jetpack_newsletter_tier_id":0,"_jetpack_memberships_contains_paywalled_content":false,"_jetpack_memberships_contains_paid_content":false,"footnotes":"","jetpack_publicize_message":"","jetpack_publicize_feature_enabled":true,"jetpack_social_post_already_shared":true,"jetpack_social_options":{"image_generator_settings":{"template":"highway","default_image_id":0,"font":"","enabled":false},"version":2}},"categories":[16],"tags":[89,223,85,90],"class_list":["post-5093","post","type-post","status-publish","format-standard","has-post-thumbnail","hentry","category-periodico","tag-comunicacion","tag-periodico","tag-rediseno","tag-tipografia"],"jetpack_publicize_connections":[],"jetpack_featured_media_url":"https:\/\/www.catedracosgaya.com.ar\/tipoblog\/2015\/wp-content\/uploads\/2015\/10\/Imagen-destacada.png","jetpack_sharing_enabled":true,"jetpack_shortlink":"https:\/\/wp.me\/s6gfAF-rediseno","_links":{"self":[{"href":"https:\/\/www.catedracosgaya.com.ar\/tipoblog\/2015\/wp-json\/wp\/v2\/posts\/5093","targetHints":{"allow":["GET"]}}],"collection":[{"href":"https:\/\/www.catedracosgaya.com.ar\/tipoblog\/2015\/wp-json\/wp\/v2\/posts"}],"about":[{"href":"https:\/\/www.catedracosgaya.com.ar\/tipoblog\/2015\/wp-json\/wp\/v2\/types\/post"}],"author":[{"embeddable":true,"href":"https:\/\/www.catedracosgaya.com.ar\/tipoblog\/2015\/wp-json\/wp\/v2\/users\/168"}],"replies":[{"embeddable":true,"href":"https:\/\/www.catedracosgaya.com.ar\/tipoblog\/2015\/wp-json\/wp\/v2\/comments?post=5093"}],"version-history":[{"count":4,"href":"https:\/\/www.catedracosgaya.com.ar\/tipoblog\/2015\/wp-json\/wp\/v2\/posts\/5093\/revisions"}],"predecessor-version":[{"id":5122,"href":"https:\/\/www.catedracosgaya.com.ar\/tipoblog\/2015\/wp-json\/wp\/v2\/posts\/5093\/revisions\/5122"}],"wp:featuredmedia":[{"embeddable":true,"href":"https:\/\/www.catedracosgaya.com.ar\/tipoblog\/2015\/wp-json\/wp\/v2\/media\/5120"}],"wp:attachment":[{"href":"https:\/\/www.catedracosgaya.com.ar\/tipoblog\/2015\/wp-json\/wp\/v2\/media?parent=5093"}],"wp:term":[{"taxonomy":"category","embeddable":true,"href":"https:\/\/www.catedracosgaya.com.ar\/tipoblog\/2015\/wp-json\/wp\/v2\/categories?post=5093"},{"taxonomy":"post_tag","embeddable":true,"href":"https:\/\/www.catedracosgaya.com.ar\/tipoblog\/2015\/wp-json\/wp\/v2\/tags?post=5093"}],"curies":[{"name":"wp","href":"https:\/\/api.w.org\/{rel}","templated":true}]}}