{"id":5062,"date":"2015-09-28T18:39:23","date_gmt":"2015-09-28T18:39:23","guid":{"rendered":"http:\/\/www.catedracosgaya.com.ar\/tipoblog\/2015\/?p=5062"},"modified":"2015-09-28T18:39:23","modified_gmt":"2015-09-28T18:39:23","slug":"el-don-de-insensibilizar","status":"publish","type":"post","link":"https:\/\/www.catedracosgaya.com.ar\/tipoblog\/2015\/el-don-de-insensibilizar\/","title":{"rendered":"El don de insensibilizar"},"content":{"rendered":"<p>Qu\u00e9 momento para escribir un informe o siquiera dar una opini\u00f3n acerca de lo que un peri\u00f3dico hoy en d\u00eda significa para uno.<\/p>\n<p>A medida que transcurre el actual trabajo de diario, fui tomando algunas puntas de las te\u00f3ricas dadas hasta el momento, que me resultaron interesantes, como por ejemplo la fuerza en cuanto a la utilizaci\u00f3n de la imagen.<\/p>\n<p>En los tiempos que corren actualmente me da la sensaci\u00f3n que los medios de comunicaci\u00f3n se han encargado de mostrar lo peor, un constante bombardeo de informaci\u00f3n e im\u00e1genes para apelar a la sensibilidad del p\u00fablico, la insistencia con la que operan mostrando una y otra vez la fotograf\u00eda de un hombre ensangrentado que acababa de asesinar a su mujer, o la de un ni\u00f1o que muri\u00f3 ahogado por tratar de escapar del horror, tambi\u00e9n la de una periodista que, intentando evitar que \u201cinmigrantes\u201d ingresen a su pa\u00eds, patea a ni\u00f1os y hace caer a un hombre que llevaba en brazos a su peque\u00f1o hijo, y as\u00ed podr\u00edamos seguir nombrando. Una catarata de im\u00e1genes que, como expres\u00e9 m\u00e1s arriba, apelan a nuestra sensibilidad y que al final terminan desensibiliz\u00e1ndonos, porque ya no nos duele tanto, como ayer, ver en la tapa de un diario la foto de c\u00f3mo miles de personas intentan cruzar la frontera para obtener un mejor futuro, o al menos escapar de una situaci\u00f3n en la cual podr\u00edan ser asesinados, porque ya nos resulta normal, y eso personalmente me aterra, \u00bfCu\u00e1l es el punto o la necesidad?, porque situaciones como estas no son recientes, sin embargo no suele hablarse con tanta frecuencia como ahora, o mejor dicho como ayer porque ya pas\u00f3, pero supuestamente el peri\u00f3dico nos informa, la pregunta es \u00bfSobre qu\u00e9?<\/p>\n<p>A ra\u00edz de la \u00faltima pregunta surge el otro punto sobre el cu\u00e1l puse mi atenci\u00f3n, aunque no es tan reciente, y seguramente ya se expresaron opiniones sobre esto.<\/p>\n<p>El punto es el poder que posee la comunicaci\u00f3n, y aunque creo que en la carrera de dise\u00f1o, la materia de comunicaci\u00f3n es bastante b\u00e1sica, pienso que lo b\u00e1sico sirve para intentar ejercitar el sentido com\u00fan, porque seguramente m\u00e1s de uno pens\u00f3 que el an\u00e1lisis de una imagen s\u00f3lo serv\u00eda para rendir un examen. Hoy en d\u00eda, los medios de comunicaci\u00f3n nos han puesto en evidencia, porque pareciera que uno es lo que lee o el noticiero que ve, si lees Clar\u00edn sos un gorila o si ves 678 sos un planero K, y no hay grises en el medio. En discusiones cotidianas escuch\u00e9 a gente que cree que esto se le atribuye a una persona (CFK), porque fue ella quien gener\u00f3 la llamada \u201cgrieta\u201d, personalmente no lo creo, y probablemente en esta peque\u00f1a frase ya se me etiquete de Kirchnerista, pero no lo creo porque aunque la imagen de Clar\u00edn haya cambiado rotundamente a\u00fan hay much\u00edsima gente que lo lee, hay much\u00edsima gente que ve TN, hay muchos m\u00e1s fans de Lanata hoy en d\u00eda que hace a\u00f1os cuando \u00e9l cre\u00eda en otras cosas (incluso lleg\u00f3 a adue\u00f1arse de un \u201clogo\u201d, el de fuck you, eso me parece muy interesante tambi\u00e9n pero es otro tema); la gente dice creer y pensar lo que quiere, pero \u00bfQui\u00e9n o qu\u00e9 te hizo creer y pensar de tal manera?<\/p>\n","protected":false},"excerpt":{"rendered":"<p>La utilizaci\u00f3n de im\u00e1genes y contenidos como herramienta comunicacional, para insensibilizar y generar posturas concretas.<\/p>\n","protected":false},"author":162,"featured_media":5063,"comment_status":"closed","ping_status":"closed","sticky":false,"template":"","format":"standard","meta":{"jetpack_post_was_ever_published":false,"_jetpack_newsletter_access":"","_jetpack_dont_email_post_to_subs":false,"_jetpack_newsletter_tier_id":0,"_jetpack_memberships_contains_paywalled_content":false,"_jetpack_memberships_contains_paid_content":false,"footnotes":"","jetpack_publicize_message":"","jetpack_publicize_feature_enabled":true,"jetpack_social_post_already_shared":true,"jetpack_social_options":{"image_generator_settings":{"template":"highway","default_image_id":0,"font":"","enabled":false},"version":2}},"categories":[16],"tags":[],"class_list":["post-5062","post","type-post","status-publish","format-standard","has-post-thumbnail","hentry","category-periodico"],"jetpack_publicize_connections":[],"jetpack_featured_media_url":"https:\/\/www.catedracosgaya.com.ar\/tipoblog\/2015\/wp-content\/uploads\/2015\/09\/Captura-de-pantalla-completa-28092015-122841-p.m..jpg","jetpack_sharing_enabled":true,"jetpack_shortlink":"https:\/\/wp.me\/p6gfAF-1jE","_links":{"self":[{"href":"https:\/\/www.catedracosgaya.com.ar\/tipoblog\/2015\/wp-json\/wp\/v2\/posts\/5062","targetHints":{"allow":["GET"]}}],"collection":[{"href":"https:\/\/www.catedracosgaya.com.ar\/tipoblog\/2015\/wp-json\/wp\/v2\/posts"}],"about":[{"href":"https:\/\/www.catedracosgaya.com.ar\/tipoblog\/2015\/wp-json\/wp\/v2\/types\/post"}],"author":[{"embeddable":true,"href":"https:\/\/www.catedracosgaya.com.ar\/tipoblog\/2015\/wp-json\/wp\/v2\/users\/162"}],"replies":[{"embeddable":true,"href":"https:\/\/www.catedracosgaya.com.ar\/tipoblog\/2015\/wp-json\/wp\/v2\/comments?post=5062"}],"version-history":[{"count":1,"href":"https:\/\/www.catedracosgaya.com.ar\/tipoblog\/2015\/wp-json\/wp\/v2\/posts\/5062\/revisions"}],"predecessor-version":[{"id":5064,"href":"https:\/\/www.catedracosgaya.com.ar\/tipoblog\/2015\/wp-json\/wp\/v2\/posts\/5062\/revisions\/5064"}],"wp:featuredmedia":[{"embeddable":true,"href":"https:\/\/www.catedracosgaya.com.ar\/tipoblog\/2015\/wp-json\/wp\/v2\/media\/5063"}],"wp:attachment":[{"href":"https:\/\/www.catedracosgaya.com.ar\/tipoblog\/2015\/wp-json\/wp\/v2\/media?parent=5062"}],"wp:term":[{"taxonomy":"category","embeddable":true,"href":"https:\/\/www.catedracosgaya.com.ar\/tipoblog\/2015\/wp-json\/wp\/v2\/categories?post=5062"},{"taxonomy":"post_tag","embeddable":true,"href":"https:\/\/www.catedracosgaya.com.ar\/tipoblog\/2015\/wp-json\/wp\/v2\/tags?post=5062"}],"curies":[{"name":"wp","href":"https:\/\/api.w.org\/{rel}","templated":true}]}}