{"id":5005,"date":"2015-09-24T22:34:26","date_gmt":"2015-09-24T22:34:26","guid":{"rendered":"http:\/\/www.catedracosgaya.com.ar\/tipoblog\/2015\/?p=5005"},"modified":"2015-09-24T22:34:26","modified_gmt":"2015-09-24T22:34:26","slug":"el-diario-y-la-cuestion-cromatica","status":"publish","type":"post","link":"https:\/\/www.catedracosgaya.com.ar\/tipoblog\/2015\/el-diario-y-la-cuestion-cromatica\/","title":{"rendered":"El diario y la cuesti\u00f3n crom\u00e1tica"},"content":{"rendered":"<p>Gracias a los adelantos tecnol\u00f3gicos se comienza a incorporar el color en el peri\u00f3dico, \u00a0en un principio se imprime a color solo en p\u00e1ginas de publicidad. Y en 1988 el color ya se ha situado en la informaci\u00f3n del diario mismo. Pr\u00e1cticamente ya no queda ning\u00fan diario que no lleve color, aunque sea en sus primeras p\u00e1ginas. El color es una sensaci\u00f3n, una emoci\u00f3n, pero sobre todo es informaci\u00f3n. En este campo se encuentran dos tareas: no s\u00f3lo hay que decidir qu\u00e9 colores van a formar parte de la paleta sino tambi\u00e9n las normas de aplicaci\u00f3n.<\/p>\n<p>Hay opiniones encontradas respecto al uso del mismo: se cree que existe una relaci\u00f3n entre uso de color y tipo de prensa. Ya que se piensa que este \u201csensacionaliza\u201d la informaci\u00f3n. Para citar un ejemplo, en nuestro pa\u00eds, el diario Cr\u00f3nica es considerado un diario popular por su exceso de contenidos de imagen y texto. Estos peri\u00f3dicos populares apelan al sensacionalismo de los esc\u00e1ndalos de far\u00e1ndula y la nota roja. Y de alguna manera el uso de color en estos tipos de peri\u00f3dicos puede dar a entender que intenta plasmar las sensaciones que ofrecen las notas. Puesto en relaci\u00f3n con La Naci\u00f3n, se puede ver claramente que elementos eligen destacar y de qu\u00e9 manera.<\/p>\n<p><a href=\"http:\/\/www.catedracosgaya.com.ar\/tipoblog\/2015\/wp-content\/uploads\/2015\/09\/Cronica.jpg\"><img loading=\"lazy\" decoding=\"async\" class=\"alignnone size-medium wp-image-5006\" src=\"http:\/\/www.catedracosgaya.com.ar\/tipoblog\/2015\/wp-content\/uploads\/2015\/09\/Cronica-226x300.jpg\" alt=\"Cronica\" width=\"226\" height=\"300\" srcset=\"https:\/\/www.catedracosgaya.com.ar\/tipoblog\/2015\/wp-content\/uploads\/2015\/09\/Cronica-226x300.jpg 226w, https:\/\/www.catedracosgaya.com.ar\/tipoblog\/2015\/wp-content\/uploads\/2015\/09\/Cronica.jpg 645w\" sizes=\"auto, (max-width: 226px) 100vw, 226px\" \/><\/a><\/p>\n<p>&nbsp;<\/p>\n<p><a href=\"http:\/\/www.catedracosgaya.com.ar\/tipoblog\/2015\/wp-content\/uploads\/2015\/09\/la-nacion.jpg\"><img loading=\"lazy\" decoding=\"async\" class=\"alignnone size-medium wp-image-5007\" src=\"http:\/\/www.catedracosgaya.com.ar\/tipoblog\/2015\/wp-content\/uploads\/2015\/09\/la-nacion-178x300.jpg\" alt=\"la nacion\" width=\"178\" height=\"300\" srcset=\"https:\/\/www.catedracosgaya.com.ar\/tipoblog\/2015\/wp-content\/uploads\/2015\/09\/la-nacion-178x300.jpg 178w, https:\/\/www.catedracosgaya.com.ar\/tipoblog\/2015\/wp-content\/uploads\/2015\/09\/la-nacion-608x1024.jpg 608w, https:\/\/www.catedracosgaya.com.ar\/tipoblog\/2015\/wp-content\/uploads\/2015\/09\/la-nacion.jpg 750w\" sizes=\"auto, (max-width: 178px) 100vw, 178px\" \/><\/a><\/p>\n<p>&nbsp;<\/p>\n<p>El color por si mismo otorga la ventaja de llamar la atenci\u00f3n. Hay directores que afirman que un diario a todo color no tiene la misma credibilidad que uno en blanco y negro, se lo ve menos cre\u00edble, menos serio y de menor calidad informativa. Como tambi\u00e9n que analizar una fotograf\u00eda en blanco y negro exige un tiempo, un espacio para el an\u00e1lisis que sirve para no dejarse obnubilar por el colorido de una fotograf\u00eda a color.<\/p>\n<p>Sin embargo, no existe la connotaci\u00f3n sensacionalista que antes ten\u00eda el color en la prensa diaria. S\u00f3lo la forma de aplicarlo definir\u00e1 la seriedad o el sensacionalismo, condicionado a un tipo de dise\u00f1o donde el uso incontrolado del color domina tanto en la estructura de la p\u00e1gina que convierte al medio en un producto vulgar. Todo es una cuesti\u00f3n de administraci\u00f3n en la p\u00e1gina. Por ello hoy en d\u00eda vemos que la mayor\u00eda de los diarios son a color. El color afecta a todo: desde el logotipo de la publicaci\u00f3n, la gu\u00eda de un diario, facilita la traslaci\u00f3n de la informaci\u00f3n al lector y proporcionan identidad propia al contenido.<\/p>\n<p>&nbsp;<\/p>\n","protected":false},"excerpt":{"rendered":"<p>Gracias a los adelantos tecnol\u00f3gicos se comienza a incorporar el color en el peri\u00f3dico, \u00a0en un principio se imprime a color solo en p\u00e1ginas de publicidad. Y en 1988 el color ya se ha situado [&hellip;]<\/p>\n","protected":false},"author":159,"featured_media":5008,"comment_status":"closed","ping_status":"closed","sticky":false,"template":"","format":"standard","meta":{"jetpack_post_was_ever_published":false,"_jetpack_newsletter_access":"","_jetpack_dont_email_post_to_subs":false,"_jetpack_newsletter_tier_id":0,"_jetpack_memberships_contains_paywalled_content":false,"_jetpack_memberships_contains_paid_content":false,"footnotes":"","jetpack_publicize_message":"","jetpack_publicize_feature_enabled":true,"jetpack_social_post_already_shared":true,"jetpack_social_options":{"image_generator_settings":{"template":"highway","default_image_id":0,"font":"","enabled":false},"version":2}},"categories":[16],"tags":[43,18,88,140,60],"class_list":["post-5005","post","type-post","status-publish","format-standard","has-post-thumbnail","hentry","category-periodico","tag-color","tag-diario","tag-identidad","tag-offset","tag-tecnologia"],"jetpack_publicize_connections":[],"jetpack_featured_media_url":"https:\/\/www.catedracosgaya.com.ar\/tipoblog\/2015\/wp-content\/uploads\/2015\/09\/240045__majuscule-colorful-clippings-newspaper-the-english-the-letters_p.jpg","jetpack_sharing_enabled":true,"jetpack_shortlink":"https:\/\/wp.me\/p6gfAF-1iJ","_links":{"self":[{"href":"https:\/\/www.catedracosgaya.com.ar\/tipoblog\/2015\/wp-json\/wp\/v2\/posts\/5005","targetHints":{"allow":["GET"]}}],"collection":[{"href":"https:\/\/www.catedracosgaya.com.ar\/tipoblog\/2015\/wp-json\/wp\/v2\/posts"}],"about":[{"href":"https:\/\/www.catedracosgaya.com.ar\/tipoblog\/2015\/wp-json\/wp\/v2\/types\/post"}],"author":[{"embeddable":true,"href":"https:\/\/www.catedracosgaya.com.ar\/tipoblog\/2015\/wp-json\/wp\/v2\/users\/159"}],"replies":[{"embeddable":true,"href":"https:\/\/www.catedracosgaya.com.ar\/tipoblog\/2015\/wp-json\/wp\/v2\/comments?post=5005"}],"version-history":[{"count":2,"href":"https:\/\/www.catedracosgaya.com.ar\/tipoblog\/2015\/wp-json\/wp\/v2\/posts\/5005\/revisions"}],"predecessor-version":[{"id":5010,"href":"https:\/\/www.catedracosgaya.com.ar\/tipoblog\/2015\/wp-json\/wp\/v2\/posts\/5005\/revisions\/5010"}],"wp:featuredmedia":[{"embeddable":true,"href":"https:\/\/www.catedracosgaya.com.ar\/tipoblog\/2015\/wp-json\/wp\/v2\/media\/5008"}],"wp:attachment":[{"href":"https:\/\/www.catedracosgaya.com.ar\/tipoblog\/2015\/wp-json\/wp\/v2\/media?parent=5005"}],"wp:term":[{"taxonomy":"category","embeddable":true,"href":"https:\/\/www.catedracosgaya.com.ar\/tipoblog\/2015\/wp-json\/wp\/v2\/categories?post=5005"},{"taxonomy":"post_tag","embeddable":true,"href":"https:\/\/www.catedracosgaya.com.ar\/tipoblog\/2015\/wp-json\/wp\/v2\/tags?post=5005"}],"curies":[{"name":"wp","href":"https:\/\/api.w.org\/{rel}","templated":true}]}}