{"id":4259,"date":"2015-08-24T19:11:16","date_gmt":"2015-08-24T19:11:16","guid":{"rendered":"http:\/\/www.catedracosgaya.com.ar\/tipoblog\/2015\/?p=4259"},"modified":"2015-09-08T19:13:44","modified_gmt":"2015-09-08T19:13:44","slug":"la-importancia-de-la-arquigrafia-en-una-identidad-visual","status":"publish","type":"post","link":"https:\/\/www.catedracosgaya.com.ar\/tipoblog\/2015\/la-importancia-de-la-arquigrafia-en-una-identidad-visual\/","title":{"rendered":"La importancia de la Arquigraf\u00eda en una Identidad visual."},"content":{"rendered":"<p>\u00bfQu\u00e9 es la arquigraf\u00eda? Seg\u00fan la web, como una definici\u00f3n de diccionario podemos decir que la arquigraf\u00eda es la comunicaci\u00f3n visual lograda a trav\u00e9s de los elementos gr\u00e1ficos, aplicados en la Arquitectura. Dentro de la arquitectura interior de un espacio comercial, la marca es la que permite crear una identidad y establecer una relaci\u00f3n entre el espacio y los productos, para generar una experiencia de compra impactante que permita que el usuario permanezca por m\u00e1s tiempo dentro del punto de venta y\/\u00f3 regrese a \u00e9l.<\/p>\n<p>Ahora, porque me enfoco en esto? Me parece interesante como se pueden mezclar dos mundos como el dise\u00f1o gr\u00e1fico y la arquitectura, que tanto aporta el rol del dise\u00f1ador gr\u00e1fico en un espacio, \u00a0ya sea comercial, institucional y hasta en una ciudad. Esto es lo que se conoce como \u00abarquigraf\u00eda\u00bb. Voy a enfocarme en la funci\u00f3n que aporta en un sistema gr\u00e1fico\u00a0cuando hay un concepto atr\u00e1s de una idea motor. Como est\u00e1 pensado, Para qu\u00e9? Para qui\u00e9n? Porqu\u00e9? Son todas \u00e9stas preguntas que nos hacemos nosotros a la hora de plantear un trabajo, un dise\u00f1o.\u00a0La arquigrafia es parte de la Identidad de una marca que va a componer a un\u00a0sistema gr\u00e1fico, es com\u00fan que nos encontremos con lugares a los que nunca visitamos como una ciudad, un museo, una instituci\u00f3n, un comercio o un sitio web&#8230;y es imprescindible ofrecer al usuario seguridad: d\u00f3nde est\u00e1, c\u00f3mo moverse y hacia d\u00f3nde seguir. Vamos a encontrar tambi\u00e9n la se\u00f1al\u00e9tica que se encargar\u00e1 de facilitar al usuario el acceso a servicios requeridos, informa y organiza al p\u00fablico para que acceda r\u00e1pidamente a\u00a0lo que est\u00e1 buscando.<\/p>\n<p>Una de las cosas fundamentales es\u00a0conocer el espacio en que se aplicar\u00e1 nuestro sistema, ya que \u00e9ste, reforzar\u00e1 la imagen p\u00fablica o nuestra\u00a0marca corporativa. Hay que tener en cuenta\u00a0como es su arquitectura y a la identidad corporativa. Cada sistema es creado o adaptado a cada caso particular y debe abstenerse a las caracter\u00edsticas del entorno.<\/p>\n<p>Cosas fundamentales para la identidad visual:<\/p>\n<p>&#8211; Una identidad visual (Marca, tipograf\u00edas que componen la misma)<\/p>\n<p>&#8211; Paleta de color\u00a0<strong><em>\u00a0<\/em><\/strong>(el fuerte visual que marca una tendencia)<\/p>\n<p>&#8211; S\u00edmbolos Ic\u00f3nicos\u00a0(conjunto de formas reconocibles por el p\u00fablico, como la marca)<\/p>\n<p>&#8211; Arquigraf\u00eda ( los rasgos arquitect\u00f3nicos generales del edificio). Aca podemos agregar que va a estar compuesto de estructuras, materiales y texturas pensadas para el dise\u00f1o.<\/p>\n<p>Todos estos componentes, como en una persona son sus rasgos f\u00edsicos, componen una identidad visual comercial. Esto genera reconocimiento p\u00fablico\u00a0.Un buen uso de estos recursos genera mayor reconocimiento por parte de los receptores.<\/p>\n<p>Algunos ejemplos est\u00e1n pensados para que el p\u00fablico pueda divertirse estando en el local, para que haya una relaci\u00f3n con el mismo. Como se puede ver en la primer imagen uno puede entrar a comprar con su bicicleta o sacarte fotos con diferentes peinados, etc.<\/p>\n<p><a href=\"http:\/\/www.catedracosgaya.com.ar\/tipoblog\/2015\/wp-content\/uploads\/2015\/08\/b53c8279349391aa2050b241462ab408.jpg\"><img loading=\"lazy\" decoding=\"async\" class=\"alignnone size-medium wp-image-4283\" src=\"http:\/\/www.catedracosgaya.com.ar\/tipoblog\/2015\/wp-content\/uploads\/2015\/08\/b53c8279349391aa2050b241462ab408-197x300.jpg\" alt=\"b53c8279349391aa2050b241462ab408\" width=\"197\" height=\"300\" srcset=\"https:\/\/www.catedracosgaya.com.ar\/tipoblog\/2015\/wp-content\/uploads\/2015\/08\/b53c8279349391aa2050b241462ab408-197x300.jpg 197w, https:\/\/www.catedracosgaya.com.ar\/tipoblog\/2015\/wp-content\/uploads\/2015\/08\/b53c8279349391aa2050b241462ab408-674x1024.jpg 674w, https:\/\/www.catedracosgaya.com.ar\/tipoblog\/2015\/wp-content\/uploads\/2015\/08\/b53c8279349391aa2050b241462ab408.jpg 736w\" sizes=\"auto, (max-width: 197px) 100vw, 197px\" \/><\/a>\u00a0<a href=\"http:\/\/www.catedracosgaya.com.ar\/tipoblog\/2015\/wp-content\/uploads\/2015\/08\/e61620c8bcfd0869cef49a2c2dc9448d.jpg\"><img loading=\"lazy\" decoding=\"async\" class=\"alignnone size-medium wp-image-4284\" src=\"http:\/\/www.catedracosgaya.com.ar\/tipoblog\/2015\/wp-content\/uploads\/2015\/08\/e61620c8bcfd0869cef49a2c2dc9448d-200x300.jpg\" alt=\"e61620c8bcfd0869cef49a2c2dc9448d\" width=\"200\" height=\"300\" srcset=\"https:\/\/www.catedracosgaya.com.ar\/tipoblog\/2015\/wp-content\/uploads\/2015\/08\/e61620c8bcfd0869cef49a2c2dc9448d-200x300.jpg 200w, https:\/\/www.catedracosgaya.com.ar\/tipoblog\/2015\/wp-content\/uploads\/2015\/08\/e61620c8bcfd0869cef49a2c2dc9448d.jpg 640w\" sizes=\"auto, (max-width: 200px) 100vw, 200px\" \/><\/a><a href=\"http:\/\/www.catedracosgaya.com.ar\/tipoblog\/2015\/wp-content\/uploads\/2015\/08\/b23e478e232c28ebc95922bf4904effe.jpg\"><img loading=\"lazy\" decoding=\"async\" class=\"alignnone wp-image-4285 size-medium\" src=\"http:\/\/www.catedracosgaya.com.ar\/tipoblog\/2015\/wp-content\/uploads\/2015\/08\/b23e478e232c28ebc95922bf4904effe-225x300.jpg\" alt=\"b23e478e232c28ebc95922bf4904effe\" width=\"225\" height=\"300\" srcset=\"https:\/\/www.catedracosgaya.com.ar\/tipoblog\/2015\/wp-content\/uploads\/2015\/08\/b23e478e232c28ebc95922bf4904effe-225x300.jpg 225w, https:\/\/www.catedracosgaya.com.ar\/tipoblog\/2015\/wp-content\/uploads\/2015\/08\/b23e478e232c28ebc95922bf4904effe.jpg 525w\" sizes=\"auto, (max-width: 225px) 100vw, 225px\" \/><\/a>\u00a0<a href=\"http:\/\/www.catedracosgaya.com.ar\/tipoblog\/2015\/wp-content\/uploads\/2015\/08\/ce68f3f7ad65c4dce0e4005e50176ab3.jpg\"><img loading=\"lazy\" decoding=\"async\" class=\"alignnone  wp-image-4286\" src=\"http:\/\/www.catedracosgaya.com.ar\/tipoblog\/2015\/wp-content\/uploads\/2015\/08\/ce68f3f7ad65c4dce0e4005e50176ab3-200x300.jpg\" alt=\"ce68f3f7ad65c4dce0e4005e50176ab3\" width=\"200\" height=\"298\" \/><\/a><\/p>\n<figure id=\"attachment_4293\" aria-describedby=\"caption-attachment-4293\" style=\"width: 142px\" class=\"wp-caption alignnone\"><a href=\"http:\/\/www.catedracosgaya.com.ar\/tipoblog\/2015\/wp-content\/uploads\/2015\/08\/ed862b203dcd21c2b410285b2cf90a4c.jpg\"><img loading=\"lazy\" decoding=\"async\" class=\"size-medium wp-image-4293\" src=\"http:\/\/www.catedracosgaya.com.ar\/tipoblog\/2015\/wp-content\/uploads\/2015\/08\/ed862b203dcd21c2b410285b2cf90a4c-142x300.jpg\" alt=\"Y algunos no parecen que fueran una gourmet de t\u00e9...\" width=\"142\" height=\"300\" srcset=\"https:\/\/www.catedracosgaya.com.ar\/tipoblog\/2015\/wp-content\/uploads\/2015\/08\/ed862b203dcd21c2b410285b2cf90a4c-142x300.jpg 142w, https:\/\/www.catedracosgaya.com.ar\/tipoblog\/2015\/wp-content\/uploads\/2015\/08\/ed862b203dcd21c2b410285b2cf90a4c-484x1024.jpg 484w, https:\/\/www.catedracosgaya.com.ar\/tipoblog\/2015\/wp-content\/uploads\/2015\/08\/ed862b203dcd21c2b410285b2cf90a4c.jpg 539w\" sizes=\"auto, (max-width: 142px) 100vw, 142px\" \/><\/a><figcaption id=\"caption-attachment-4293\" class=\"wp-caption-text\">Y algunos no parecen que fueran una gourmet de t\u00e9&#8230;<\/figcaption><\/figure>\n<p>Hace un tiempo realizando un trabajo sobre Sistema me pasaron unas fotos sobre un Bar tem\u00e1tico Medico y restaurante en el coraz\u00f3n del distrito de Clarke Quay de Singapur. Las sillas de ruedas eran\u00a0los asientos est\u00e1ndar, ten\u00eda camas de hospital para tener una experiencia m\u00e1s reclinada, las bebidas eran\u00a0servidas en tubos de ensayo y los mozos est\u00e1n vestidos de m\u00e9dicos y enfermeras. El\u00a0restaurante permanece fiel a la idea de ser un hospital.\u00a0<span class=\"goog-text-highlight\">Dise\u00f1ado por la firma holandesa \u00abArquitectos de hormig\u00f3n\u00bb, mientras que a veces el restaurante se siente como una idea emocionante e interesante, en su mayor parte el goteo de c\u00f3ctel IV, en forma de p\u00edldora de la comida y el arte de Damien Hirst colgando por todas partes se siente un poco m\u00e1s como una fiesta tem\u00e1tica.\u00a0<\/span>Lo primero que pens\u00e9 al ver las fotos e investigar como era esto, fue&#8230; Qu\u00e9 horrible es ir a tomar algo y sentarse en una silla de ruedas!!<\/p>\n<p>En su momento cuanto lo vi me sent\u00ed como una persona de mente cerrada&#8230; Me qued\u00e9 sorprendida de como\u00a0se pueda llegar a este tipo de ideas. Se trata de trasladar un lugar con caracter\u00edsticas particulares, como\u00a0lo\u00a0es un hospital, a otro ambiente totalmente opuesto. Seguramente\u00a0la persona que lo visit\u00f3 pudo disfrutar de estar en un hospital y adem\u00e1s yendo por voluntad propia!<\/p>\n<p>Comparto algunas im\u00e1genes del Bar Tem\u00e1tico&#8230;<\/p>\n<p><a href=\"http:\/\/www.catedracosgaya.com.ar\/tipoblog\/2015\/wp-content\/uploads\/2015\/08\/10649998_10203545275244996_1817123143179339639_n.jpg\"><img loading=\"lazy\" decoding=\"async\" class=\"alignnone size-medium wp-image-4289\" src=\"http:\/\/www.catedracosgaya.com.ar\/tipoblog\/2015\/wp-content\/uploads\/2015\/08\/10649998_10203545275244996_1817123143179339639_n-300x194.jpg\" alt=\"10649998_10203545275244996_1817123143179339639_n\" width=\"300\" height=\"194\" srcset=\"https:\/\/www.catedracosgaya.com.ar\/tipoblog\/2015\/wp-content\/uploads\/2015\/08\/10649998_10203545275244996_1817123143179339639_n-300x194.jpg 300w, https:\/\/www.catedracosgaya.com.ar\/tipoblog\/2015\/wp-content\/uploads\/2015\/08\/10649998_10203545275244996_1817123143179339639_n.jpg 958w\" sizes=\"auto, (max-width: 300px) 100vw, 300px\" \/><\/a>\u00a0<a href=\"http:\/\/www.catedracosgaya.com.ar\/tipoblog\/2015\/wp-content\/uploads\/2015\/08\/1505472_10203545274364974_8548870606322086803_n.jpg\"><img loading=\"lazy\" decoding=\"async\" class=\"alignnone size-medium wp-image-4294\" src=\"http:\/\/www.catedracosgaya.com.ar\/tipoblog\/2015\/wp-content\/uploads\/2015\/08\/1505472_10203545274364974_8548870606322086803_n-300x212.jpg\" alt=\"1505472_10203545274364974_8548870606322086803_n\" width=\"300\" height=\"212\" srcset=\"https:\/\/www.catedracosgaya.com.ar\/tipoblog\/2015\/wp-content\/uploads\/2015\/08\/1505472_10203545274364974_8548870606322086803_n-300x212.jpg 300w, https:\/\/www.catedracosgaya.com.ar\/tipoblog\/2015\/wp-content\/uploads\/2015\/08\/1505472_10203545274364974_8548870606322086803_n.jpg 960w\" sizes=\"auto, (max-width: 300px) 100vw, 300px\" \/><\/a><\/p>\n<p><a href=\"http:\/\/www.catedracosgaya.com.ar\/tipoblog\/2015\/wp-content\/uploads\/2015\/08\/10672211_10203545274604980_2955212735833808829_n.jpg\"><img loading=\"lazy\" decoding=\"async\" class=\"alignnone size-medium wp-image-4295\" src=\"http:\/\/www.catedracosgaya.com.ar\/tipoblog\/2015\/wp-content\/uploads\/2015\/08\/10672211_10203545274604980_2955212735833808829_n-300x225.jpg\" alt=\"10672211_10203545274604980_2955212735833808829_n\" width=\"300\" height=\"225\" srcset=\"https:\/\/www.catedracosgaya.com.ar\/tipoblog\/2015\/wp-content\/uploads\/2015\/08\/10672211_10203545274604980_2955212735833808829_n-300x225.jpg 300w, https:\/\/www.catedracosgaya.com.ar\/tipoblog\/2015\/wp-content\/uploads\/2015\/08\/10672211_10203545274604980_2955212735833808829_n.jpg 480w\" sizes=\"auto, (max-width: 300px) 100vw, 300px\" \/><\/a><\/p>\n<p><a href=\"http:\/\/www.catedracosgaya.com.ar\/tipoblog\/2015\/wp-content\/uploads\/2015\/08\/1497683_10203545272444926_6356337035447031397_n.jpg\"><img loading=\"lazy\" decoding=\"async\" class=\"alignnone size-medium wp-image-4296\" src=\"http:\/\/www.catedracosgaya.com.ar\/tipoblog\/2015\/wp-content\/uploads\/2015\/08\/1497683_10203545272444926_6356337035447031397_n-300x185.jpg\" alt=\"1497683_10203545272444926_6356337035447031397_n\" width=\"300\" height=\"185\" srcset=\"https:\/\/www.catedracosgaya.com.ar\/tipoblog\/2015\/wp-content\/uploads\/2015\/08\/1497683_10203545272444926_6356337035447031397_n-300x185.jpg 300w, https:\/\/www.catedracosgaya.com.ar\/tipoblog\/2015\/wp-content\/uploads\/2015\/08\/1497683_10203545272444926_6356337035447031397_n.jpg 640w\" sizes=\"auto, (max-width: 300px) 100vw, 300px\" \/><\/a><\/p>\n<p>(el bar ya dej\u00f3 de existir)<\/p>\n<p>&nbsp;<\/p>\n<p>Como para ir cerrando, compart\u00ed estos ejemplos porque en su momento fueron los que m\u00e1s me gustaron, hay much\u00edsimos m\u00e1s para ver&#8230; Pero dejando un poco en claro, a mi entender la arquigraf\u00eda es una forma de clasificar las aplicaciones gr\u00e1ficas de entorno, integr\u00e1ndolas con la arquitectura, es sacar el dise\u00f1o gr\u00e1fico del plano del papel para que cobre volumen y ocupe un lugar en el espacio.\u00a0Como tambi\u00e9n\u00a0d\u00e1ndole ese lugar\u00a0al usuario para que pueda interactuar en el mismo.<\/p>\n<p>Ultima imagen<\/p>\n<p><a href=\"http:\/\/www.catedracosgaya.com.ar\/tipoblog\/2015\/wp-content\/uploads\/2015\/08\/99f3436cf2ea2af0af5ad5dd2643d2f5.jpg\"><img loading=\"lazy\" decoding=\"async\" class=\"alignnone size-medium wp-image-4297\" src=\"http:\/\/www.catedracosgaya.com.ar\/tipoblog\/2015\/wp-content\/uploads\/2015\/08\/99f3436cf2ea2af0af5ad5dd2643d2f5-300x273.jpg\" alt=\"99f3436cf2ea2af0af5ad5dd2643d2f5\" width=\"300\" height=\"273\" srcset=\"https:\/\/www.catedracosgaya.com.ar\/tipoblog\/2015\/wp-content\/uploads\/2015\/08\/99f3436cf2ea2af0af5ad5dd2643d2f5-300x273.jpg 300w, https:\/\/www.catedracosgaya.com.ar\/tipoblog\/2015\/wp-content\/uploads\/2015\/08\/99f3436cf2ea2af0af5ad5dd2643d2f5.jpg 600w\" sizes=\"auto, (max-width: 300px) 100vw, 300px\" \/><\/a><\/p>\n<p>&nbsp;<\/p>\n<p>gracias por leer!<\/p>\n<p>&nbsp;<\/p>\n<p>&nbsp;<\/p>\n<p>&nbsp;<\/p>\n","protected":false},"excerpt":{"rendered":"<p>Es una tarea del Dise\u00f1ador Gr\u00e1fico o del Arquitecto? \u00c9sta necesidad de generar una identidad que comunique el potencial actual de la marca con un lenguaje corporativo, para ser reconocido por el usuario, hace que nos enfoquemos tambi\u00e9n en la funcionalidad de los locales y su arquigraf\u00eda. <\/p>\n","protected":false},"author":99,"featured_media":4291,"comment_status":"closed","ping_status":"closed","sticky":false,"template":"","format":"standard","meta":{"jetpack_post_was_ever_published":false,"_jetpack_newsletter_access":"","_jetpack_dont_email_post_to_subs":false,"_jetpack_newsletter_tier_id":0,"_jetpack_memberships_contains_paywalled_content":false,"_jetpack_memberships_contains_paid_content":false,"footnotes":"","jetpack_publicize_message":"","jetpack_publicize_feature_enabled":true,"jetpack_social_post_already_shared":true,"jetpack_social_options":{"image_generator_settings":{"template":"highway","default_image_id":0,"font":"","enabled":false},"version":2}},"categories":[21],"tags":[88,164,186],"class_list":["post-4259","post","type-post","status-publish","format-standard","has-post-thumbnail","hentry","category-sistemas","tag-identidad","tag-sistema","tag-visual"],"jetpack_publicize_connections":[],"jetpack_featured_media_url":"https:\/\/www.catedracosgaya.com.ar\/tipoblog\/2015\/wp-content\/uploads\/2015\/08\/1779200_10203545272724933_8766655093776098617_n.jpg","jetpack_sharing_enabled":true,"jetpack_shortlink":"https:\/\/wp.me\/p6gfAF-16H","_links":{"self":[{"href":"https:\/\/www.catedracosgaya.com.ar\/tipoblog\/2015\/wp-json\/wp\/v2\/posts\/4259","targetHints":{"allow":["GET"]}}],"collection":[{"href":"https:\/\/www.catedracosgaya.com.ar\/tipoblog\/2015\/wp-json\/wp\/v2\/posts"}],"about":[{"href":"https:\/\/www.catedracosgaya.com.ar\/tipoblog\/2015\/wp-json\/wp\/v2\/types\/post"}],"author":[{"embeddable":true,"href":"https:\/\/www.catedracosgaya.com.ar\/tipoblog\/2015\/wp-json\/wp\/v2\/users\/99"}],"replies":[{"embeddable":true,"href":"https:\/\/www.catedracosgaya.com.ar\/tipoblog\/2015\/wp-json\/wp\/v2\/comments?post=4259"}],"version-history":[{"count":23,"href":"https:\/\/www.catedracosgaya.com.ar\/tipoblog\/2015\/wp-json\/wp\/v2\/posts\/4259\/revisions"}],"predecessor-version":[{"id":4680,"href":"https:\/\/www.catedracosgaya.com.ar\/tipoblog\/2015\/wp-json\/wp\/v2\/posts\/4259\/revisions\/4680"}],"wp:featuredmedia":[{"embeddable":true,"href":"https:\/\/www.catedracosgaya.com.ar\/tipoblog\/2015\/wp-json\/wp\/v2\/media\/4291"}],"wp:attachment":[{"href":"https:\/\/www.catedracosgaya.com.ar\/tipoblog\/2015\/wp-json\/wp\/v2\/media?parent=4259"}],"wp:term":[{"taxonomy":"category","embeddable":true,"href":"https:\/\/www.catedracosgaya.com.ar\/tipoblog\/2015\/wp-json\/wp\/v2\/categories?post=4259"},{"taxonomy":"post_tag","embeddable":true,"href":"https:\/\/www.catedracosgaya.com.ar\/tipoblog\/2015\/wp-json\/wp\/v2\/tags?post=4259"}],"curies":[{"name":"wp","href":"https:\/\/api.w.org\/{rel}","templated":true}]}}