{"id":3985,"date":"2015-08-13T22:41:47","date_gmt":"2015-08-13T22:41:47","guid":{"rendered":"http:\/\/www.catedracosgaya.com.ar\/tipoblog\/2015\/?p=3985"},"modified":"2015-09-07T20:28:56","modified_gmt":"2015-09-07T20:28:56","slug":"el-sentimiento-que-puede-transmitir-la-marca-pais","status":"publish","type":"post","link":"https:\/\/www.catedracosgaya.com.ar\/tipoblog\/2015\/el-sentimiento-que-puede-transmitir-la-marca-pais\/","title":{"rendered":"El sentimiento que puede transmitir la MARCA PA\u00cdS"},"content":{"rendered":"<p>Se podr\u00eda decir que la<em>\u00a0<\/em><strong>Marca\u00a0Pa\u00eds<\/strong> es un concepto utilizado para hacer referencia\u00a0a la imagen de marca de un pa\u00eds, a trav\u00e9s de diferentes intereses, estos pueden ser:<\/p>\n<ul>\n<li>\u00a0Sus productos<\/li>\n<li>El turismo<\/li>\n<li>La cultura<\/li>\n<li>Los deportes<\/li>\n<li>Las empresas<\/li>\n<li>Organismos p\u00fablicos, entre otros.<\/li>\n<\/ul>\n<p>Tambi\u00e9n puede entenderse como una<b>\u00a0estrategia de promoci\u00f3n del pa\u00eds<\/b>\u00a0a nivel nacional e internacional con el <strong>objetivo de impulsar<\/strong> el turismo, las exportaciones y la atracci\u00f3n\u00a0de inversiones.\u00a0A continuaci\u00f3n voy a mostrar diferentes <em>\u201cMarca Pa\u00eds\u201d<\/em> de d\u00f3nde voy a tomar como ejemplo una de ellas para extenderme un poco m\u00e1s sobre el tema.<a href=\"http:\/\/www.catedracosgaya.com.ar\/tipoblog\/2015\/wp-content\/uploads\/2015\/08\/1-01.jpg\"><br \/>\n<\/a><a href=\"http:\/\/www.catedracosgaya.com.ar\/tipoblog\/2015\/wp-content\/uploads\/2015\/08\/DGGD.jpg\"><img loading=\"lazy\" decoding=\"async\" class=\" size-medium wp-image-3996 aligncenter\" src=\"http:\/\/www.catedracosgaya.com.ar\/tipoblog\/2015\/wp-content\/uploads\/2015\/08\/DGGD-300x212.jpg\" alt=\"DGGD\" width=\"300\" height=\"212\" srcset=\"https:\/\/www.catedracosgaya.com.ar\/tipoblog\/2015\/wp-content\/uploads\/2015\/08\/DGGD-300x212.jpg 300w, https:\/\/www.catedracosgaya.com.ar\/tipoblog\/2015\/wp-content\/uploads\/2015\/08\/DGGD.jpg 843w\" sizes=\"auto, (max-width: 300px) 100vw, 300px\" \/><\/a><\/p>\n<p>Hablar\u00e9 sobre la MARCA PER\u00da:<a href=\"http:\/\/www.catedracosgaya.com.ar\/tipoblog\/2015\/wp-content\/uploads\/2015\/08\/Sin-t\u00edtulo-1.jpg\"><br \/>\n<\/a><\/p>\n<p><a href=\"http:\/\/www.catedracosgaya.com.ar\/tipoblog\/2015\/wp-content\/uploads\/2015\/08\/GHH-01.jpg\"><img loading=\"lazy\" decoding=\"async\" class=\" size-medium wp-image-4006 aligncenter\" src=\"http:\/\/www.catedracosgaya.com.ar\/tipoblog\/2015\/wp-content\/uploads\/2015\/08\/GHH-01-300x214.jpg\" alt=\"GHH-01\" width=\"300\" height=\"214\" srcset=\"https:\/\/www.catedracosgaya.com.ar\/tipoblog\/2015\/wp-content\/uploads\/2015\/08\/GHH-01-300x214.jpg 300w, https:\/\/www.catedracosgaya.com.ar\/tipoblog\/2015\/wp-content\/uploads\/2015\/08\/GHH-01-1024x732.jpg 1024w, https:\/\/www.catedracosgaya.com.ar\/tipoblog\/2015\/wp-content\/uploads\/2015\/08\/GHH-01.jpg 1073w\" sizes=\"auto, (max-width: 300px) 100vw, 300px\" \/><\/a>Podemos observar c\u00f3mo la \u201cP\u201d en espiral seguida de un trazo hacia la derecha para escribir Per\u00fa, es una<strong> s\u00edntesis<\/strong> <strong>de<\/strong> uno de sus diferentes y <strong>caracter\u00edsticos lugares<\/strong> tur\u00edsticos \u00fanicos en el mundo \u201cLas L\u00edneas de Nazca\u201d .\u00a0El color corresponde al rojo de la bandera peruana.<\/p>\n<p><a href=\"http:\/\/www.catedracosgaya.com.ar\/tipoblog\/2015\/wp-content\/uploads\/2015\/08\/GH-01.jpg\"><img loading=\"lazy\" decoding=\"async\" class=\" size-medium wp-image-4007 aligncenter\" src=\"http:\/\/www.catedracosgaya.com.ar\/tipoblog\/2015\/wp-content\/uploads\/2015\/08\/GH-01-300x207.jpg\" alt=\"GH-01\" width=\"300\" height=\"207\" srcset=\"https:\/\/www.catedracosgaya.com.ar\/tipoblog\/2015\/wp-content\/uploads\/2015\/08\/GH-01-300x207.jpg 300w, https:\/\/www.catedracosgaya.com.ar\/tipoblog\/2015\/wp-content\/uploads\/2015\/08\/GH-01-1024x707.jpg 1024w, https:\/\/www.catedracosgaya.com.ar\/tipoblog\/2015\/wp-content\/uploads\/2015\/08\/GH-01.jpg 1073w\" sizes=\"auto, (max-width: 300px) 100vw, 300px\" \/><\/a><\/p>\n<p><strong>El sistema de identidad\u00a0<\/strong>muestra una paleta multicolor que simboliza la diversidad de regiones y paisajes del Per\u00fa.<\/p>\n<p><strong>APLICACI\u00d3N DE MARCA<\/strong><\/p>\n<p><a href=\"http:\/\/www.catedracosgaya.com.ar\/tipoblog\/2015\/wp-content\/uploads\/2015\/08\/45.jpg\"><img loading=\"lazy\" decoding=\"async\" class=\" size-medium wp-image-3995 aligncenter\" src=\"http:\/\/www.catedracosgaya.com.ar\/tipoblog\/2015\/wp-content\/uploads\/2015\/08\/45-300x163.jpg\" alt=\"45\" width=\"300\" height=\"163\" srcset=\"https:\/\/www.catedracosgaya.com.ar\/tipoblog\/2015\/wp-content\/uploads\/2015\/08\/45-300x163.jpg 300w, https:\/\/www.catedracosgaya.com.ar\/tipoblog\/2015\/wp-content\/uploads\/2015\/08\/45.jpg 816w\" sizes=\"auto, (max-width: 300px) 100vw, 300px\" \/><\/a><\/p>\n<p>Quiero mostrarles c\u00f3mo en esta publicidad, la cual fue hecha para<strong> promocionar la nueva Marca<\/strong> <strong>Per\u00fa<\/strong> se muestra en diferentes situaciones, reforzando la idea de promocionar el Per\u00fa como un pa\u00eds multicultural.<\/p>\n<p><a href=\"https:\/\/www.youtube.com\/watch?v=RL9gsVy9gfU\">DOCUMENTAL MARCA PER\u00da<\/a><\/p>\n<p>La \u201cMarca Pa\u00eds\u201d busca<strong> integrar<\/strong> y est\u00e1 dirigida en una primera instancia a los que conforman el pa\u00eds, soy testigo de que cualquier peruano que observe ese logotipo reconocer\u00e1 inmediatamente el lugar de d\u00f3nde fue generada esa s\u00edntesis, sin ser un gran conocedor sobre lo que refiere al dise\u00f1o, lo primero que transmite es el sentimiento de IDENTIDAD con el pa\u00eds de origen &#8230; <em>haci\u00e9ndolo sentir propio!<\/em><\/p>\n<p>&nbsp;<\/p>\n<p>&nbsp;<\/p>\n","protected":false},"excerpt":{"rendered":"<p>\u00bfCu\u00e1l es su funci\u00f3n? \u00bfQue intenta generar? \u00bfPara qu\u00e9 sirve?<\/p>\n","protected":false},"author":77,"featured_media":3996,"comment_status":"closed","ping_status":"closed","sticky":false,"template":"","format":"standard","meta":{"jetpack_post_was_ever_published":false,"_jetpack_newsletter_access":"","_jetpack_dont_email_post_to_subs":false,"_jetpack_newsletter_tier_id":0,"_jetpack_memberships_contains_paywalled_content":false,"_jetpack_memberships_contains_paid_content":false,"footnotes":"","jetpack_publicize_message":"","jetpack_publicize_feature_enabled":true,"jetpack_social_post_already_shared":true,"jetpack_social_options":{"image_generator_settings":{"template":"highway","default_image_id":0,"font":"","enabled":false},"version":2}},"categories":[21],"tags":[88,160,22],"class_list":["post-3985","post","type-post","status-publish","format-standard","has-post-thumbnail","hentry","category-sistemas","tag-identidad","tag-marca-pais","tag-sistemas-2"],"jetpack_publicize_connections":[],"jetpack_featured_media_url":"https:\/\/www.catedracosgaya.com.ar\/tipoblog\/2015\/wp-content\/uploads\/2015\/08\/DGGD.jpg","jetpack_sharing_enabled":true,"jetpack_shortlink":"https:\/\/wp.me\/p6gfAF-12h","_links":{"self":[{"href":"https:\/\/www.catedracosgaya.com.ar\/tipoblog\/2015\/wp-json\/wp\/v2\/posts\/3985","targetHints":{"allow":["GET"]}}],"collection":[{"href":"https:\/\/www.catedracosgaya.com.ar\/tipoblog\/2015\/wp-json\/wp\/v2\/posts"}],"about":[{"href":"https:\/\/www.catedracosgaya.com.ar\/tipoblog\/2015\/wp-json\/wp\/v2\/types\/post"}],"author":[{"embeddable":true,"href":"https:\/\/www.catedracosgaya.com.ar\/tipoblog\/2015\/wp-json\/wp\/v2\/users\/77"}],"replies":[{"embeddable":true,"href":"https:\/\/www.catedracosgaya.com.ar\/tipoblog\/2015\/wp-json\/wp\/v2\/comments?post=3985"}],"version-history":[{"count":19,"href":"https:\/\/www.catedracosgaya.com.ar\/tipoblog\/2015\/wp-json\/wp\/v2\/posts\/3985\/revisions"}],"predecessor-version":[{"id":4656,"href":"https:\/\/www.catedracosgaya.com.ar\/tipoblog\/2015\/wp-json\/wp\/v2\/posts\/3985\/revisions\/4656"}],"wp:featuredmedia":[{"embeddable":true,"href":"https:\/\/www.catedracosgaya.com.ar\/tipoblog\/2015\/wp-json\/wp\/v2\/media\/3996"}],"wp:attachment":[{"href":"https:\/\/www.catedracosgaya.com.ar\/tipoblog\/2015\/wp-json\/wp\/v2\/media?parent=3985"}],"wp:term":[{"taxonomy":"category","embeddable":true,"href":"https:\/\/www.catedracosgaya.com.ar\/tipoblog\/2015\/wp-json\/wp\/v2\/categories?post=3985"},{"taxonomy":"post_tag","embeddable":true,"href":"https:\/\/www.catedracosgaya.com.ar\/tipoblog\/2015\/wp-json\/wp\/v2\/tags?post=3985"}],"curies":[{"name":"wp","href":"https:\/\/api.w.org\/{rel}","templated":true}]}}