{"id":3317,"date":"2015-06-16T16:58:04","date_gmt":"2015-06-16T16:58:04","guid":{"rendered":"http:\/\/www.catedracosgaya.com.ar\/tipoblog\/2015\/?p=3317"},"modified":"2015-06-16T16:58:04","modified_gmt":"2015-06-16T16:58:04","slug":"nunca-juzgues-un-vinilo-por-su-portada","status":"publish","type":"post","link":"https:\/\/www.catedracosgaya.com.ar\/tipoblog\/2015\/nunca-juzgues-un-vinilo-por-su-portada\/","title":{"rendered":"\u00abNunca juzgues un vinilo por su portada\u201d"},"content":{"rendered":"<p style=\"text-align: center\"><img loading=\"lazy\" decoding=\"async\" class=\" size-medium wp-image-3319 alignnone\" src=\"http:\/\/www.catedracosgaya.com.ar\/tipoblog\/2015\/wp-content\/uploads\/2015\/06\/RecordShop4_sepia-300x188.jpg\" alt=\"RecordShop4_sepia\" width=\"300\" height=\"188\" srcset=\"https:\/\/www.catedracosgaya.com.ar\/tipoblog\/2015\/wp-content\/uploads\/2015\/06\/RecordShop4_sepia-300x188.jpg 300w, https:\/\/www.catedracosgaya.com.ar\/tipoblog\/2015\/wp-content\/uploads\/2015\/06\/RecordShop4_sepia.jpg 480w\" sizes=\"auto, (max-width: 300px) 100vw, 300px\" \/><\/p>\n<hr \/>\n<blockquote>\n<p style=\"text-align: center\"><strong>Cu\u00e1ntas veces escuchamos frases como \u00e9stas: \u00abNunca juzgues un libro por su portada, una persona por su apariencia\u2026\u00bb \u00a0Y en realidad, \u00bf Por qu\u00e9 deber\u00eda ser as\u00ed? \u00bf Por qu\u00e9 ser\u00eda incorrecto juzgar \u201calgo\u201d por aquella primer impresi\u00f3n que nos genera? \u00a0<\/strong><\/p>\n<\/blockquote>\n<p style=\"text-align: center\"><strong>\u00bf No es, acaso, una cara m\u00e1s, una importante e inevitable parte de ella ? <\/strong><\/p>\n<p style=\"text-align: left\">Vivimos en un mundo visual y sensitivo del cual no podemos escapar. Constantemente nos encontramos interactuando con objetos, sujetos, realidades que ser\u00e1n percibidas por nuestra propia mirada, a partir de nuestra particular primer impresi\u00f3n. Por lo tanto, \u00bf Por qu\u00e9 no dejarnos llevar por ella? \u00bf Por qu\u00e9 quitarle importancia? \u00bfPor qu\u00e9, por el contrario, no explotar su condici\u00f3n?<\/p>\n<p style=\"text-align: left\">Si es inevitable escapar de las sensaciones, emociones e intereses inmediatos que nos generan los objetos que nos rodean, y, m\u00e1s aun, en el mundo de la m\u00fasica, donde nada pasar\u00e1 desapercibido, me parece interesante pensar entonces, <strong>\u00bfQu\u00e9 tan importante es la portada de un vinilo?\u00a0<\/strong><\/p>\n<p>Tenemos bien en claro que, especialmente en el dise\u00f1o, jam\u00e1s podremos representar o generar exactamente lo deseado en un soporte limitado que circular\u00e1 masivamente en sujetos indeterminados, por tiempo indefinido. No s\u00f3lo por las limitaciones f\u00edsicas, sino especialmente por las competencias culturales de todo aquel que pose la mirada en ello, se lo apropie, as\u00ed como el momento en que lo haga, la \u00e9poca determinada, hasta la misma cambiar\u00e1 en un mismo sujeto al pasar el tiempo..<\/p>\n<p><strong>Sin embargo, hay ciertas portadas que ser\u00e1n eternamente reconocidas, valoradas y apreciadas<\/strong>. Hasta ser\u00eda interesante pensar cuantas portadas son, hasta el d\u00eda de hoy, \u00edconos de la m\u00fasica y de las bandas, pero sin embargo, cu\u00e1nto sabemos de la m\u00fasica que contienen? \u00a0Sus canciones, sus particularidades, su momento y raz\u00f3n de ser&#8230; Las portadas revelan mucho m\u00e1s de lo que imaginamos. Ser\u00eda imposible pensar una portada como una simple decoraci\u00f3n insignificante del producto musical. As\u00ed como un artista se presenta auditivamente, el mismo indudablemente debe hacerlo visualmente.<\/p>\n<p>Creo que un disco de vinilo fue, es y ser\u00e1 una oportunidad para el artista de, por medio de un conjunto de sentidos (auditivo, t\u00e1ctil y visual ) unidos en una misma pieza, generar una experiencia en el usuario seg\u00fan su propia identidad, su impronta, sus intereses, su estilo, su forma de ser e inevitablemente por su momento hist\u00f3rico. Un disco de vinilo, sin su cobertura, no es un disco completo, al igual que sin su contenido auditivo tampoco lo es. Su portada, su soporte, hasta su estado, rajaduras, y sonidos, son parte de su identidad, de su ser y es casi o igual de importante que su contenido musical. Y por lo tanto, creo que todas ellas, deben trabajar en conjunto y armon\u00eda.<\/p>\n<p><strong>Por lo tanto, \u00bf no se debe juzgar un vinilo por su portada? Yo creo que si<\/strong>.<\/p>\n<p>Creo que tanto la portada como todo su contenido visual ser\u00e1 un medio m\u00e1s de parte de aquel universo musical para generar, potenciar, aumentar y dar lugar al usuario a conocer la experiencia que se desea transmitir, el viaje al cual se quiere llevar a quien lo tiene en sus manos. Es un ticket de entrada, una presentaci\u00f3n, una puerta al mundo del \u00e1lbum. Y por lo tanto, no debemos subestimar su funci\u00f3n. Creo que hasta aquel primer contacto f\u00edsico, con el simple hecho de agarrar un vinilo y contemplar su portada, \u00e9ste tendr\u00e1 la capacidad de influenciar nuestros o\u00eddos hasta antes de presionar el primer \u201cplay\u201d.<\/p>\n<p>Es por todo lo comentado anteriormente que me gustar\u00eda compartir algunas portadas de vinilo m\u00e1s significativas,\u00a0 que por determinadas razones y llevadas a cabo por medio de diferentes recursos, \u00e9pocas y dise\u00f1adores son, hasta el d\u00eda de hoy, importantes referencias de dise\u00f1o e hist\u00f3ricas tapas, pero mas especialmente creo que fueron fieles a su banda y por ello hoy en d\u00eda hacen del vinilo un tesoro musical.<\/p>\n<p>&nbsp;<\/p>\n<ul>\n<li>\n<h2><span style=\"text-decoration: underline\">Kraftwerk<\/span><\/h2>\n<p style=\"text-align: left\"><b>Album:<\/b>\u00a0<i>The Man-Machine<\/i><\/p>\n<p style=\"text-align: left\"><b>Dise\u00f1ador:<\/b>\u00a0Karl Klefisch\/G\u00fcnther Fr\u00f6hling<\/p>\n<p style=\"text-align: left\">\n<p><a href=\"http:\/\/www.catedracosgaya.com.ar\/tipoblog\/2015\/wp-content\/uploads\/2015\/06\/The-man-machine.jpg\"><img loading=\"lazy\" decoding=\"async\" class=\" size-medium wp-image-3320 alignleft\" src=\"http:\/\/www.catedracosgaya.com.ar\/tipoblog\/2015\/wp-content\/uploads\/2015\/06\/The-man-machine-300x300.jpg\" alt=\"The man machine\" width=\"300\" height=\"300\" srcset=\"https:\/\/www.catedracosgaya.com.ar\/tipoblog\/2015\/wp-content\/uploads\/2015\/06\/The-man-machine-300x300.jpg 300w, https:\/\/www.catedracosgaya.com.ar\/tipoblog\/2015\/wp-content\/uploads\/2015\/06\/The-man-machine-150x150.jpg 150w, https:\/\/www.catedracosgaya.com.ar\/tipoblog\/2015\/wp-content\/uploads\/2015\/06\/The-man-machine.jpg 500w\" sizes=\"auto, (max-width: 300px) 100vw, 300px\" \/><\/a>Esta portada de vinilo corresponde al septimo \u00e1lbum del grupo de m\u00fasica electr\u00f3nica de origen alem\u00e1n, Kraftwerk. Es una reconocida tapa de 1978, que captura perfectamente la esencia de la banda. Inspirada por el movimiento modernista de 1930, particularmente de El Lissitzky, podemos notar sus integrantes formando una imagen de estilo cuasi rob\u00f3tica, colores muy fuertes contrastantes, direccionalidades muy marcadas, traducciones de su \u00e1lbum a muchos idiomas. Creo que todas aquellas decisiones potencian aquel mundo de este particular \u00e1lbum \u00abEl hombre m\u00e1quina\u00bb.<\/li>\n<\/ul>\n<ul>\n<li>\n<h2><span style=\"text-decoration: underline\">Elvis Presley<\/span><\/h2>\n<p><b>Album:<\/b> <i>Elvis Presley<\/i><\/p>\n<p><b>Fot\u00f3grafo:<\/b> William V. &#8216;Rd&#8217; Robertson<a href=\"http:\/\/www.catedracosgaya.com.ar\/tipoblog\/2015\/wp-content\/uploads\/2015\/06\/Elvis1.jpg\"><img loading=\"lazy\" decoding=\"async\" class=\" size-full wp-image-3325 alignleft\" src=\"http:\/\/www.catedracosgaya.com.ar\/tipoblog\/2015\/wp-content\/uploads\/2015\/06\/Elvis1.jpg\" alt=\"Elvis\" width=\"300\" height=\"300\" srcset=\"https:\/\/www.catedracosgaya.com.ar\/tipoblog\/2015\/wp-content\/uploads\/2015\/06\/Elvis1.jpg 300w, https:\/\/www.catedracosgaya.com.ar\/tipoblog\/2015\/wp-content\/uploads\/2015\/06\/Elvis1-150x150.jpg 150w\" sizes=\"auto, (max-width: 300px) 100vw, 300px\" \/><\/a><\/li>\n<\/ul>\n<p>El album que lo cambi\u00f3 todo,\u00a0es una fotograf\u00eda que captura a Elvis en la c\u00faspide de la grandeza. La fotografia fue tomada en Fort Homer Hestetly Armony, en Tampa, Florida, el 31 de Julio de 1955, cuando Elvis ten\u00eda tan s\u00f3lo 20 a\u00f1os. Una portada inmortal, un tesoro de la primer imagen tangible de una estrella del rock n roll.<\/p>\n<ul>\n<li>\n<h2 style=\"text-align: left\"><span style=\"text-decoration: underline\">Happy Mondays<\/span><\/h2>\n<p><b>Album:<\/b> <i>Pills &#8216;n&#8217; Thrills and Bellyaches<\/i><\/p>\n<p><i><\/i><b>Dise\u00f1ador:<\/b> Central Station Design<a href=\"http:\/\/www.catedracosgaya.com.ar\/tipoblog\/2015\/wp-content\/uploads\/2015\/06\/Happy-Mondays-Pills-N-Thrills-And-Bellyaches-Album-Cover.jpg\"><img loading=\"lazy\" decoding=\"async\" class=\" size-medium wp-image-3323 alignleft\" src=\"http:\/\/www.catedracosgaya.com.ar\/tipoblog\/2015\/wp-content\/uploads\/2015\/06\/Happy-Mondays-Pills-N-Thrills-And-Bellyaches-Album-Cover-300x300.jpg\" alt=\"Happy-Mondays-Pills-N-Thrills-And-Bellyaches-Album-Cover\" width=\"300\" height=\"300\" srcset=\"https:\/\/www.catedracosgaya.com.ar\/tipoblog\/2015\/wp-content\/uploads\/2015\/06\/Happy-Mondays-Pills-N-Thrills-And-Bellyaches-Album-Cover-300x300.jpg 300w, https:\/\/www.catedracosgaya.com.ar\/tipoblog\/2015\/wp-content\/uploads\/2015\/06\/Happy-Mondays-Pills-N-Thrills-And-Bellyaches-Album-Cover-150x150.jpg 150w, https:\/\/www.catedracosgaya.com.ar\/tipoblog\/2015\/wp-content\/uploads\/2015\/06\/Happy-Mondays-Pills-N-Thrills-And-Bellyaches-Album-Cover.jpg 1000w\" sizes=\"auto, (max-width: 300px) 100vw, 300px\" \/><\/a><\/li>\n<\/ul>\n<p>Una divertida portada que llevo a Happy Mondays a la cima. Es una perfecta representaci\u00f3n del sonido particular de la banda: un ecl\u00e9ctico y colorido collage de varias influencias unidas creando una pieza\u00a0brillante y \u00fanica.<\/p>\n<ul>\n<li>\n<h2><span style=\"text-decoration: underline\">Pink Floyd<\/span><\/h2>\n<p><b>Album:<\/b> <i>Dark Side of the Moon<\/i><\/p>\n<p><b>Dise\u00f1ador:<\/b> Storm Thorgerson<a href=\"http:\/\/www.catedracosgaya.com.ar\/tipoblog\/2015\/wp-content\/uploads\/2015\/06\/Pink-Floyd-Dark-Side-Of-The-Moon.jpg\"><img loading=\"lazy\" decoding=\"async\" class=\"aligncenter size-medium wp-image-3324\" src=\"http:\/\/www.catedracosgaya.com.ar\/tipoblog\/2015\/wp-content\/uploads\/2015\/06\/Pink-Floyd-Dark-Side-Of-The-Moon-300x300.jpg\" alt=\"Pink-Floyd-Dark-Side-Of-The-Moon\" width=\"300\" height=\"300\" srcset=\"https:\/\/www.catedracosgaya.com.ar\/tipoblog\/2015\/wp-content\/uploads\/2015\/06\/Pink-Floyd-Dark-Side-Of-The-Moon-300x300.jpg 300w, https:\/\/www.catedracosgaya.com.ar\/tipoblog\/2015\/wp-content\/uploads\/2015\/06\/Pink-Floyd-Dark-Side-Of-The-Moon-150x150.jpg 150w, https:\/\/www.catedracosgaya.com.ar\/tipoblog\/2015\/wp-content\/uploads\/2015\/06\/Pink-Floyd-Dark-Side-Of-The-Moon-1024x1024.jpg 1024w, https:\/\/www.catedracosgaya.com.ar\/tipoblog\/2015\/wp-content\/uploads\/2015\/06\/Pink-Floyd-Dark-Side-Of-The-Moon.jpg 1987w\" sizes=\"auto, (max-width: 300px) 100vw, 300px\" \/><\/a><\/li>\n<\/ul>\n<p>En esta reconocida portada, Roger Waters, bajista y cantante de Pink Floyd, le sugiri\u00f3 al dise\u00f1ador Storm que podr\u00eda no utilizar una fotograf\u00eda para el album \u00abDark Side of the Moon\u00bb. Sin embargo, el dise\u00f1ador respondi\u00f3 \u201c A qu\u00e9 te refieres? Eso es lo que hago. Im\u00e1genes\u2026 No hago gr\u00e1ficos\u201d De todas formas, acept\u00f3 el desaf\u00edo e inspir\u00e1ndose en sus shows, luces y efectos, y utilizando un tri\u00e1ngulo como un s\u00edmbolo del pensamiento y la ambici\u00f3n de la banda, cre\u00f3 esta distinta y particular tapa.<\/p>\n<ul>\n<li>\n<h2><span style=\"text-decoration: underline\">The Beatles<\/span><\/h2>\n<p><b>Album:<\/b> <i>Sgt. Pepper&#8217;s Lonely Hearts Club Band<\/i><\/p>\n<p><b>Dise\u00f1ador:<\/b> Sir Peter Blake<a href=\"http:\/\/www.catedracosgaya.com.ar\/tipoblog\/2015\/wp-content\/uploads\/2015\/06\/Beatles.jpg\"><img loading=\"lazy\" decoding=\"async\" class=\" size-medium wp-image-3326 alignleft\" src=\"http:\/\/www.catedracosgaya.com.ar\/tipoblog\/2015\/wp-content\/uploads\/2015\/06\/Beatles-300x223.jpg\" alt=\"Beatles\" width=\"300\" height=\"223\" srcset=\"https:\/\/www.catedracosgaya.com.ar\/tipoblog\/2015\/wp-content\/uploads\/2015\/06\/Beatles-300x223.jpg 300w, https:\/\/www.catedracosgaya.com.ar\/tipoblog\/2015\/wp-content\/uploads\/2015\/06\/Beatles.jpg 1024w\" sizes=\"auto, (max-width: 300px) 100vw, 300px\" \/><\/a><\/li>\n<\/ul>\n<p>Una tapa que dio y da mucho de que hablar. En ella aparece una fotograf\u00eda de los cuatro Beatles vestidos como sargentos delante de un collage de rostros c\u00e9lebres, entre los que se encuentran personalidades como Marilyn Monroe, Bob Dylan, Cassius Clay, DH. Lawrence y hasta Shirley Temple\u2026<\/p>\n<p>Esta tapa representa y forma parte de la identidad de la banda, tocando temas que los mismos atravesaban constantemente. La cultura Hindu, la mitolog\u00eda oriental, el hippismo occidental, la marihuana y hasta abri\u00f3 muchas teor\u00edas cobre las diferentes referencias que podr\u00eda llegar a tener, ocultas y no tanto, sobre la supuesta muerte de Paul Mccartney.<\/p>\n<p>Me pareci\u00f3 divertido compartir las celebridades que originalmente iban a aparecer pero que fueron eliminados\u00a0a \u00faltimo momento por diferentes razones. Adem\u00e1s es interesante mostrar estas particularidades ya que demuestran que todos los detalles deben estar bien pensados y revisados\u00a0ya que es casi impredecible lo que surgir\u00e1 una vez en circulaci\u00f3n:<\/p>\n<p><em>Jesucristo:\u00a0<\/em>fue solicitado por Lennon,<span style=\"font-size: small\"><span style=\"line-height: 20px\">\u00a0<\/span><\/span>pero fue retirado del LP pocos meses despu\u00e9s de la pol\u00e9mica comparaci\u00f3n de Lennon con Jesus y la religi\u00f3n.<\/p>\n<p><em>Adolfo Hitler<\/em>:\u00a0apareci\u00f3 y fue visible en las primeras fotograf\u00edas del montaje, situado a la derecha de Larry Bell, pero finalmente fue oscurecido por Johnny Weissmuller en la imagen final.<\/p>\n<p><em>Mahatma Gandhi:\u00a0<\/em>aparecer\u00eda a la derecha de Lewis Carroll, pero fue posteriormente retirada. De acuerdo a McCartney, \u00abGandhi tambi\u00e9n ten\u00eda que ir porque el jefe de EMI, Sir Joe Lockwood, dijo que en la India no iban a permitir el registro que se imprima \u00ab.<\/p>\n<p>&nbsp;<\/p>\n<h4>Por todo esto, me parece que debemos ser conscientes de cada uno de los detalles y particularidades que cada tapa de vinilo presenta,\u00a0cada una de ellas ser\u00e1 la puerta de entrada al mundo particular que presente el \u00e1lbum, y creo que,\u00a0si la misma nos\u00a0cautiva desde la primer mirada, desde su primer apariencia, probablemente\u00a0su contenido ser\u00e1 mucho mas rico y la experiencia ser\u00e1 mucho mas profunda e interesante.<\/h4>\n","protected":false},"excerpt":{"rendered":"<p>Cu\u00e1ntas veces escuchamos frases como \u00e9stas: \u00abNunca juzgues un libro por su portada, una persona por su apariencia\u2026\u00bb  Y en realidad, \u00bf Por qu\u00e9 deber\u00eda ser as\u00ed? \u00bf Por qu\u00e9 ser\u00eda incorrecto juzgar \u201calgo\u201d por aquella primer impresi\u00f3n que nos genera?<br \/>\n\u00bf No es, acaso, una cara m\u00e1s, una importante e inevitable parte de ella ?<\/p>\n","protected":false},"author":28,"featured_media":3326,"comment_status":"closed","ping_status":"closed","sticky":false,"template":"","format":"standard","meta":{"jetpack_post_was_ever_published":false,"_jetpack_newsletter_access":"","_jetpack_dont_email_post_to_subs":false,"_jetpack_newsletter_tier_id":0,"_jetpack_memberships_contains_paywalled_content":false,"_jetpack_memberships_contains_paid_content":false,"footnotes":"","jetpack_publicize_message":"","jetpack_publicize_feature_enabled":true,"jetpack_social_post_already_shared":true,"jetpack_social_options":{"image_generator_settings":{"template":"highway","default_image_id":0,"font":"","enabled":false},"version":2}},"categories":[20],"tags":[84,64,83,82,67],"class_list":["post-3317","post","type-post","status-publish","format-standard","has-post-thumbnail","hentry","category-vinilo","tag-album","tag-cosgaya","tag-cover","tag-portada","tag-vinilo"],"jetpack_publicize_connections":[],"jetpack_featured_media_url":"https:\/\/www.catedracosgaya.com.ar\/tipoblog\/2015\/wp-content\/uploads\/2015\/06\/Beatles.jpg","jetpack_sharing_enabled":true,"jetpack_shortlink":"https:\/\/wp.me\/p6gfAF-Rv","_links":{"self":[{"href":"https:\/\/www.catedracosgaya.com.ar\/tipoblog\/2015\/wp-json\/wp\/v2\/posts\/3317","targetHints":{"allow":["GET"]}}],"collection":[{"href":"https:\/\/www.catedracosgaya.com.ar\/tipoblog\/2015\/wp-json\/wp\/v2\/posts"}],"about":[{"href":"https:\/\/www.catedracosgaya.com.ar\/tipoblog\/2015\/wp-json\/wp\/v2\/types\/post"}],"author":[{"embeddable":true,"href":"https:\/\/www.catedracosgaya.com.ar\/tipoblog\/2015\/wp-json\/wp\/v2\/users\/28"}],"replies":[{"embeddable":true,"href":"https:\/\/www.catedracosgaya.com.ar\/tipoblog\/2015\/wp-json\/wp\/v2\/comments?post=3317"}],"version-history":[{"count":9,"href":"https:\/\/www.catedracosgaya.com.ar\/tipoblog\/2015\/wp-json\/wp\/v2\/posts\/3317\/revisions"}],"predecessor-version":[{"id":3336,"href":"https:\/\/www.catedracosgaya.com.ar\/tipoblog\/2015\/wp-json\/wp\/v2\/posts\/3317\/revisions\/3336"}],"wp:featuredmedia":[{"embeddable":true,"href":"https:\/\/www.catedracosgaya.com.ar\/tipoblog\/2015\/wp-json\/wp\/v2\/media\/3326"}],"wp:attachment":[{"href":"https:\/\/www.catedracosgaya.com.ar\/tipoblog\/2015\/wp-json\/wp\/v2\/media?parent=3317"}],"wp:term":[{"taxonomy":"category","embeddable":true,"href":"https:\/\/www.catedracosgaya.com.ar\/tipoblog\/2015\/wp-json\/wp\/v2\/categories?post=3317"},{"taxonomy":"post_tag","embeddable":true,"href":"https:\/\/www.catedracosgaya.com.ar\/tipoblog\/2015\/wp-json\/wp\/v2\/tags?post=3317"}],"curies":[{"name":"wp","href":"https:\/\/api.w.org\/{rel}","templated":true}]}}