{"id":5804,"date":"2014-11-12T03:00:17","date_gmt":"2014-11-12T03:00:17","guid":{"rendered":"http:\/\/www.catedracosgaya.com.ar\/tipoblog\/2014\/?p=5804"},"modified":"2014-11-12T03:00:17","modified_gmt":"2014-11-12T03:00:17","slug":"la-revolucion-de-la-ilustracion","status":"publish","type":"post","link":"https:\/\/www.catedracosgaya.com.ar\/tipoblog\/2014\/la-revolucion-de-la-ilustracion\/","title":{"rendered":"La revoluci\u00f3n de la ilustraci\u00f3n"},"content":{"rendered":"<p>Las primeras revistas fueron peri\u00f3dicos literarios o pol\u00edticos publicados exclusivamente para los ricos, y demasiado caros para una difusi\u00f3n mas amplia.<\/p>\n<p><br style=\"color: #000000\" \/><span style=\"color: #000000\">La Revoluci\u00f3n Industrial ensanch\u00f3 el horizonte social. En Europa, la creaci\u00f3n de una clase media instruida y de una peque\u00f1a capa de obreros especializados, foment\u00f3 la invenci\u00f3n de un nuevo tipo de revista distribuida mediante la re de ferrocarril.<\/span><br style=\"color: #000000\" \/><br style=\"color: #000000\" \/><span style=\"color: #000000\">La primera ola sostenida de edici\u00f3n de revista popular la proporcionaron las revistas semanales ilustradas. Su \u00e9xito coincidi\u00f3 con el crecimiento de los movimientos democr\u00e1ticos populares europeos y con los avances t\u00e9cnicos en la imprenta, que hicieron posible su producci\u00f3n. Las revistas ilustradas proporcionaron un nuevo, r\u00e1pido y, sobretodo, vivaz servicio semanal de noticias, en un periodo de agitaci\u00f3n pol\u00edtica.<\/span><br style=\"color: #000000\" \/><a style=\"color: #000000\" href=\"http:\/\/2.bp.blogspot.com\/_A8RemwUcgdM\/Sf5n4MU1n4I\/AAAAAAAAABk\/DmVGwEGCZXk\/s1600-h\/revolucion_fotografica_3.jpg\"><img decoding=\"async\" id=\"BLOGGER_PHOTO_ID_5331813223932206978\" src=\"http:\/\/2.bp.blogspot.com\/_A8RemwUcgdM\/Sf5n4MU1n4I\/AAAAAAAAABk\/DmVGwEGCZXk\/s200\/revolucion_fotografica_3.jpg\" alt=\"\" border=\"0\" \/><\/a><br style=\"color: #000000\" \/><span style=\"color: #000000\">Empezaron a surgir en muchas ciudades europeas:\u00a0<\/span><strong style=\"color: #000000\">L\u00b4illustration<\/strong><span style=\"color: #000000\">, en Par\u00eds, y\u00a0<\/span><strong style=\"color: #000000\">Die illustrierte Zeitung,<\/strong><span style=\"color: #000000\">\u00a0en Leipzig, ambas en 1843, tambi\u00e9n en Alemania; la revista espa\u00f1ola\u00a0<\/span><strong style=\"color: #000000\">La ilustraci\u00f3n<\/strong><span style=\"color: #000000\">\u00a0fue publicada por primera vez en 1849, y en la d\u00e9cada de 1850 aparecieron en estados Unidos las revistas\u00a0<\/span><strong style=\"color: #000000\">Frank Leslie\u00b4s illustrated Newspaper<\/strong><span style=\"color: #000000\">\u00a0y\u00a0<\/span><strong style=\"color: #000000\">Harper\u00b4s Weekly<\/strong><span style=\"color: #000000\">. Estas fueron las antecesoras de\u00a0<\/span><strong style=\"color: #000000\">Life, Paris Match<\/strong><span style=\"color: #000000\">\u00a0y\u00a0<\/span><strong style=\"color: #000000\">Picture Post<\/strong><span style=\"color: #000000\">, con la diferencia esencial de que la letra impresa manten\u00eda su primac\u00eda en un formato copiado del de los diarios de la \u00e9poca.<\/span><br style=\"color: #000000\" \/><br style=\"color: #000000\" \/><a style=\"color: #000000\" href=\"http:\/\/3.bp.blogspot.com\/_A8RemwUcgdM\/Sf5oTth4W4I\/AAAAAAAAABs\/gu-u4xU75Ug\/s1600-h\/revolucion_fotografica5.jpg\"><img decoding=\"async\" id=\"BLOGGER_PHOTO_ID_5331813696701750146\" src=\"http:\/\/3.bp.blogspot.com\/_A8RemwUcgdM\/Sf5oTth4W4I\/AAAAAAAAABs\/gu-u4xU75Ug\/s200\/revolucion_fotografica5.jpg\" alt=\"\" border=\"0\" \/><\/a><span style=\"color: #000000\">La revoluci\u00f3n fotogr\u00e1fica se afianz\u00f3 contra la voluntad de muchos editores de revistas de la \u00e9poca, que nunca llegaron a comprenderla por completo. A partir del invento del daguerrotipo se estableci\u00f3 una batalla entre fotograf\u00eda e ilustraci\u00f3n, en la cual, curiosamente, cada una de ellas tom\u00f3 caracter\u00edsticas de la otra. Los artesanos labraron tales milagros con los sombreados de l\u00edneas entrecruzadas que las ilustraciones tomaron unas cualidades realistas, rara vez superadas por las primeras fotograf\u00edas, y los facs\u00edmiles fotogr\u00e1ficos impresos en las revistas estaban retocados que parec\u00edan dibujos. Gran parte del material fotogr\u00e1fico publicado en los semanarios se trataba como ilustraci\u00f3n. Durante tres d\u00e9cadas, entre 1870 y 1900 la ilustraci\u00f3n de revistas gozaba de su era dorada. La litograf\u00eda a color, nacida de los experimentos de Cheret en 1860, llev\u00f3 el color a las revistas por primera vez y proporcion\u00f3 una libertad art\u00edstica sobre las que se basaron muchas de las innovaciones aportadas por el Movimiento Moderno en el dise\u00f1o gr\u00e1fico.<\/span><br style=\"color: #000000\" \/><br style=\"color: #000000\" \/><span style=\"color: #000000\">La revista<\/span><strong style=\"color: #000000\">\u00a0L\u00b4Art Moderne<\/strong><span style=\"color: #000000\">\u00a0ampli\u00f3 el papel de la revista como \u201cdocumentadota\u201d no s\u00f3lo de noticias, sino tambi\u00e9n de cultura popular y experiencia cotidiana. Las revistas art\u00edsticas rompieron convenciones, convirtiendo la portada, que tradicionalmente hab\u00eda sido un grabado est\u00e1ndar ornamentado utilizando sin cambios semana tras semana, en un vibrante cartel ilustrado de actualidad.<\/span><br style=\"color: #000000\" \/><br style=\"color: #000000\" \/><span style=\"color: #000000\">En la primera d\u00e9cada del siglo XX se empez\u00f3 a evidenciar que las nuevas formas de composici\u00f3n de la p\u00e1gina en las editoriales comerciales se desarrollaban de forma bastante aut\u00f3noma respecto a la vanguardia acad\u00e9mica. Una percusora del dise\u00f1o moderno a\u00fan mas destacada fue la revista deportiva francesa<\/span><strong style=\"color: #000000\">\u00a0La Vie au Grand Air<\/strong><span style=\"color: #000000\">\u00a0fundada en 1890. Para el a\u00f1o 1908 ya hab\u00eda adoptado un estilo de composici\u00f3n que era el precursor directo de las primeras revistas fotoperiod\u00edsticas.\u00a0<\/span><strong style=\"color: #000000\">La Vie au Grand Air<\/strong><span style=\"color: #000000\">\u00a0utilizaba el fotomontaje, secuencias de fotograf\u00edas alineadas, recortes e inserciones de fotograf\u00edas, que ampliaban el movimiento y la acci\u00f3n de la fotograf\u00eda deportiva. No se volvi\u00f3 a ver nada similar durante los veinte a\u00f1os siguientes.<\/span><\/p>\n","protected":false},"excerpt":{"rendered":"<p>Las primeras revistas fueron peri\u00f3dicos literarios o pol\u00edticos publicados exclusivamente para los ricos, y demasiado caros para una difusi\u00f3n mas amplia. La Revoluci\u00f3n Industrial ensanch\u00f3 el horizonte social. En Europa, la creaci\u00f3n de una clase [&hellip;]<\/p>\n","protected":false},"author":372,"featured_media":5805,"comment_status":"closed","ping_status":"closed","sticky":false,"template":"","format":"standard","meta":{"jetpack_post_was_ever_published":false,"_jetpack_newsletter_access":"","_jetpack_dont_email_post_to_subs":false,"_jetpack_newsletter_tier_id":0,"_jetpack_memberships_contains_paywalled_content":false,"_jetpack_memberships_contains_paid_content":false,"footnotes":""},"categories":[4],"tags":[104,354,308,302],"class_list":["post-5804","post","type-post","status-publish","format-standard","has-post-thumbnail","hentry","category-revista","tag-editorial","tag-insert","tag-publicidad","tag-revista-2"],"jetpack_featured_media_url":"https:\/\/www.catedracosgaya.com.ar\/tipoblog\/2014\/wp-content\/uploads\/2014\/11\/descarga.jpg","jetpack_shortlink":"https:\/\/wp.me\/p4rrRH-1vC","jetpack_sharing_enabled":true,"_links":{"self":[{"href":"https:\/\/www.catedracosgaya.com.ar\/tipoblog\/2014\/wp-json\/wp\/v2\/posts\/5804","targetHints":{"allow":["GET"]}}],"collection":[{"href":"https:\/\/www.catedracosgaya.com.ar\/tipoblog\/2014\/wp-json\/wp\/v2\/posts"}],"about":[{"href":"https:\/\/www.catedracosgaya.com.ar\/tipoblog\/2014\/wp-json\/wp\/v2\/types\/post"}],"author":[{"embeddable":true,"href":"https:\/\/www.catedracosgaya.com.ar\/tipoblog\/2014\/wp-json\/wp\/v2\/users\/372"}],"replies":[{"embeddable":true,"href":"https:\/\/www.catedracosgaya.com.ar\/tipoblog\/2014\/wp-json\/wp\/v2\/comments?post=5804"}],"version-history":[{"count":1,"href":"https:\/\/www.catedracosgaya.com.ar\/tipoblog\/2014\/wp-json\/wp\/v2\/posts\/5804\/revisions"}],"predecessor-version":[{"id":5806,"href":"https:\/\/www.catedracosgaya.com.ar\/tipoblog\/2014\/wp-json\/wp\/v2\/posts\/5804\/revisions\/5806"}],"wp:featuredmedia":[{"embeddable":true,"href":"https:\/\/www.catedracosgaya.com.ar\/tipoblog\/2014\/wp-json\/wp\/v2\/media\/5805"}],"wp:attachment":[{"href":"https:\/\/www.catedracosgaya.com.ar\/tipoblog\/2014\/wp-json\/wp\/v2\/media?parent=5804"}],"wp:term":[{"taxonomy":"category","embeddable":true,"href":"https:\/\/www.catedracosgaya.com.ar\/tipoblog\/2014\/wp-json\/wp\/v2\/categories?post=5804"},{"taxonomy":"post_tag","embeddable":true,"href":"https:\/\/www.catedracosgaya.com.ar\/tipoblog\/2014\/wp-json\/wp\/v2\/tags?post=5804"}],"curies":[{"name":"wp","href":"https:\/\/api.w.org\/{rel}","templated":true}]}}