{"id":5709,"date":"2014-11-13T04:56:30","date_gmt":"2014-11-13T04:56:30","guid":{"rendered":"http:\/\/www.catedracosgaya.com.ar\/tipoblog\/2014\/?p=5709"},"modified":"2014-11-13T04:56:30","modified_gmt":"2014-11-13T04:56:30","slug":"tpg-la-revista-de-diseno-argentina","status":"publish","type":"post","link":"https:\/\/www.catedracosgaya.com.ar\/tipoblog\/2014\/tpg-la-revista-de-diseno-argentina\/","title":{"rendered":"tpG: La revista de dise\u00f1o argentina"},"content":{"rendered":"<p>\u201cLa tipograf\u00eda no es s\u00f3lo una t\u00e9cnica secular o un oficio ni se limita a la \u201cgalaxia Gutenberg\u201d; el t\u00e9rmino alude significativamente y por analog\u00eda a una deriva cultural, a una gama de conceptos que autorizan a considerarla como la \u201cpiedra de toque del dise\u00f1o [\u2026]\u201d. Estas son algunas de las palabras que aparecen en el primer n\u00famero de la revista \u201cTipoGr\u00e1fica, comunicaci\u00f3n para dise\u00f1adores\u201d.<\/p>\n<p>En junio de 1987, Rub\u00e9n Fontana (1942- ), es quien funda esta revista de dise\u00f1o, en la que ser\u00eda director y editor hasta su \u00faltima aparici\u00f3n en 2007. TipoGr\u00e1fica surge en un momento muy importante para el dise\u00f1o argentino, donde, en palabras de Fontana, finaliza una etapa \u201csilvestre\u201d, para pasar a ser un saber transmitible. Y es que en 1984, un a\u00f1o despu\u00e9s de la instauraci\u00f3n de la democracia, se inaugura la carrera en la Facultad de Arquitectura y Urbanismo de la UBA (nuestra querida FADU).\u00a0 Con el ingresivo masivo de alumnos y el considerable crecimiento de la carrera, surge la necesidad de contar con un medio espec\u00edfico de comunicaci\u00f3n para los nuevos dise\u00f1adores.<\/p>\n<p>La revista abord\u00f3 desde entonces temas espec\u00edficos del dise\u00f1o y de disciplinas afines, problemas del ejercicio y la ense\u00f1anza, y a la vez fue registro de ese momento \u00fanico para la disciplina en nuestro pa\u00eds. Fontana, quien tambi\u00e9n fue el principal introductor de la materia Tipograf\u00eda al programa de estudio de la carrera de Dise\u00f1o Gr\u00e1fica en la UBA, organiz\u00f3 a trav\u00e9s de la revista importantes encuentros de Dise\u00f1o y Tipograf\u00eda, referentes en Argentina y la regi\u00f3n, buscando siempre fomentar y asistir a esta comunidad que comenzaba a surgir.<\/p>\n<p>Puntualmente la pieza editorial en s\u00ed, constaba de 48 p\u00e1ginas impresas a una tinta en un formato 23cm x 33cm, con la composici\u00f3n interior formada por columnas pegadas a mano, con textos en Frutiger. Fueron 74 n\u00fameros publicados a lo largo de 20 a\u00f1os: 24 en los primeros ocho (tres por a\u00f1o), 30 entre 1995 y 2002 (cuatro por a\u00f1o desde el \u201897), y los \u00faltimos 20 en su etapa final, de 2003 hasta 2006.<\/p>\n<p><a href=\"http:\/\/www.catedracosgaya.com.ar\/tipoblog\/2014\/wp-content\/uploads\/2014\/11\/Tapas4-5-6.jpg\"><img loading=\"lazy\" decoding=\"async\" data-attachment-id=\"5713\" data-permalink=\"https:\/\/www.catedracosgaya.com.ar\/tipoblog\/2014\/tpg-la-revista-de-diseno-argentina\/tapas4-5-6\/\" data-orig-file=\"https:\/\/www.catedracosgaya.com.ar\/tipoblog\/2014\/wp-content\/uploads\/2014\/11\/Tapas4-5-6.jpg\" data-orig-size=\"4506,2130\" data-comments-opened=\"0\" data-image-meta=\"{&quot;aperture&quot;:&quot;4&quot;,&quot;credit&quot;:&quot;&quot;,&quot;camera&quot;:&quot;DSC-WX50&quot;,&quot;caption&quot;:&quot;&quot;,&quot;created_timestamp&quot;:&quot;1415646006&quot;,&quot;copyright&quot;:&quot;&quot;,&quot;focal_length&quot;:&quot;9.98&quot;,&quot;iso&quot;:&quot;500&quot;,&quot;shutter_speed&quot;:&quot;0.0166666666667&quot;,&quot;title&quot;:&quot;&quot;}\" data-image-title=\"Tapas4-5-6\" data-image-description=\"\" data-image-caption=\"\" data-large-file=\"https:\/\/www.catedracosgaya.com.ar\/tipoblog\/2014\/wp-content\/uploads\/2014\/11\/Tapas4-5-6-1024x484.jpg\" class=\"alignnone size-medium wp-image-5713\" src=\"http:\/\/www.catedracosgaya.com.ar\/tipoblog\/2014\/wp-content\/uploads\/2014\/11\/Tapas4-5-6-300x141.jpg\" alt=\"Tapas4-5-6\" width=\"300\" height=\"141\" srcset=\"https:\/\/www.catedracosgaya.com.ar\/tipoblog\/2014\/wp-content\/uploads\/2014\/11\/Tapas4-5-6-300x141.jpg 300w, https:\/\/www.catedracosgaya.com.ar\/tipoblog\/2014\/wp-content\/uploads\/2014\/11\/Tapas4-5-6-1024x484.jpg 1024w\" sizes=\"auto, (max-width: 300px) 100vw, 300px\" \/><\/a> <a href=\"http:\/\/www.catedracosgaya.com.ar\/tipoblog\/2014\/wp-content\/uploads\/2014\/11\/Tapas7-8-9.jpg\"><img loading=\"lazy\" decoding=\"async\" data-attachment-id=\"5714\" data-permalink=\"https:\/\/www.catedracosgaya.com.ar\/tipoblog\/2014\/tpg-la-revista-de-diseno-argentina\/tapas7-8-9\/\" data-orig-file=\"https:\/\/www.catedracosgaya.com.ar\/tipoblog\/2014\/wp-content\/uploads\/2014\/11\/Tapas7-8-9.jpg\" data-orig-size=\"4608,2106\" data-comments-opened=\"0\" data-image-meta=\"{&quot;aperture&quot;:&quot;4&quot;,&quot;credit&quot;:&quot;&quot;,&quot;camera&quot;:&quot;DSC-WX50&quot;,&quot;caption&quot;:&quot;&quot;,&quot;created_timestamp&quot;:&quot;1415646046&quot;,&quot;copyright&quot;:&quot;&quot;,&quot;focal_length&quot;:&quot;9.98&quot;,&quot;iso&quot;:&quot;640&quot;,&quot;shutter_speed&quot;:&quot;0.0166666666667&quot;,&quot;title&quot;:&quot;&quot;}\" data-image-title=\"Tapas7-8-9\" data-image-description=\"\" data-image-caption=\"\" data-large-file=\"https:\/\/www.catedracosgaya.com.ar\/tipoblog\/2014\/wp-content\/uploads\/2014\/11\/Tapas7-8-9-1024x468.jpg\" class=\"alignnone size-medium wp-image-5714\" src=\"http:\/\/www.catedracosgaya.com.ar\/tipoblog\/2014\/wp-content\/uploads\/2014\/11\/Tapas7-8-9-300x137.jpg\" alt=\"Tapas7-8-9\" width=\"300\" height=\"137\" srcset=\"https:\/\/www.catedracosgaya.com.ar\/tipoblog\/2014\/wp-content\/uploads\/2014\/11\/Tapas7-8-9-300x137.jpg 300w, https:\/\/www.catedracosgaya.com.ar\/tipoblog\/2014\/wp-content\/uploads\/2014\/11\/Tapas7-8-9-1024x468.jpg 1024w\" sizes=\"auto, (max-width: 300px) 100vw, 300px\" \/><\/a><\/p>\n<p>En sus primeros n\u00fameros, TipoGr\u00e1fica no ten\u00eda logotipo, sino que en cada tapa contaba con su nombre en una disposici\u00f3n diferente (diferentes puestas tipogr\u00e1ficas), y con un peque\u00f1o sumario, que mostrara las notas en su interior. Esto permit\u00eda un sistema completamente abierto, donde se pueden hacer infinidad de tapas diferentes.<\/p>\n<p>En cuanto a la parte de adentro de la revista, exist\u00edan tanto notas fijas, como variables. Cada publicaci\u00f3n abr\u00eda con una breve nota firmada por los editores reflexionando sobre un tema puntual, y sol\u00eda cerra con dos secciones: Informa (o tipoGr\u00e1fica informa), con varias notas de corto contenido, y BiblioGr\u00e1fica, donde se recomendaban libros de dise\u00f1o, junto con una breve descripci\u00f3n. Si bien en cada n\u00famero la cantidad pod\u00eda variar, el formato y la proporci\u00f3n de cada uno de estos \u00faltimos era bastante constante.<\/p>\n<p><a href=\"http:\/\/www.catedracosgaya.com.ar\/tipoblog\/2014\/wp-content\/uploads\/2014\/11\/Edit.jpg\"><img loading=\"lazy\" decoding=\"async\" data-attachment-id=\"5735\" data-permalink=\"https:\/\/www.catedracosgaya.com.ar\/tipoblog\/2014\/tpg-la-revista-de-diseno-argentina\/edit\/\" data-orig-file=\"https:\/\/www.catedracosgaya.com.ar\/tipoblog\/2014\/wp-content\/uploads\/2014\/11\/Edit.jpg\" data-orig-size=\"4961,3451\" data-comments-opened=\"0\" data-image-meta=\"{&quot;aperture&quot;:&quot;2.8&quot;,&quot;credit&quot;:&quot;&quot;,&quot;camera&quot;:&quot;DSC-WX50&quot;,&quot;caption&quot;:&quot;&quot;,&quot;created_timestamp&quot;:&quot;1415646200&quot;,&quot;copyright&quot;:&quot;&quot;,&quot;focal_length&quot;:&quot;5.36&quot;,&quot;iso&quot;:&quot;250&quot;,&quot;shutter_speed&quot;:&quot;0.0333333333333&quot;,&quot;title&quot;:&quot;&quot;}\" data-image-title=\"Edit\" data-image-description=\"\" data-image-caption=\"\" data-large-file=\"https:\/\/www.catedracosgaya.com.ar\/tipoblog\/2014\/wp-content\/uploads\/2014\/11\/Edit-1024x712.jpg\" class=\"alignnone size-medium wp-image-5735\" src=\"http:\/\/www.catedracosgaya.com.ar\/tipoblog\/2014\/wp-content\/uploads\/2014\/11\/Edit-300x208.jpg\" alt=\"Edit\" width=\"300\" height=\"208\" srcset=\"https:\/\/www.catedracosgaya.com.ar\/tipoblog\/2014\/wp-content\/uploads\/2014\/11\/Edit-300x208.jpg 300w, https:\/\/www.catedracosgaya.com.ar\/tipoblog\/2014\/wp-content\/uploads\/2014\/11\/Edit-1024x712.jpg 1024w\" sizes=\"auto, (max-width: 300px) 100vw, 300px\" \/><\/a><em>notas de editor de tpG4 y tpG14<\/em><em><a href=\"http:\/\/www.catedracosgaya.com.ar\/tipoblog\/2014\/wp-content\/uploads\/2014\/11\/Inform.jpg\"><img loading=\"lazy\" decoding=\"async\" data-attachment-id=\"5736\" data-permalink=\"https:\/\/www.catedracosgaya.com.ar\/tipoblog\/2014\/tpg-la-revista-de-diseno-argentina\/inform\/\" data-orig-file=\"https:\/\/www.catedracosgaya.com.ar\/tipoblog\/2014\/wp-content\/uploads\/2014\/11\/Inform.jpg\" data-orig-size=\"4961,3446\" data-comments-opened=\"0\" data-image-meta=\"{&quot;aperture&quot;:&quot;2.6&quot;,&quot;credit&quot;:&quot;&quot;,&quot;camera&quot;:&quot;DSC-WX50&quot;,&quot;caption&quot;:&quot;&quot;,&quot;created_timestamp&quot;:&quot;1415646459&quot;,&quot;copyright&quot;:&quot;&quot;,&quot;focal_length&quot;:&quot;4.5&quot;,&quot;iso&quot;:&quot;500&quot;,&quot;shutter_speed&quot;:&quot;0.0333333333333&quot;,&quot;title&quot;:&quot;&quot;}\" data-image-title=\"Inform\" data-image-description=\"\" data-image-caption=\"\" data-large-file=\"https:\/\/www.catedracosgaya.com.ar\/tipoblog\/2014\/wp-content\/uploads\/2014\/11\/Inform-1024x711.jpg\" class=\"alignnone size-medium wp-image-5736\" src=\"http:\/\/www.catedracosgaya.com.ar\/tipoblog\/2014\/wp-content\/uploads\/2014\/11\/Inform-300x208.jpg\" alt=\"Inform\" width=\"300\" height=\"208\" srcset=\"https:\/\/www.catedracosgaya.com.ar\/tipoblog\/2014\/wp-content\/uploads\/2014\/11\/Inform-300x208.jpg 300w, https:\/\/www.catedracosgaya.com.ar\/tipoblog\/2014\/wp-content\/uploads\/2014\/11\/Inform-1024x711.jpg 1024w\" sizes=\"auto, (max-width: 300px) 100vw, 300px\" \/><\/a>Secciones \u00abInforma\u00bb de tpG3 y tpG15<\/em><\/p>\n<p><em><a href=\"http:\/\/www.catedracosgaya.com.ar\/tipoblog\/2014\/wp-content\/uploads\/2014\/11\/Biblio.jpg\"><img loading=\"lazy\" decoding=\"async\" data-attachment-id=\"5734\" data-permalink=\"https:\/\/www.catedracosgaya.com.ar\/tipoblog\/2014\/tpg-la-revista-de-diseno-argentina\/biblio\/\" data-orig-file=\"https:\/\/www.catedracosgaya.com.ar\/tipoblog\/2014\/wp-content\/uploads\/2014\/11\/Biblio.jpg\" data-orig-size=\"7372,2587\" data-comments-opened=\"0\" data-image-meta=\"{&quot;aperture&quot;:&quot;2.6&quot;,&quot;credit&quot;:&quot;&quot;,&quot;camera&quot;:&quot;DSC-WX50&quot;,&quot;caption&quot;:&quot;&quot;,&quot;created_timestamp&quot;:&quot;1415646739&quot;,&quot;copyright&quot;:&quot;&quot;,&quot;focal_length&quot;:&quot;4.5&quot;,&quot;iso&quot;:&quot;500&quot;,&quot;shutter_speed&quot;:&quot;0.0333333333333&quot;,&quot;title&quot;:&quot;&quot;}\" data-image-title=\"Biblio\" data-image-description=\"\" data-image-caption=\"\" data-large-file=\"https:\/\/www.catedracosgaya.com.ar\/tipoblog\/2014\/wp-content\/uploads\/2014\/11\/Biblio-1024x359.jpg\" class=\"alignnone size-medium wp-image-5734\" src=\"http:\/\/www.catedracosgaya.com.ar\/tipoblog\/2014\/wp-content\/uploads\/2014\/11\/Biblio-300x105.jpg\" alt=\"Biblio\" width=\"300\" height=\"105\" srcset=\"https:\/\/www.catedracosgaya.com.ar\/tipoblog\/2014\/wp-content\/uploads\/2014\/11\/Biblio-300x105.jpg 300w, https:\/\/www.catedracosgaya.com.ar\/tipoblog\/2014\/wp-content\/uploads\/2014\/11\/Biblio-1024x359.jpg 1024w\" sizes=\"auto, (max-width: 300px) 100vw, 300px\" \/><\/a>Secciones \u00abBiblioGr\u00e1fica\u00bb de tpG4 y tpG15\u00a0<\/em><\/p>\n<p>Como notas particulares de cada n\u00famero podemos mencionar entrevistas a dise\u00f1adores y profesionales de la \u00e9poca, as\u00ed como tambi\u00e9n\u00a0 notas con temas competentes al campo. En todas estas, la libertad que daba la fotocomposici\u00f3n permit\u00eda var\u00edan tanto el n\u00famero como el ancho de las columnas, as\u00ed como tambi\u00e9n la disposici\u00f3n de texto e imagen, en cuanto a posici\u00f3n, tama\u00f1o y tambi\u00e9n inclinaci\u00f3n.<\/p>\n<p><a href=\"http:\/\/www.catedracosgaya.com.ar\/tipoblog\/2014\/wp-content\/uploads\/2014\/11\/Not.jpg\"><img loading=\"lazy\" decoding=\"async\" data-attachment-id=\"5737\" data-permalink=\"https:\/\/www.catedracosgaya.com.ar\/tipoblog\/2014\/tpg-la-revista-de-diseno-argentina\/not\/\" data-orig-file=\"https:\/\/www.catedracosgaya.com.ar\/tipoblog\/2014\/wp-content\/uploads\/2014\/11\/Not.jpg\" data-orig-size=\"7165,2519\" data-comments-opened=\"0\" data-image-meta=\"{&quot;aperture&quot;:&quot;2.8&quot;,&quot;credit&quot;:&quot;&quot;,&quot;camera&quot;:&quot;DSC-WX50&quot;,&quot;caption&quot;:&quot;&quot;,&quot;created_timestamp&quot;:&quot;1415646871&quot;,&quot;copyright&quot;:&quot;&quot;,&quot;focal_length&quot;:&quot;6.25&quot;,&quot;iso&quot;:&quot;800&quot;,&quot;shutter_speed&quot;:&quot;0.025&quot;,&quot;title&quot;:&quot;&quot;}\" data-image-title=\"Not\" data-image-description=\"\" data-image-caption=\"\" data-large-file=\"https:\/\/www.catedracosgaya.com.ar\/tipoblog\/2014\/wp-content\/uploads\/2014\/11\/Not-1024x360.jpg\" class=\"alignnone size-medium wp-image-5737\" src=\"http:\/\/www.catedracosgaya.com.ar\/tipoblog\/2014\/wp-content\/uploads\/2014\/11\/Not-300x105.jpg\" alt=\"Not\" width=\"300\" height=\"105\" srcset=\"https:\/\/www.catedracosgaya.com.ar\/tipoblog\/2014\/wp-content\/uploads\/2014\/11\/Not-300x105.jpg 300w, https:\/\/www.catedracosgaya.com.ar\/tipoblog\/2014\/wp-content\/uploads\/2014\/11\/Not-1024x360.jpg 1024w\" sizes=\"auto, (max-width: 300px) 100vw, 300px\" \/><\/a><a href=\"http:\/\/www.catedracosgaya.com.ar\/tipoblog\/2014\/wp-content\/uploads\/2014\/11\/Not3.jpg\"><img loading=\"lazy\" decoding=\"async\" data-attachment-id=\"5723\" data-permalink=\"https:\/\/www.catedracosgaya.com.ar\/tipoblog\/2014\/tpg-la-revista-de-diseno-argentina\/not3\/\" data-orig-file=\"https:\/\/www.catedracosgaya.com.ar\/tipoblog\/2014\/wp-content\/uploads\/2014\/11\/Not3.jpg\" data-orig-size=\"4356,3294\" data-comments-opened=\"0\" data-image-meta=\"{&quot;aperture&quot;:&quot;2.8&quot;,&quot;credit&quot;:&quot;&quot;,&quot;camera&quot;:&quot;DSC-WX50&quot;,&quot;caption&quot;:&quot;&quot;,&quot;created_timestamp&quot;:&quot;1415647055&quot;,&quot;copyright&quot;:&quot;&quot;,&quot;focal_length&quot;:&quot;6.25&quot;,&quot;iso&quot;:&quot;800&quot;,&quot;shutter_speed&quot;:&quot;0.025&quot;,&quot;title&quot;:&quot;&quot;}\" data-image-title=\"Not3\" data-image-description=\"\" data-image-caption=\"\" data-large-file=\"https:\/\/www.catedracosgaya.com.ar\/tipoblog\/2014\/wp-content\/uploads\/2014\/11\/Not3-1024x774.jpg\" class=\"alignnone size-medium wp-image-5723\" src=\"http:\/\/www.catedracosgaya.com.ar\/tipoblog\/2014\/wp-content\/uploads\/2014\/11\/Not3-300x226.jpg\" alt=\"Not3\" width=\"300\" height=\"226\" srcset=\"https:\/\/www.catedracosgaya.com.ar\/tipoblog\/2014\/wp-content\/uploads\/2014\/11\/Not3-300x226.jpg 300w, https:\/\/www.catedracosgaya.com.ar\/tipoblog\/2014\/wp-content\/uploads\/2014\/11\/Not3-1024x774.jpg 1024w\" sizes=\"auto, (max-width: 300px) 100vw, 300px\" \/><\/a><\/p>\n<p>Tambi\u00e9n pod\u00edan contar con suplementos internos (separados por el color de hoja) dedicados al dise\u00f1o en una ciudad particular del extranjero, con nota, entrevistas y formato propias en su interior.<\/p>\n<p><a href=\"http:\/\/www.catedracosgaya.com.ar\/tipoblog\/2014\/wp-content\/uploads\/2014\/11\/Suplemento1+.jpg\"><img loading=\"lazy\" decoding=\"async\" data-attachment-id=\"5729\" data-permalink=\"https:\/\/www.catedracosgaya.com.ar\/tipoblog\/2014\/tpg-la-revista-de-diseno-argentina\/suplemento1\/\" data-orig-file=\"https:\/\/www.catedracosgaya.com.ar\/tipoblog\/2014\/wp-content\/uploads\/2014\/11\/Suplemento1+.jpg\" data-orig-size=\"6201,2873\" data-comments-opened=\"0\" data-image-meta=\"{&quot;aperture&quot;:&quot;2.8&quot;,&quot;credit&quot;:&quot;&quot;,&quot;camera&quot;:&quot;DSC-WX50&quot;,&quot;caption&quot;:&quot;&quot;,&quot;created_timestamp&quot;:&quot;1415647072&quot;,&quot;copyright&quot;:&quot;&quot;,&quot;focal_length&quot;:&quot;6.25&quot;,&quot;iso&quot;:&quot;800&quot;,&quot;shutter_speed&quot;:&quot;0.04&quot;,&quot;title&quot;:&quot;&quot;}\" data-image-title=\"Suplemento1+\" data-image-description=\"\" data-image-caption=\"\" data-large-file=\"https:\/\/www.catedracosgaya.com.ar\/tipoblog\/2014\/wp-content\/uploads\/2014\/11\/Suplemento1+-1024x474.jpg\" class=\"alignnone size-medium wp-image-5729\" src=\"http:\/\/www.catedracosgaya.com.ar\/tipoblog\/2014\/wp-content\/uploads\/2014\/11\/Suplemento1+-300x138.jpg\" alt=\"Suplemento1+\" width=\"300\" height=\"138\" srcset=\"https:\/\/www.catedracosgaya.com.ar\/tipoblog\/2014\/wp-content\/uploads\/2014\/11\/Suplemento1+-300x138.jpg 300w, https:\/\/www.catedracosgaya.com.ar\/tipoblog\/2014\/wp-content\/uploads\/2014\/11\/Suplemento1+-1024x474.jpg 1024w\" sizes=\"auto, (max-width: 300px) 100vw, 300px\" \/><\/a><em>Suplemento \u00abtipoGr\u00e1fica Barcelona\u00bb\/ tpG5<\/em><\/p>\n<p><em><a href=\"http:\/\/www.catedracosgaya.com.ar\/tipoblog\/2014\/wp-content\/uploads\/2014\/11\/Suplemento2+.jpg\"><img loading=\"lazy\" decoding=\"async\" data-attachment-id=\"5730\" data-permalink=\"https:\/\/www.catedracosgaya.com.ar\/tipoblog\/2014\/tpg-la-revista-de-diseno-argentina\/suplemento2\/\" data-orig-file=\"https:\/\/www.catedracosgaya.com.ar\/tipoblog\/2014\/wp-content\/uploads\/2014\/11\/Suplemento2+.jpg\" data-orig-size=\"6201,2877\" data-comments-opened=\"0\" data-image-meta=\"{&quot;aperture&quot;:&quot;2.8&quot;,&quot;credit&quot;:&quot;&quot;,&quot;camera&quot;:&quot;DSC-WX50&quot;,&quot;caption&quot;:&quot;&quot;,&quot;created_timestamp&quot;:&quot;1415647072&quot;,&quot;copyright&quot;:&quot;&quot;,&quot;focal_length&quot;:&quot;6.25&quot;,&quot;iso&quot;:&quot;800&quot;,&quot;shutter_speed&quot;:&quot;0.04&quot;,&quot;title&quot;:&quot;&quot;}\" data-image-title=\"Suplemento2+\" data-image-description=\"\" data-image-caption=\"\" data-large-file=\"https:\/\/www.catedracosgaya.com.ar\/tipoblog\/2014\/wp-content\/uploads\/2014\/11\/Suplemento2+-1024x475.jpg\" class=\"alignnone size-medium wp-image-5730\" src=\"http:\/\/www.catedracosgaya.com.ar\/tipoblog\/2014\/wp-content\/uploads\/2014\/11\/Suplemento2+-300x139.jpg\" alt=\"Suplemento2+\" width=\"300\" height=\"139\" srcset=\"https:\/\/www.catedracosgaya.com.ar\/tipoblog\/2014\/wp-content\/uploads\/2014\/11\/Suplemento2+-300x139.jpg 300w, https:\/\/www.catedracosgaya.com.ar\/tipoblog\/2014\/wp-content\/uploads\/2014\/11\/Suplemento2+-1024x475.jpg 1024w\" sizes=\"auto, (max-width: 300px) 100vw, 300px\" \/><\/a>Suplemento \u00abtipoGr\u00e1fica San Francisco\u00bb\/ tpG6<\/em><\/p>\n<p>En esta primera etapa, vemos c\u00f3mo va incorporando gradualmente color: desde 1990, la tapa, que ven\u00eda siendo a dos tintas, pas\u00f3 a todo color (tpG10); y luego tambi\u00e9n ocho p\u00e1ginas del cuerpo central (tpG12).<\/p>\n<p><a href=\"http:\/\/www.catedracosgaya.com.ar\/tipoblog\/2014\/wp-content\/uploads\/2014\/11\/Tapas10-11-13.jpg\"><img loading=\"lazy\" decoding=\"async\" data-attachment-id=\"5725\" data-permalink=\"https:\/\/www.catedracosgaya.com.ar\/tipoblog\/2014\/tpg-la-revista-de-diseno-argentina\/tapas10-11-13\/\" data-orig-file=\"https:\/\/www.catedracosgaya.com.ar\/tipoblog\/2014\/wp-content\/uploads\/2014\/11\/Tapas10-11-13.jpg\" data-orig-size=\"4516,2061\" data-comments-opened=\"0\" data-image-meta=\"{&quot;aperture&quot;:&quot;4&quot;,&quot;credit&quot;:&quot;&quot;,&quot;camera&quot;:&quot;DSC-WX50&quot;,&quot;caption&quot;:&quot;&quot;,&quot;created_timestamp&quot;:&quot;1415645923&quot;,&quot;copyright&quot;:&quot;&quot;,&quot;focal_length&quot;:&quot;9.98&quot;,&quot;iso&quot;:&quot;640&quot;,&quot;shutter_speed&quot;:&quot;0.0166666666667&quot;,&quot;title&quot;:&quot;&quot;}\" data-image-title=\"Tapas10-11-13\" data-image-description=\"\" data-image-caption=\"\" data-large-file=\"https:\/\/www.catedracosgaya.com.ar\/tipoblog\/2014\/wp-content\/uploads\/2014\/11\/Tapas10-11-13-1024x467.jpg\" class=\"alignnone size-medium wp-image-5725\" src=\"http:\/\/www.catedracosgaya.com.ar\/tipoblog\/2014\/wp-content\/uploads\/2014\/11\/Tapas10-11-13-300x136.jpg\" alt=\"Tapas10-11-13\" width=\"300\" height=\"136\" srcset=\"https:\/\/www.catedracosgaya.com.ar\/tipoblog\/2014\/wp-content\/uploads\/2014\/11\/Tapas10-11-13-300x136.jpg 300w, https:\/\/www.catedracosgaya.com.ar\/tipoblog\/2014\/wp-content\/uploads\/2014\/11\/Tapas10-11-13-1024x467.jpg 1024w\" sizes=\"auto, (max-width: 300px) 100vw, 300px\" \/><\/a><a href=\"http:\/\/www.catedracosgaya.com.ar\/tipoblog\/2014\/wp-content\/uploads\/2014\/11\/Tapas12-14-15.jpg\"><img loading=\"lazy\" decoding=\"async\" data-attachment-id=\"5726\" data-permalink=\"https:\/\/www.catedracosgaya.com.ar\/tipoblog\/2014\/tpg-la-revista-de-diseno-argentina\/tapas12-14-15\/\" data-orig-file=\"https:\/\/www.catedracosgaya.com.ar\/tipoblog\/2014\/wp-content\/uploads\/2014\/11\/Tapas12-14-15.jpg\" data-orig-size=\"4574,2214\" data-comments-opened=\"0\" data-image-meta=\"{&quot;aperture&quot;:&quot;4&quot;,&quot;credit&quot;:&quot;&quot;,&quot;camera&quot;:&quot;DSC-WX50&quot;,&quot;caption&quot;:&quot;&quot;,&quot;created_timestamp&quot;:&quot;1415646084&quot;,&quot;copyright&quot;:&quot;&quot;,&quot;focal_length&quot;:&quot;9.98&quot;,&quot;iso&quot;:&quot;500&quot;,&quot;shutter_speed&quot;:&quot;0.0166666666667&quot;,&quot;title&quot;:&quot;&quot;}\" data-image-title=\"Tapas12-14-15\" data-image-description=\"\" data-image-caption=\"\" data-large-file=\"https:\/\/www.catedracosgaya.com.ar\/tipoblog\/2014\/wp-content\/uploads\/2014\/11\/Tapas12-14-15-1024x495.jpg\" class=\"alignnone size-medium wp-image-5726\" src=\"http:\/\/www.catedracosgaya.com.ar\/tipoblog\/2014\/wp-content\/uploads\/2014\/11\/Tapas12-14-15-300x145.jpg\" alt=\"Tapas12-14-15\" width=\"300\" height=\"145\" srcset=\"https:\/\/www.catedracosgaya.com.ar\/tipoblog\/2014\/wp-content\/uploads\/2014\/11\/Tapas12-14-15-300x145.jpg 300w, https:\/\/www.catedracosgaya.com.ar\/tipoblog\/2014\/wp-content\/uploads\/2014\/11\/Tapas12-14-15-1024x495.jpg 1024w\" sizes=\"auto, (max-width: 300px) 100vw, 300px\" \/><\/a><a href=\"http:\/\/www.catedracosgaya.com.ar\/tipoblog\/2014\/wp-content\/uploads\/2014\/11\/Mediocolor.jpg\"><img loading=\"lazy\" decoding=\"async\" data-attachment-id=\"5724\" data-permalink=\"https:\/\/www.catedracosgaya.com.ar\/tipoblog\/2014\/tpg-la-revista-de-diseno-argentina\/mediocolor\/\" data-orig-file=\"https:\/\/www.catedracosgaya.com.ar\/tipoblog\/2014\/wp-content\/uploads\/2014\/11\/Mediocolor.jpg\" data-orig-size=\"4528,3311\" data-comments-opened=\"0\" data-image-meta=\"{&quot;aperture&quot;:&quot;2.6&quot;,&quot;credit&quot;:&quot;&quot;,&quot;camera&quot;:&quot;DSC-WX50&quot;,&quot;caption&quot;:&quot;&quot;,&quot;created_timestamp&quot;:&quot;1415647417&quot;,&quot;copyright&quot;:&quot;&quot;,&quot;focal_length&quot;:&quot;4.5&quot;,&quot;iso&quot;:&quot;500&quot;,&quot;shutter_speed&quot;:&quot;0.0333333333333&quot;,&quot;title&quot;:&quot;&quot;}\" data-image-title=\"Mediocolor\" data-image-description=\"\" data-image-caption=\"\" data-large-file=\"https:\/\/www.catedracosgaya.com.ar\/tipoblog\/2014\/wp-content\/uploads\/2014\/11\/Mediocolor-1024x748.jpg\" class=\"alignnone size-medium wp-image-5724\" src=\"http:\/\/www.catedracosgaya.com.ar\/tipoblog\/2014\/wp-content\/uploads\/2014\/11\/Mediocolor-300x219.jpg\" alt=\"Mediocolor\" width=\"300\" height=\"219\" srcset=\"https:\/\/www.catedracosgaya.com.ar\/tipoblog\/2014\/wp-content\/uploads\/2014\/11\/Mediocolor-300x219.jpg 300w, https:\/\/www.catedracosgaya.com.ar\/tipoblog\/2014\/wp-content\/uploads\/2014\/11\/Mediocolor-1024x748.jpg 1024w\" sizes=\"auto, (max-width: 300px) 100vw, 300px\" \/><\/a><\/p>\n<p>En una segundo momento (1995), ya m\u00e1s consolidado, la revista se larga con su propia tipograf\u00eda: Fontana tpG (m\u00e1s tarde, Fontana ND), que atend\u00eda todas sus necesidades editoriales (variables it\u00e1licas y negritas, para t\u00edtulo, versalitas). No s\u00f3lo eso, sino que tambi\u00e9n la encuadernaci\u00f3n pas\u00f3 a tener lomo y la impresi\u00f3n a color, a todo el cuerpo (tpG25). El crecimiento permiti\u00f3 cada vez m\u00e1s participaci\u00f3n internacional y el avance tecnol\u00f3gico dio lugar a una direcci\u00f3n de correo electr\u00f3nico, un foro de mensajes, y m\u00e1s luego, una p\u00e1gina de internet (www.tipografica.com). El tpG36 (1998), incluy\u00f3 una secci\u00f3n gratuita de avisos clasificados y una agenda de eventos.<\/p>\n<p><a href=\"http:\/\/www.catedracosgaya.com.ar\/tipoblog\/2014\/wp-content\/uploads\/2014\/11\/Tapa-nueva1.jpg\"><img loading=\"lazy\" decoding=\"async\" data-attachment-id=\"5727\" data-permalink=\"https:\/\/www.catedracosgaya.com.ar\/tipoblog\/2014\/tpg-la-revista-de-diseno-argentina\/tapa-nueva1\/\" data-orig-file=\"https:\/\/www.catedracosgaya.com.ar\/tipoblog\/2014\/wp-content\/uploads\/2014\/11\/Tapa-nueva1.jpg\" data-orig-size=\"149,217\" data-comments-opened=\"0\" data-image-meta=\"{&quot;aperture&quot;:&quot;0&quot;,&quot;credit&quot;:&quot;&quot;,&quot;camera&quot;:&quot;&quot;,&quot;caption&quot;:&quot;&quot;,&quot;created_timestamp&quot;:&quot;0&quot;,&quot;copyright&quot;:&quot;&quot;,&quot;focal_length&quot;:&quot;0&quot;,&quot;iso&quot;:&quot;0&quot;,&quot;shutter_speed&quot;:&quot;0&quot;,&quot;title&quot;:&quot;&quot;}\" data-image-title=\"Tapa nueva1\" data-image-description=\"\" data-image-caption=\"\" data-large-file=\"https:\/\/www.catedracosgaya.com.ar\/tipoblog\/2014\/wp-content\/uploads\/2014\/11\/Tapa-nueva1.jpg\" class=\"alignnone size-medium wp-image-5727\" src=\"http:\/\/www.catedracosgaya.com.ar\/tipoblog\/2014\/wp-content\/uploads\/2014\/11\/Tapa-nueva1.jpg\" alt=\"Tapa nueva1\" width=\"149\" height=\"217\" \/><\/a><a href=\"http:\/\/www.catedracosgaya.com.ar\/tipoblog\/2014\/wp-content\/uploads\/2014\/11\/Tapa-nueva2.jpg\"><img loading=\"lazy\" decoding=\"async\" data-attachment-id=\"5728\" data-permalink=\"https:\/\/www.catedracosgaya.com.ar\/tipoblog\/2014\/tpg-la-revista-de-diseno-argentina\/tapa-nueva2\/\" data-orig-file=\"https:\/\/www.catedracosgaya.com.ar\/tipoblog\/2014\/wp-content\/uploads\/2014\/11\/Tapa-nueva2.jpg\" data-orig-size=\"200,283\" data-comments-opened=\"0\" data-image-meta=\"{&quot;aperture&quot;:&quot;0&quot;,&quot;credit&quot;:&quot;&quot;,&quot;camera&quot;:&quot;&quot;,&quot;caption&quot;:&quot;&quot;,&quot;created_timestamp&quot;:&quot;0&quot;,&quot;copyright&quot;:&quot;&quot;,&quot;focal_length&quot;:&quot;0&quot;,&quot;iso&quot;:&quot;0&quot;,&quot;shutter_speed&quot;:&quot;0&quot;,&quot;title&quot;:&quot;&quot;}\" data-image-title=\"Tapa nueva2\" data-image-description=\"\" data-image-caption=\"\" data-large-file=\"https:\/\/www.catedracosgaya.com.ar\/tipoblog\/2014\/wp-content\/uploads\/2014\/11\/Tapa-nueva2.jpg\" class=\"alignnone size-medium wp-image-5728\" src=\"http:\/\/www.catedracosgaya.com.ar\/tipoblog\/2014\/wp-content\/uploads\/2014\/11\/Tapa-nueva2.jpg\" alt=\"Tapa nueva2\" width=\"200\" height=\"283\" \/><\/a><\/p>\n<p>En sus \u00faltimos a\u00f1os, la revista, ya reconocida internacionalmente, hizo hincapi\u00e9 en la producci\u00f3n tipogr\u00e1fica de Latinoam\u00e9rica (Argentina, Chile, Brasil y M\u00e9xico en particular) y el estado de la educaci\u00f3n, generando as\u00ed notas de alt\u00edsima calidad y profundidad. Se incorpor\u00f3 all\u00ed la fuente Andralis ND como complementaria en la composici\u00f3n de textos.<\/p>\n<p>En 2007, con la revista en pleno apogeo, pero ya en un contexto donde internet y la circulaci\u00f3n desmesurada de informaci\u00f3n (el inicio del pirateo) ya hac\u00edan ruido en el ambiente, Fontana da fin a la publicaci\u00f3n. Fue la primer revista de dise\u00f1o en espa\u00f1ol, y lleg\u00f3 a ser una de las cinco mejores del mundo.<\/p>\n<p>Me pareci\u00f3 importante antes de cerrar este a\u00f1o lectivo, y para muchos terminar con la materia Tipograf\u00eda (justamente con este trabajo de revista), el poder recordar algunos, o conocer otros, esta breve pero important\u00edsima parte en la historia del dise\u00f1o y la tipograf\u00eda argentina. En palabras de Rub\u00e9n Fontana, \u201ctipogr\u00e1fica se dejar\u00e1 de editar, pero no dejar\u00e1 de ser\u201d, y es que todo lo que hoy tenemos (el espacio para compartir y desarrollar nuestra carrera) es legado de ello.<\/p>\n<p>&nbsp;<\/p>\n<p><strong>Fuentes<\/strong><\/p>\n<ul>\n<li>Cosgaya, Pablo. <a title=\"&quot;Adi\u00f3s, querida tipoGr\u00e1fica&quot;\" href=\"http:\/\/foroalfa.org\/articulos\/adios-querida-tipografica\" target=\"_blank\">\u201cAdi\u00f3s, querida tipogr\u00e1fica\u201d<\/a>.<\/li>\n<li>Fontana, Rub\u00e9n. \u201cRevista tipoGr\u00e1fica\u00bb N\u00ba1. Julio 1987. Buenos Aires, Argentina.<\/li>\n<li>Penela, Jos\u00e9 Ram\u00f3n. <a title=\"&quot;Grandes tipos: Rub\u00e9n Fontana&quot;\" href=\"http:\/\/www.unostiposduros.com\/grandes-tipos-ruben-fontana\/\" target=\"_blank\">\u201cGrandes tipos: Rub\u00e9n Fontana\u201d<\/a>.<\/li>\n<li>Giudici, Alberto. <a title=\"&quot;Los signos de una pasi\u00f3n&quot;\" href=\"http:\/\/www.elarcaimpresa.com.ar\/elarca.com.ar\/elarca37\/notas\/fontana.htm\" target=\"_blank\">\u201cLos signos de una pasi\u00f3n\u201d<\/a>.<\/li>\n<li>Santa Coloma, Eugenia. <a title=\"&quot;Rub\u00e9n Fontana: Detr\u00e1s de las palabras&quot;\" href=\"\/\/cultramultidisciplinario.blogspot.com.ar\/2011\/12\/ruben-fontana-detras-de-las-palabras.html\" target=\"_blank\">\u201cRub\u00e9n Fontana: Detr\u00e1s de las palabras\u201d<\/a>.<\/li>\n<\/ul>\n","protected":false},"excerpt":{"rendered":"<p>Si existe una revista que fue clave en la historia del dise\u00f1o y la tipograf\u00eda de nuestro pa\u00eds, esa fue la \u00abtipoGr\u00e1fica, comunicaci\u00f3n para dise\u00f1adores\u00bb, el primer espacio para la reflexi\u00f3n, el encuentro y la discusi\u00f3n creativa en espa\u00f1ol. De la cabeza de Rub\u00e9n Fontana, al mundo.<\/p>\n","protected":false},"author":374,"featured_media":5712,"comment_status":"closed","ping_status":"closed","sticky":false,"template":"","format":"standard","meta":{"jetpack_post_was_ever_published":false,"_jetpack_newsletter_access":"","_jetpack_dont_email_post_to_subs":false,"_jetpack_newsletter_tier_id":0,"_jetpack_memberships_contains_paywalled_content":false,"_jetpack_memberships_contains_paid_content":false,"footnotes":""},"categories":[4],"tags":[279,348,302,347],"class_list":["post-5709","post","type-post","status-publish","format-standard","has-post-thumbnail","hentry","category-revista","tag-argentina","tag-fontana","tag-revista-2","tag-tipografica"],"jetpack_featured_media_url":"https:\/\/www.catedracosgaya.com.ar\/tipoblog\/2014\/wp-content\/uploads\/2014\/11\/11.jpg","jetpack_shortlink":"https:\/\/wp.me\/p4rrRH-1u5","jetpack_sharing_enabled":true,"_links":{"self":[{"href":"https:\/\/www.catedracosgaya.com.ar\/tipoblog\/2014\/wp-json\/wp\/v2\/posts\/5709","targetHints":{"allow":["GET"]}}],"collection":[{"href":"https:\/\/www.catedracosgaya.com.ar\/tipoblog\/2014\/wp-json\/wp\/v2\/posts"}],"about":[{"href":"https:\/\/www.catedracosgaya.com.ar\/tipoblog\/2014\/wp-json\/wp\/v2\/types\/post"}],"author":[{"embeddable":true,"href":"https:\/\/www.catedracosgaya.com.ar\/tipoblog\/2014\/wp-json\/wp\/v2\/users\/374"}],"replies":[{"embeddable":true,"href":"https:\/\/www.catedracosgaya.com.ar\/tipoblog\/2014\/wp-json\/wp\/v2\/comments?post=5709"}],"version-history":[{"count":9,"href":"https:\/\/www.catedracosgaya.com.ar\/tipoblog\/2014\/wp-json\/wp\/v2\/posts\/5709\/revisions"}],"predecessor-version":[{"id":5741,"href":"https:\/\/www.catedracosgaya.com.ar\/tipoblog\/2014\/wp-json\/wp\/v2\/posts\/5709\/revisions\/5741"}],"wp:featuredmedia":[{"embeddable":true,"href":"https:\/\/www.catedracosgaya.com.ar\/tipoblog\/2014\/wp-json\/wp\/v2\/media\/5712"}],"wp:attachment":[{"href":"https:\/\/www.catedracosgaya.com.ar\/tipoblog\/2014\/wp-json\/wp\/v2\/media?parent=5709"}],"wp:term":[{"taxonomy":"category","embeddable":true,"href":"https:\/\/www.catedracosgaya.com.ar\/tipoblog\/2014\/wp-json\/wp\/v2\/categories?post=5709"},{"taxonomy":"post_tag","embeddable":true,"href":"https:\/\/www.catedracosgaya.com.ar\/tipoblog\/2014\/wp-json\/wp\/v2\/tags?post=5709"}],"curies":[{"name":"wp","href":"https:\/\/api.w.org\/{rel}","templated":true}]}}