{"id":5691,"date":"2014-11-10T16:34:06","date_gmt":"2014-11-10T16:34:06","guid":{"rendered":"http:\/\/www.catedracosgaya.com.ar\/tipoblog\/2014\/?p=5691"},"modified":"2014-11-10T16:34:50","modified_gmt":"2014-11-10T16:34:50","slug":"se-renueva-la-viva","status":"publish","type":"post","link":"https:\/\/www.catedracosgaya.com.ar\/tipoblog\/2014\/se-renueva-la-viva\/","title":{"rendered":"Se renueva la Viva"},"content":{"rendered":"<p>La revista Viva fue redise\u00f1ada en el \u00faltimo mes, alterando el dise\u00f1o de sus p\u00e1ginas y modificando sus contenidos. A continuaci\u00f3n, una breve comparaci\u00f3n entre las ediciones.<\/p>\n<p><a href=\"http:\/\/www.catedracosgaya.com.ar\/tipoblog\/2014\/wp-content\/uploads\/2014\/11\/1.jpg\"><img loading=\"lazy\" decoding=\"async\" data-attachment-id=\"5694\" data-permalink=\"https:\/\/www.catedracosgaya.com.ar\/tipoblog\/2014\/se-renueva-la-viva\/1-12\/\" data-orig-file=\"https:\/\/www.catedracosgaya.com.ar\/tipoblog\/2014\/wp-content\/uploads\/2014\/11\/1.jpg\" data-orig-size=\"604,816\" data-comments-opened=\"0\" data-image-meta=\"{&quot;aperture&quot;:&quot;0&quot;,&quot;credit&quot;:&quot;&quot;,&quot;camera&quot;:&quot;&quot;,&quot;caption&quot;:&quot;&quot;,&quot;created_timestamp&quot;:&quot;0&quot;,&quot;copyright&quot;:&quot;&quot;,&quot;focal_length&quot;:&quot;0&quot;,&quot;iso&quot;:&quot;0&quot;,&quot;shutter_speed&quot;:&quot;0&quot;,&quot;title&quot;:&quot;&quot;}\" data-image-title=\"1\" data-image-description=\"\" data-image-caption=\"\" data-large-file=\"https:\/\/www.catedracosgaya.com.ar\/tipoblog\/2014\/wp-content\/uploads\/2014\/11\/1.jpg\" class=\"alignnone size-medium wp-image-5694\" src=\"http:\/\/www.catedracosgaya.com.ar\/tipoblog\/2014\/wp-content\/uploads\/2014\/11\/1-222x300.jpg\" alt=\"1\" width=\"222\" height=\"300\" srcset=\"https:\/\/www.catedracosgaya.com.ar\/tipoblog\/2014\/wp-content\/uploads\/2014\/11\/1-222x300.jpg 222w, https:\/\/www.catedracosgaya.com.ar\/tipoblog\/2014\/wp-content\/uploads\/2014\/11\/1.jpg 604w\" sizes=\"auto, (max-width: 222px) 100vw, 222px\" \/><\/a><a href=\"http:\/\/www.catedracosgaya.com.ar\/tipoblog\/2014\/wp-content\/uploads\/2014\/11\/21.jpg\"><img loading=\"lazy\" decoding=\"async\" data-attachment-id=\"5695\" data-permalink=\"https:\/\/www.catedracosgaya.com.ar\/tipoblog\/2014\/se-renueva-la-viva\/2-12\/\" data-orig-file=\"https:\/\/www.catedracosgaya.com.ar\/tipoblog\/2014\/wp-content\/uploads\/2014\/11\/21.jpg\" data-orig-size=\"590,816\" data-comments-opened=\"0\" data-image-meta=\"{&quot;aperture&quot;:&quot;0&quot;,&quot;credit&quot;:&quot;&quot;,&quot;camera&quot;:&quot;&quot;,&quot;caption&quot;:&quot;&quot;,&quot;created_timestamp&quot;:&quot;0&quot;,&quot;copyright&quot;:&quot;&quot;,&quot;focal_length&quot;:&quot;0&quot;,&quot;iso&quot;:&quot;0&quot;,&quot;shutter_speed&quot;:&quot;0&quot;,&quot;title&quot;:&quot;&quot;}\" data-image-title=\"2\" data-image-description=\"\" data-image-caption=\"\" data-large-file=\"https:\/\/www.catedracosgaya.com.ar\/tipoblog\/2014\/wp-content\/uploads\/2014\/11\/21.jpg\" class=\"alignnone size-medium wp-image-5695\" src=\"http:\/\/www.catedracosgaya.com.ar\/tipoblog\/2014\/wp-content\/uploads\/2014\/11\/21-216x300.jpg\" alt=\"2\" width=\"216\" height=\"300\" srcset=\"https:\/\/www.catedracosgaya.com.ar\/tipoblog\/2014\/wp-content\/uploads\/2014\/11\/21-216x300.jpg 216w, https:\/\/www.catedracosgaya.com.ar\/tipoblog\/2014\/wp-content\/uploads\/2014\/11\/21.jpg 590w\" sizes=\"auto, (max-width: 216px) 100vw, 216px\" \/><\/a>En el redise\u00f1o, podemos ver principalmente el cambio de la familia de la marca, prefiriendo una tipograf\u00eda m\u00e1s geom\u00e9trica con un amplio interletrado en comparaci\u00f3n con con la anterior, que resultaba m\u00e1s pesada. Adem\u00e1s, la informaci\u00f3n sobre la fecha y la publicaci\u00f3n pas\u00f3 de estar dentro de la \u201cv\u201d a la parte inferior de la tapa. La nota principal cobra mucha m\u00e1s importancia en la segunda imagen, ya que la tipograf\u00eda que interviene la fotograf\u00eda principal se refiere \u00fanicamente a esa nota, sin informar sobre el resto del contenido de la revista.<\/p>\n<p><a href=\"http:\/\/www.catedracosgaya.com.ar\/tipoblog\/2014\/wp-content\/uploads\/2014\/11\/31.jpg\"><img loading=\"lazy\" decoding=\"async\" data-attachment-id=\"5700\" data-permalink=\"https:\/\/www.catedracosgaya.com.ar\/tipoblog\/2014\/se-renueva-la-viva\/3-11\/\" data-orig-file=\"https:\/\/www.catedracosgaya.com.ar\/tipoblog\/2014\/wp-content\/uploads\/2014\/11\/31.jpg\" data-orig-size=\"597,809\" data-comments-opened=\"0\" data-image-meta=\"{&quot;aperture&quot;:&quot;0&quot;,&quot;credit&quot;:&quot;&quot;,&quot;camera&quot;:&quot;&quot;,&quot;caption&quot;:&quot;&quot;,&quot;created_timestamp&quot;:&quot;0&quot;,&quot;copyright&quot;:&quot;&quot;,&quot;focal_length&quot;:&quot;0&quot;,&quot;iso&quot;:&quot;0&quot;,&quot;shutter_speed&quot;:&quot;0&quot;,&quot;title&quot;:&quot;&quot;}\" data-image-title=\"3\" data-image-description=\"\" data-image-caption=\"\" data-large-file=\"https:\/\/www.catedracosgaya.com.ar\/tipoblog\/2014\/wp-content\/uploads\/2014\/11\/31.jpg\" class=\"alignnone size-medium wp-image-5700\" src=\"http:\/\/www.catedracosgaya.com.ar\/tipoblog\/2014\/wp-content\/uploads\/2014\/11\/31-221x300.jpg\" alt=\"3\" width=\"221\" height=\"300\" srcset=\"https:\/\/www.catedracosgaya.com.ar\/tipoblog\/2014\/wp-content\/uploads\/2014\/11\/31-221x300.jpg 221w, https:\/\/www.catedracosgaya.com.ar\/tipoblog\/2014\/wp-content\/uploads\/2014\/11\/31.jpg 597w\" sizes=\"auto, (max-width: 221px) 100vw, 221px\" \/><\/a><a href=\"http:\/\/www.catedracosgaya.com.ar\/tipoblog\/2014\/wp-content\/uploads\/2014\/11\/4.jpg\"><img loading=\"lazy\" decoding=\"async\" data-attachment-id=\"5701\" data-permalink=\"https:\/\/www.catedracosgaya.com.ar\/tipoblog\/2014\/se-renueva-la-viva\/4-9\/\" data-orig-file=\"https:\/\/www.catedracosgaya.com.ar\/tipoblog\/2014\/wp-content\/uploads\/2014\/11\/4.jpg\" data-orig-size=\"598,810\" data-comments-opened=\"0\" data-image-meta=\"{&quot;aperture&quot;:&quot;0&quot;,&quot;credit&quot;:&quot;&quot;,&quot;camera&quot;:&quot;&quot;,&quot;caption&quot;:&quot;&quot;,&quot;created_timestamp&quot;:&quot;0&quot;,&quot;copyright&quot;:&quot;&quot;,&quot;focal_length&quot;:&quot;0&quot;,&quot;iso&quot;:&quot;0&quot;,&quot;shutter_speed&quot;:&quot;0&quot;,&quot;title&quot;:&quot;&quot;}\" data-image-title=\"4\" data-image-description=\"\" data-image-caption=\"\" data-large-file=\"https:\/\/www.catedracosgaya.com.ar\/tipoblog\/2014\/wp-content\/uploads\/2014\/11\/4.jpg\" class=\"alignnone size-medium wp-image-5701\" src=\"http:\/\/www.catedracosgaya.com.ar\/tipoblog\/2014\/wp-content\/uploads\/2014\/11\/4-221x300.jpg\" alt=\"4\" width=\"221\" height=\"300\" srcset=\"https:\/\/www.catedracosgaya.com.ar\/tipoblog\/2014\/wp-content\/uploads\/2014\/11\/4-221x300.jpg 221w, https:\/\/www.catedracosgaya.com.ar\/tipoblog\/2014\/wp-content\/uploads\/2014\/11\/4.jpg 598w\" sizes=\"auto, (max-width: 221px) 100vw, 221px\" \/><\/a>El sumario ha sido modificado tambi\u00e9n. Se mantiene la nueva marca y su disposici\u00f3n en la parte superior de la hoja, pero en el redise\u00f1o, est\u00e1 ubicada con mucho m\u00e1s aire que en la anterior. La foto principal var\u00eda tambi\u00e9n, ya que en la primera se refiere a la nota principal, y en la segunda, se privilegia el contenido de la imagen por sobre la informaci\u00f3n. El sumario redise\u00f1ado ya no cuenta con el bloque de texto, ni con la lista de notas que parec\u00eda generar un bloque pesado. En cambio, la disposici\u00f3n de la informaci\u00f3n y sus niveles de lectura est\u00e1 manejada en columnas, con variaciones en el peso de la tipograf\u00eda, presentando una clara y organizada lectura.<\/p>\n<p><a href=\"http:\/\/www.catedracosgaya.com.ar\/tipoblog\/2014\/wp-content\/uploads\/2014\/11\/62.jpg\"><img loading=\"lazy\" decoding=\"async\" data-attachment-id=\"5703\" data-permalink=\"https:\/\/www.catedracosgaya.com.ar\/tipoblog\/2014\/se-renueva-la-viva\/attachment\/62\/\" data-orig-file=\"https:\/\/www.catedracosgaya.com.ar\/tipoblog\/2014\/wp-content\/uploads\/2014\/11\/62.jpg\" data-orig-size=\"1180,800\" data-comments-opened=\"0\" data-image-meta=\"{&quot;aperture&quot;:&quot;0&quot;,&quot;credit&quot;:&quot;&quot;,&quot;camera&quot;:&quot;&quot;,&quot;caption&quot;:&quot;&quot;,&quot;created_timestamp&quot;:&quot;0&quot;,&quot;copyright&quot;:&quot;&quot;,&quot;focal_length&quot;:&quot;0&quot;,&quot;iso&quot;:&quot;0&quot;,&quot;shutter_speed&quot;:&quot;0&quot;,&quot;title&quot;:&quot;&quot;}\" data-image-title=\"62\" data-image-description=\"\" data-image-caption=\"\" data-large-file=\"https:\/\/www.catedracosgaya.com.ar\/tipoblog\/2014\/wp-content\/uploads\/2014\/11\/62-1024x694.jpg\" class=\"alignnone size-medium wp-image-5703\" src=\"http:\/\/www.catedracosgaya.com.ar\/tipoblog\/2014\/wp-content\/uploads\/2014\/11\/62-300x203.jpg\" alt=\"62\" width=\"300\" height=\"203\" srcset=\"https:\/\/www.catedracosgaya.com.ar\/tipoblog\/2014\/wp-content\/uploads\/2014\/11\/62-300x203.jpg 300w, https:\/\/www.catedracosgaya.com.ar\/tipoblog\/2014\/wp-content\/uploads\/2014\/11\/62-1024x694.jpg 1024w, https:\/\/www.catedracosgaya.com.ar\/tipoblog\/2014\/wp-content\/uploads\/2014\/11\/62.jpg 1180w\" sizes=\"auto, (max-width: 300px) 100vw, 300px\" \/><\/a><a href=\"http:\/\/www.catedracosgaya.com.ar\/tipoblog\/2014\/wp-content\/uploads\/2014\/11\/9.jpg\"><img loading=\"lazy\" decoding=\"async\" data-attachment-id=\"5702\" data-permalink=\"https:\/\/www.catedracosgaya.com.ar\/tipoblog\/2014\/se-renueva-la-viva\/9-2\/\" data-orig-file=\"https:\/\/www.catedracosgaya.com.ar\/tipoblog\/2014\/wp-content\/uploads\/2014\/11\/9.jpg\" data-orig-size=\"1152,814\" data-comments-opened=\"0\" data-image-meta=\"{&quot;aperture&quot;:&quot;0&quot;,&quot;credit&quot;:&quot;&quot;,&quot;camera&quot;:&quot;&quot;,&quot;caption&quot;:&quot;&quot;,&quot;created_timestamp&quot;:&quot;0&quot;,&quot;copyright&quot;:&quot;&quot;,&quot;focal_length&quot;:&quot;0&quot;,&quot;iso&quot;:&quot;0&quot;,&quot;shutter_speed&quot;:&quot;0&quot;,&quot;title&quot;:&quot;&quot;}\" data-image-title=\"9\" data-image-description=\"\" data-image-caption=\"\" data-large-file=\"https:\/\/www.catedracosgaya.com.ar\/tipoblog\/2014\/wp-content\/uploads\/2014\/11\/9-1024x723.jpg\" class=\"alignnone size-medium wp-image-5702\" src=\"http:\/\/www.catedracosgaya.com.ar\/tipoblog\/2014\/wp-content\/uploads\/2014\/11\/9-300x211.jpg\" alt=\"9\" width=\"300\" height=\"211\" srcset=\"https:\/\/www.catedracosgaya.com.ar\/tipoblog\/2014\/wp-content\/uploads\/2014\/11\/9-300x211.jpg 300w, https:\/\/www.catedracosgaya.com.ar\/tipoblog\/2014\/wp-content\/uploads\/2014\/11\/9-1024x723.jpg 1024w, https:\/\/www.catedracosgaya.com.ar\/tipoblog\/2014\/wp-content\/uploads\/2014\/11\/9.jpg 1152w\" sizes=\"auto, (max-width: 300px) 100vw, 300px\" \/><\/a><\/p>\n<p>Comparando la primera doble p\u00e1gina de las notas principales, se pueden notar cambios sutiles. El foliado y el nombre de la secci\u00f3n pasaron de estar al costado de la primer columna, a la parte inferior de la hoja, perdiendo protagonismo. La capitular pas\u00f3 de ser serif a no serlo, y a ocupar menos espacio con respecto al texto principal. Se mantuvo la disposici\u00f3n de las tres columnas, pero en el redise\u00f1o, son m\u00e1s angostas. El uso de destacados pasa de estar entre el texto, a un espacio rodeado de mucho m\u00e1s blanco. Se utiliza tambi\u00e9n una tipograf\u00eda sin serif, y se emplea un amplio interlineado. En la p\u00e1gina derecha, se mantiene el uso de la fotograf\u00eda, pero en el segundo caso, est\u00e1 intervenida con recursos gestuales, haciendo a la nota m\u00e1s din\u00e1mica. Tambi\u00e9n, la informaci\u00f3n adicional a la imagen cobra m\u00e1s importancia, al estar ubicada en una columna y no en una miscel\u00e1nea como en el primer caso.<\/p>\n<p>A medida que van pasando las hojas de la revista, se pueden ir notando cambios sutiles en el dise\u00f1o, que pueden pasar como imperceptibles a los ojos de los lectores, pero son m\u00e1s que evidentes para los que estamos pendientes del tema. La disposici\u00f3n de los elementos en general resulta m\u00e1s aireada, privilegiando una lectura m\u00e1s clara y un dise\u00f1o tambi\u00e9n m\u00e1s moderno, caracterizado por los amplios interletrados e interlineados, y la utilizaci\u00f3n de los blancos en la p\u00e1gina. El redise\u00f1o permite poder leer la revista de una manera m\u00e1s simple y clara, facilitando su apreciaci\u00f3n.<\/p>\n<p>&nbsp;<\/p>\n","protected":false},"excerpt":{"rendered":"<p>La revista Viva fue redise\u00f1ada en el \u00faltimo mes, alterando el dise\u00f1o de sus p\u00e1ginas y modificando sus contenidos. A continuaci\u00f3n, una breve comparaci\u00f3n entre las ediciones. En el redise\u00f1o, podemos ver principalmente el cambio [&hellip;]<\/p>\n","protected":false},"author":370,"featured_media":5692,"comment_status":"closed","ping_status":"closed","sticky":false,"template":"","format":"standard","meta":{"jetpack_post_was_ever_published":false,"_jetpack_newsletter_access":"","_jetpack_dont_email_post_to_subs":false,"_jetpack_newsletter_tier_id":0,"_jetpack_memberships_contains_paywalled_content":false,"_jetpack_memberships_contains_paid_content":false,"footnotes":""},"categories":[4],"tags":[104,128,22,346,302,42],"class_list":["post-5691","post","type-post","status-publish","format-standard","has-post-thumbnail","hentry","category-revista","tag-editorial","tag-identidad","tag-organizacion","tag-rediseno","tag-revista-2","tag-tipografia"],"jetpack_featured_media_url":"https:\/\/www.catedracosgaya.com.ar\/tipoblog\/2014\/wp-content\/uploads\/2014\/11\/2.jpg","jetpack_shortlink":"https:\/\/wp.me\/p4rrRH-1tN","jetpack_sharing_enabled":true,"_links":{"self":[{"href":"https:\/\/www.catedracosgaya.com.ar\/tipoblog\/2014\/wp-json\/wp\/v2\/posts\/5691","targetHints":{"allow":["GET"]}}],"collection":[{"href":"https:\/\/www.catedracosgaya.com.ar\/tipoblog\/2014\/wp-json\/wp\/v2\/posts"}],"about":[{"href":"https:\/\/www.catedracosgaya.com.ar\/tipoblog\/2014\/wp-json\/wp\/v2\/types\/post"}],"author":[{"embeddable":true,"href":"https:\/\/www.catedracosgaya.com.ar\/tipoblog\/2014\/wp-json\/wp\/v2\/users\/370"}],"replies":[{"embeddable":true,"href":"https:\/\/www.catedracosgaya.com.ar\/tipoblog\/2014\/wp-json\/wp\/v2\/comments?post=5691"}],"version-history":[{"count":9,"href":"https:\/\/www.catedracosgaya.com.ar\/tipoblog\/2014\/wp-json\/wp\/v2\/posts\/5691\/revisions"}],"predecessor-version":[{"id":5707,"href":"https:\/\/www.catedracosgaya.com.ar\/tipoblog\/2014\/wp-json\/wp\/v2\/posts\/5691\/revisions\/5707"}],"wp:featuredmedia":[{"embeddable":true,"href":"https:\/\/www.catedracosgaya.com.ar\/tipoblog\/2014\/wp-json\/wp\/v2\/media\/5692"}],"wp:attachment":[{"href":"https:\/\/www.catedracosgaya.com.ar\/tipoblog\/2014\/wp-json\/wp\/v2\/media?parent=5691"}],"wp:term":[{"taxonomy":"category","embeddable":true,"href":"https:\/\/www.catedracosgaya.com.ar\/tipoblog\/2014\/wp-json\/wp\/v2\/categories?post=5691"},{"taxonomy":"post_tag","embeddable":true,"href":"https:\/\/www.catedracosgaya.com.ar\/tipoblog\/2014\/wp-json\/wp\/v2\/tags?post=5691"}],"curies":[{"name":"wp","href":"https:\/\/api.w.org\/{rel}","templated":true}]}}