{"id":5654,"date":"2014-11-07T09:04:57","date_gmt":"2014-11-07T09:04:57","guid":{"rendered":"http:\/\/www.catedracosgaya.com.ar\/tipoblog\/2014\/?p=5654"},"modified":"2014-11-07T10:05:36","modified_gmt":"2014-11-07T10:05:36","slug":"clandestinas","status":"publish","type":"post","link":"https:\/\/www.catedracosgaya.com.ar\/tipoblog\/2014\/clandestinas\/","title":{"rendered":"Clandestinas"},"content":{"rendered":"<p style=\"text-align: left\">Como sabemos, las revistas en general son realizadas para la transmisi\u00f3n de informaci\u00f3n, diferenci\u00e1ndose de diario por su calidad y la mayor superficie destinada a la gr\u00e1fica. Pero dependiendo de la \u00e9poca y el lugar, la intenci\u00f3n de cada una va m\u00e1s all\u00e1 de informar, se trata de comunicar, expresar y difundir ideolog\u00edas, promover formas de pensamiento y de ver la realidad, a toda una sociedad.<\/p>\n<p style=\"text-align: left\">En los a\u00f1os \u201970, la prensa gr\u00e1fica se convirti\u00f3 en el medio de comunicaci\u00f3n m\u00e1s revolucionario de Argentina. A\u00f1os antes y durante la dictadura militar en nuestro pa\u00eds, ciertos grupos ya empezaban a realizar revistas o diarios clandestinos, que surgen como una forma ilegal pero positiva, de hacer circular sus corrientes pol\u00edticas. Pienso que cada pieza editorial deb\u00eda ser tan fuerte como para reflejar en pocas p\u00e1ginas su propia identidad tan significante como grupo, y tener la capacidad de persuadir e influir sobre la gente no s\u00f3lo para advertir de la realidad que suced\u00eda, sino tambi\u00e9n para generar una conciencia colectiva lo suficientemente s\u00f3lida para que perdure y pueda ser capaz de ser transmitida de boca en boca.<\/p>\n<div id=\"attachment_5670\" style=\"width: 665px\" class=\"wp-caption alignleft\"><a href=\"http:\/\/www.catedracosgaya.com.ar\/tipoblog\/2014\/wp-content\/uploads\/2014\/11\/6-01.jpg\"><img loading=\"lazy\" decoding=\"async\" aria-describedby=\"caption-attachment-5670\" data-attachment-id=\"5670\" data-permalink=\"https:\/\/www.catedracosgaya.com.ar\/tipoblog\/2014\/clandestinas\/6-01\/\" data-orig-file=\"https:\/\/www.catedracosgaya.com.ar\/tipoblog\/2014\/wp-content\/uploads\/2014\/11\/6-01.jpg\" data-orig-size=\"916,414\" data-comments-opened=\"0\" data-image-meta=\"{&quot;aperture&quot;:&quot;0&quot;,&quot;credit&quot;:&quot;&quot;,&quot;camera&quot;:&quot;&quot;,&quot;caption&quot;:&quot;&quot;,&quot;created_timestamp&quot;:&quot;0&quot;,&quot;copyright&quot;:&quot;&quot;,&quot;focal_length&quot;:&quot;0&quot;,&quot;iso&quot;:&quot;0&quot;,&quot;shutter_speed&quot;:&quot;0&quot;,&quot;title&quot;:&quot;&quot;}\" data-image-title=\"6-01\" data-image-description=\"\" data-image-caption=\"\" data-large-file=\"https:\/\/www.catedracosgaya.com.ar\/tipoblog\/2014\/wp-content\/uploads\/2014\/11\/6-01.jpg\" class=\"wp-image-5670 \" src=\"http:\/\/www.catedracosgaya.com.ar\/tipoblog\/2014\/wp-content\/uploads\/2014\/11\/6-01.jpg\" alt=\"6-01\" width=\"655\" height=\"296\" srcset=\"https:\/\/www.catedracosgaya.com.ar\/tipoblog\/2014\/wp-content\/uploads\/2014\/11\/6-01.jpg 916w, https:\/\/www.catedracosgaya.com.ar\/tipoblog\/2014\/wp-content\/uploads\/2014\/11\/6-01-300x135.jpg 300w\" sizes=\"auto, (max-width: 655px) 100vw, 655px\" \/><\/a><p id=\"caption-attachment-5670\" class=\"wp-caption-text\"><em>Serie de tapas revista<\/em>: \u201cEl Descamisado\u201d (1973 \u2013 1974). Public\u00f3 47 n\u00fameros y lleg\u00f3 a una tirada de 100.000 ejemplares. Lanzada y difundida por la organizaci\u00f3n montonera.<\/p><\/div>\n<p><strong>Herramienta de poder<\/strong><\/p>\n<p style=\"text-align: left\">El hecho de que est\u00e9n censuradas y por esto hacerlas clandestinamente, uno puede reconocer el alto grado de poder y el nivel de eficacia que ten\u00edan las revistas por sobre la sociedad. Es destacable como los periodistas, editores y dise\u00f1adores capaces de arriesgar sus vidas y las de sus familias en cada publicaci\u00f3n, elaboraban un discurso cr\u00edtico sobre el delicado momento en el que se viv\u00eda como resistencia ante la opresi\u00f3n y la dominaci\u00f3n dictatorial. No ten\u00edan en cuenta los grandes gastos econ\u00f3micos ni los peligros a los que se afrontaban, porque, seg\u00fan mi punto de vista, el objetivo principal era claro, directo, y lo val\u00eda, utilizaban la revista como un arma democr\u00e1tica, un medio de formaci\u00f3n y orientaci\u00f3n ideol\u00f3gica que servir\u00eda como herramienta trascendental en la lucha por la liberaci\u00f3n nacional. La aprovechaban para expandir fronteras y fortalecer sus teor\u00edas, para ir m\u00e1s all\u00e1 del n\u00facleo militante y llegar a la mayor cantidad de personas. Desde el exilio ciertas personalidades hac\u00edan circular las revistas y lograban hacer conocer la realidad argentina en otros pa\u00edses y as\u00ed exponer a los culpables.<\/p>\n<div id=\"attachment_5665\" style=\"width: 667px\" class=\"wp-caption alignleft\"><a href=\"http:\/\/www.catedracosgaya.com.ar\/tipoblog\/2014\/wp-content\/uploads\/2014\/11\/5-01.jpg\"><img loading=\"lazy\" decoding=\"async\" aria-describedby=\"caption-attachment-5665\" data-attachment-id=\"5665\" data-permalink=\"https:\/\/www.catedracosgaya.com.ar\/tipoblog\/2014\/clandestinas\/5-01\/\" data-orig-file=\"https:\/\/www.catedracosgaya.com.ar\/tipoblog\/2014\/wp-content\/uploads\/2014\/11\/5-01.jpg\" data-orig-size=\"681,319\" data-comments-opened=\"0\" data-image-meta=\"{&quot;aperture&quot;:&quot;0&quot;,&quot;credit&quot;:&quot;&quot;,&quot;camera&quot;:&quot;&quot;,&quot;caption&quot;:&quot;&quot;,&quot;created_timestamp&quot;:&quot;0&quot;,&quot;copyright&quot;:&quot;&quot;,&quot;focal_length&quot;:&quot;0&quot;,&quot;iso&quot;:&quot;0&quot;,&quot;shutter_speed&quot;:&quot;0&quot;,&quot;title&quot;:&quot;&quot;}\" data-image-title=\"5-01\" data-image-description=\"\" data-image-caption=\"\" data-large-file=\"https:\/\/www.catedracosgaya.com.ar\/tipoblog\/2014\/wp-content\/uploads\/2014\/11\/5-01.jpg\" class=\"wp-image-5665 \" src=\"http:\/\/www.catedracosgaya.com.ar\/tipoblog\/2014\/wp-content\/uploads\/2014\/11\/5-01.jpg\" alt=\"5-01\" width=\"657\" height=\"308\" srcset=\"https:\/\/www.catedracosgaya.com.ar\/tipoblog\/2014\/wp-content\/uploads\/2014\/11\/5-01.jpg 681w, https:\/\/www.catedracosgaya.com.ar\/tipoblog\/2014\/wp-content\/uploads\/2014\/11\/5-01-300x140.jpg 300w\" sizes=\"auto, (max-width: 657px) 100vw, 657px\" \/><\/a><p id=\"caption-attachment-5665\" class=\"wp-caption-text\"><em>ANCLA<\/em> (1976 &#8211; 1977) fue la agencia de noticias clandestina creada por el periodista y escritor Rodolfo Walsh, militante en el sector de inteligencia como oficial segundo. En muchas ocasiones sus publicaciones lograron paralizar alguna estrategia de aniquilamiento.<\/p><\/div>\n<p><strong>Para Cerrar<\/strong><\/p>\n<p>Es incalculable la cantidad de pensamientos que se pueden revolucionar y despertar a partir de una serie de publicaciones en una simple revista, se redactan editoriales que se condicen con una manera de mirar la realidad y una propuesta para modificarla. Por esto no es casualidad que en un hecho social de tal magnitud como lo fue la dictadura militar en Argentina (y como seguramente lo debe haber sido en el surgimiento de grandes movimientos mundialmente\u00a0reconocidos), haya sido el medio de comunicaci\u00f3n m\u00e1s concurrido clandestinamente para modificar la situaci\u00f3n social, pol\u00edtica y cultural.<\/p>\n","protected":false},"excerpt":{"rendered":"<p>\u00bfQu\u00e9 tan importantes pueden llegar a ser las revistas para una sociedad? Para explicarlo mejor y darnos cuenta de esta dimensi\u00f3n: revistas ilegales utilizadas como instrumentos para una revoluci\u00f3n pol\u00edtica y social, en \u00e9pocas de censura y represi\u00f3n.  <\/p>\n","protected":false},"author":366,"featured_media":5656,"comment_status":"closed","ping_status":"closed","sticky":false,"template":"","format":"standard","meta":{"jetpack_post_was_ever_published":false,"_jetpack_newsletter_access":"","_jetpack_dont_email_post_to_subs":false,"_jetpack_newsletter_tier_id":0,"_jetpack_memberships_contains_paywalled_content":false,"_jetpack_memberships_contains_paid_content":false,"footnotes":""},"categories":[4],"tags":[312,343,344,302,345],"class_list":["post-5654","post","type-post","status-publish","format-standard","has-post-thumbnail","hentry","category-revista","tag-censura","tag-clandestinas","tag-poder","tag-revista-2","tag-revolucion"],"jetpack_featured_media_url":"https:\/\/www.catedracosgaya.com.ar\/tipoblog\/2014\/wp-content\/uploads\/2014\/11\/desca24.jpg","jetpack_shortlink":"https:\/\/wp.me\/p4rrRH-1tc","jetpack_sharing_enabled":true,"_links":{"self":[{"href":"https:\/\/www.catedracosgaya.com.ar\/tipoblog\/2014\/wp-json\/wp\/v2\/posts\/5654","targetHints":{"allow":["GET"]}}],"collection":[{"href":"https:\/\/www.catedracosgaya.com.ar\/tipoblog\/2014\/wp-json\/wp\/v2\/posts"}],"about":[{"href":"https:\/\/www.catedracosgaya.com.ar\/tipoblog\/2014\/wp-json\/wp\/v2\/types\/post"}],"author":[{"embeddable":true,"href":"https:\/\/www.catedracosgaya.com.ar\/tipoblog\/2014\/wp-json\/wp\/v2\/users\/366"}],"replies":[{"embeddable":true,"href":"https:\/\/www.catedracosgaya.com.ar\/tipoblog\/2014\/wp-json\/wp\/v2\/comments?post=5654"}],"version-history":[{"count":18,"href":"https:\/\/www.catedracosgaya.com.ar\/tipoblog\/2014\/wp-json\/wp\/v2\/posts\/5654\/revisions"}],"predecessor-version":[{"id":5685,"href":"https:\/\/www.catedracosgaya.com.ar\/tipoblog\/2014\/wp-json\/wp\/v2\/posts\/5654\/revisions\/5685"}],"wp:featuredmedia":[{"embeddable":true,"href":"https:\/\/www.catedracosgaya.com.ar\/tipoblog\/2014\/wp-json\/wp\/v2\/media\/5656"}],"wp:attachment":[{"href":"https:\/\/www.catedracosgaya.com.ar\/tipoblog\/2014\/wp-json\/wp\/v2\/media?parent=5654"}],"wp:term":[{"taxonomy":"category","embeddable":true,"href":"https:\/\/www.catedracosgaya.com.ar\/tipoblog\/2014\/wp-json\/wp\/v2\/categories?post=5654"},{"taxonomy":"post_tag","embeddable":true,"href":"https:\/\/www.catedracosgaya.com.ar\/tipoblog\/2014\/wp-json\/wp\/v2\/tags?post=5654"}],"curies":[{"name":"wp","href":"https:\/\/api.w.org\/{rel}","templated":true}]}}