{"id":5606,"date":"2014-11-06T09:48:42","date_gmt":"2014-11-06T09:48:42","guid":{"rendered":"http:\/\/www.catedracosgaya.com.ar\/tipoblog\/2014\/?p=5606"},"modified":"2014-11-06T09:48:42","modified_gmt":"2014-11-06T09:48:42","slug":"el-concepto","status":"publish","type":"post","link":"https:\/\/www.catedracosgaya.com.ar\/tipoblog\/2014\/el-concepto\/","title":{"rendered":"El concepto: fundamentando mi trabajo"},"content":{"rendered":"<p>A la hora de encarar la revista los profesores insistieron en la b\u00fasqueda de un concepto en el que se centrar\u00eda cada una de las decisiones propuestas de ah\u00ed en adelante.<\/p>\n<p>El concepto no es s\u00f3lo una excusa para generar gr\u00e1fica, sino que nos da las herramientas para que un proyecto tenga una identidad propia que lo diferencie de los dem\u00e1s y que genere atracci\u00f3n o rechazo. Estos condimentos son necesarios si queremos que nuestra revista se sostenga por s\u00ed sola.<\/p>\n<p>A lo largo de la cursada se vieron y se ver\u00e1n trabajos sin tal concepto. Numerosas fueron las veces en el a\u00f1o en las que se habl\u00f3 de plagio por esa bendita\/maldita vidriera. \u00a0Se trata de trabajos que son est\u00e9ticamente vistosos pero que carecen de una identidad que los separe de un trabajo vecino, o que rescatan de otro lugar \u2013que bien podemos llamar <em>referente<\/em>\u2013 esa est\u00e9tica pero que, sin su fundamento, hace que tales recursos terminen en un trabajo hueco, vac\u00edo. \u00a0Les falta esa previa conceptualizaci\u00f3n de la idea a expresar que evite que el proyecto caiga en una gr\u00e1fica atractiva sin una<strong> idea singular que la sostenga<\/strong>.<\/p>\n<p><a href=\"http:\/\/www.catedracosgaya.com.ar\/tipoblog\/2014\/wp-content\/uploads\/2014\/11\/helvetica1.jpg\"><img loading=\"lazy\" decoding=\"async\" data-attachment-id=\"5620\" data-permalink=\"https:\/\/www.catedracosgaya.com.ar\/tipoblog\/2014\/el-concepto\/helvetica1\/\" data-orig-file=\"https:\/\/www.catedracosgaya.com.ar\/tipoblog\/2014\/wp-content\/uploads\/2014\/11\/helvetica1.jpg\" data-orig-size=\"600,398\" data-comments-opened=\"0\" data-image-meta=\"{&quot;aperture&quot;:&quot;0&quot;,&quot;credit&quot;:&quot;&quot;,&quot;camera&quot;:&quot;&quot;,&quot;caption&quot;:&quot;&quot;,&quot;created_timestamp&quot;:&quot;0&quot;,&quot;copyright&quot;:&quot;&quot;,&quot;focal_length&quot;:&quot;0&quot;,&quot;iso&quot;:&quot;0&quot;,&quot;shutter_speed&quot;:&quot;0&quot;,&quot;title&quot;:&quot;&quot;}\" data-image-title=\"helvetica1\" data-image-description=\"\" data-image-caption=\"\" data-large-file=\"https:\/\/www.catedracosgaya.com.ar\/tipoblog\/2014\/wp-content\/uploads\/2014\/11\/helvetica1.jpg\" class=\"aligncenter size-full wp-image-5620\" src=\"http:\/\/www.catedracosgaya.com.ar\/tipoblog\/2014\/wp-content\/uploads\/2014\/11\/helvetica1.jpg\" alt=\"helvetica1\" width=\"600\" height=\"398\" srcset=\"https:\/\/www.catedracosgaya.com.ar\/tipoblog\/2014\/wp-content\/uploads\/2014\/11\/helvetica1.jpg 600w, https:\/\/www.catedracosgaya.com.ar\/tipoblog\/2014\/wp-content\/uploads\/2014\/11\/helvetica1-300x199.jpg 300w\" sizes=\"auto, (max-width: 600px) 100vw, 600px\" \/><\/a><\/p>\n<p>Ahora, \u00bfc\u00f3mo se llega a un concepto lo suficientemente estable que me de los recursos necesarios para que mi proyecto se sirva de soporte a s\u00ed mismo?<\/p>\n<p>Nosotros empezamos detallando un mapa mental en el que bocetamos un nombre que le dar\u00eda identidad a la revista, seguido de un conjunto de posibles notas y secciones. As\u00ed, quedaron definidos una serie de puntos tales como de qu\u00e9\u00a0temas trata, a qui\u00e9n est\u00e1 dirigida la revista y c\u00f3mo se\u00a0expresa\u00a0a tal receptor.<\/p>\n<p><strong>\u00bfQu\u00e9?-<\/strong>\u00a0Aclarar cu\u00e1l es nuestro objetivo a alcanzar. La idea o conjunto de ideas que nos permita cumplir tal objetivo.<\/p>\n<p><strong>\u00bfQui\u00e9n?<\/strong>&#8211; Establecer el target de la revista. Definir c\u00f3mo ser\u00eda el lector ideal, qu\u00e9 piensa, c\u00f3mo vive, qu\u00e9 hace.<\/p>\n<p><strong>\u00bfC\u00f3mo?<\/strong>&#8211;\u00a0\u00c9sto nos ayudar\u00e1 a definir el lenguaje a utilizar. Aqu\u00ed hago referencia tanto al texto de las notas (\u00bfser\u00e1n redactadas en un tono ir\u00f3nico, estableciendo una relaci\u00f3n igualitaria con el lector? \u00bfo buscar\u00e1n la objetividad y pondr\u00e1n a la revista como poseedora de <em>la<\/em> verdad?) como a las im\u00e1genes (\u00bfqu\u00e9 tipo de im\u00e1genes ser\u00e1n? \u00bftendr\u00e1n un tratamiento gr\u00e1fico? \u00bfc\u00f3mo se relacionar\u00e1n estos elementos con el concepto?).<\/p>\n<p><a href=\"http:\/\/www.catedracosgaya.com.ar\/tipoblog\/2014\/wp-content\/uploads\/2014\/11\/crowd.jpg\"><img loading=\"lazy\" decoding=\"async\" data-attachment-id=\"5631\" data-permalink=\"https:\/\/www.catedracosgaya.com.ar\/tipoblog\/2014\/el-concepto\/crowd\/\" data-orig-file=\"https:\/\/www.catedracosgaya.com.ar\/tipoblog\/2014\/wp-content\/uploads\/2014\/11\/crowd.jpg\" data-orig-size=\"779,763\" data-comments-opened=\"0\" data-image-meta=\"{&quot;aperture&quot;:&quot;0&quot;,&quot;credit&quot;:&quot;&quot;,&quot;camera&quot;:&quot;&quot;,&quot;caption&quot;:&quot;&quot;,&quot;created_timestamp&quot;:&quot;0&quot;,&quot;copyright&quot;:&quot;&quot;,&quot;focal_length&quot;:&quot;0&quot;,&quot;iso&quot;:&quot;0&quot;,&quot;shutter_speed&quot;:&quot;0&quot;,&quot;title&quot;:&quot;&quot;}\" data-image-title=\"crowd\" data-image-description=\"\" data-image-caption=\"\" data-large-file=\"https:\/\/www.catedracosgaya.com.ar\/tipoblog\/2014\/wp-content\/uploads\/2014\/11\/crowd.jpg\" class=\"aligncenter size-full wp-image-5631\" src=\"http:\/\/www.catedracosgaya.com.ar\/tipoblog\/2014\/wp-content\/uploads\/2014\/11\/crowd.jpg\" alt=\"crowd\" width=\"779\" height=\"763\" srcset=\"https:\/\/www.catedracosgaya.com.ar\/tipoblog\/2014\/wp-content\/uploads\/2014\/11\/crowd.jpg 779w, https:\/\/www.catedracosgaya.com.ar\/tipoblog\/2014\/wp-content\/uploads\/2014\/11\/crowd-300x293.jpg 300w\" sizes=\"auto, (max-width: 779px) 100vw, 779px\" \/><\/a><\/p>\n<p>Ya definido mi concepto, es ahora cuando puedo definir mis referentes. S\u00e9 d\u00f3nde buscar porque s\u00e9 qu\u00e9 buscar. Qu\u00e9 universo de gr\u00e1fica encuentro pertinente para lo que quiero expresar. Con qu\u00e9 paleta de recursos me encuentro ahora que defin\u00ed qu\u00e9 y c\u00f3mo lo quiero decir.<\/p>\n<p>\u00a1Gracias por leer!<\/p>\n","protected":false},"excerpt":{"rendered":"<p>Muchas veces caemos en el error de trabajar sin un concepto para luego ver c\u00f3mo todas nuestras decisiones se caen. Otras, se nos dificulta enfrentarnos a una hoja en blanco y no sabemos de d\u00f3nde sacar inspiraci\u00f3n. En este post quiero remarcar la importancia del concepto tanto para ayudarnos a trabajar como para definir el trabajo y lograr que se sostenga a s\u00ed mismo.<\/p>\n","protected":false},"author":363,"featured_media":5631,"comment_status":"closed","ping_status":"closed","sticky":false,"template":"","format":"standard","meta":{"jetpack_post_was_ever_published":false,"_jetpack_newsletter_access":"","_jetpack_dont_email_post_to_subs":false,"_jetpack_newsletter_tier_id":0,"_jetpack_memberships_contains_paywalled_content":false,"_jetpack_memberships_contains_paid_content":false,"footnotes":""},"categories":[4],"tags":[334,336,335,337,302],"class_list":["post-5606","post","type-post","status-publish","format-standard","has-post-thumbnail","hentry","category-revista","tag-concepto","tag-creacion","tag-idea","tag-mapa-mental","tag-revista-2"],"jetpack_featured_media_url":"https:\/\/www.catedracosgaya.com.ar\/tipoblog\/2014\/wp-content\/uploads\/2014\/11\/crowd.jpg","jetpack_shortlink":"https:\/\/wp.me\/p4rrRH-1sq","jetpack_sharing_enabled":true,"_links":{"self":[{"href":"https:\/\/www.catedracosgaya.com.ar\/tipoblog\/2014\/wp-json\/wp\/v2\/posts\/5606","targetHints":{"allow":["GET"]}}],"collection":[{"href":"https:\/\/www.catedracosgaya.com.ar\/tipoblog\/2014\/wp-json\/wp\/v2\/posts"}],"about":[{"href":"https:\/\/www.catedracosgaya.com.ar\/tipoblog\/2014\/wp-json\/wp\/v2\/types\/post"}],"author":[{"embeddable":true,"href":"https:\/\/www.catedracosgaya.com.ar\/tipoblog\/2014\/wp-json\/wp\/v2\/users\/363"}],"replies":[{"embeddable":true,"href":"https:\/\/www.catedracosgaya.com.ar\/tipoblog\/2014\/wp-json\/wp\/v2\/comments?post=5606"}],"version-history":[{"count":26,"href":"https:\/\/www.catedracosgaya.com.ar\/tipoblog\/2014\/wp-json\/wp\/v2\/posts\/5606\/revisions"}],"predecessor-version":[{"id":5636,"href":"https:\/\/www.catedracosgaya.com.ar\/tipoblog\/2014\/wp-json\/wp\/v2\/posts\/5606\/revisions\/5636"}],"wp:featuredmedia":[{"embeddable":true,"href":"https:\/\/www.catedracosgaya.com.ar\/tipoblog\/2014\/wp-json\/wp\/v2\/media\/5631"}],"wp:attachment":[{"href":"https:\/\/www.catedracosgaya.com.ar\/tipoblog\/2014\/wp-json\/wp\/v2\/media?parent=5606"}],"wp:term":[{"taxonomy":"category","embeddable":true,"href":"https:\/\/www.catedracosgaya.com.ar\/tipoblog\/2014\/wp-json\/wp\/v2\/categories?post=5606"},{"taxonomy":"post_tag","embeddable":true,"href":"https:\/\/www.catedracosgaya.com.ar\/tipoblog\/2014\/wp-json\/wp\/v2\/tags?post=5606"}],"curies":[{"name":"wp","href":"https:\/\/api.w.org\/{rel}","templated":true}]}}