{"id":5570,"date":"2014-11-04T22:20:23","date_gmt":"2014-11-04T22:20:23","guid":{"rendered":"http:\/\/www.catedracosgaya.com.ar\/tipoblog\/2014\/?p=5570"},"modified":"2014-11-04T22:20:23","modified_gmt":"2014-11-04T22:20:23","slug":"mi-investigacion-sobre-portada-y-sumario","status":"publish","type":"post","link":"https:\/\/www.catedracosgaya.com.ar\/tipoblog\/2014\/mi-investigacion-sobre-portada-y-sumario\/","title":{"rendered":"Mi investigaci\u00f3n sobre portada y sumario"},"content":{"rendered":"<p>Me centre en hacer una investigaci\u00f3n del punto de conexi\u00f3n de la portada y el sumario.<\/p>\n<p>Empezando por el concepto de \u201csumario\u201d en el diccionario dice: del lat\u00edn <em>summarium<\/em>, el t\u00e9rmino hace referencia al <a href=\"http:\/\/definicion.de\/resumen\/\">resumen<\/a>, compendio o suma de algo. Los sumarios son los espacios informativos, con una diversidad de contenidos que presentan todo lo que el lector va a encontrar en la revista y tener una idea de lo que va a tratar cada nota. Para comenzar con una revista se debe tener en cuenta ciertas decisiones que le dan identidad, se debe hacer una selecci\u00f3n de tipograf\u00edas, jerarquitas y tama\u00f1os de la fuente, organizaci\u00f3n de texto, colores de t\u00edtulos, columnas etc. Es recomendable para algunos dise\u00f1adores comenzar con el sumario. Yo lo considero una zona de una libertad de estructura, donde se toman decisiones que luego se podr\u00edan retomar en el interior de la revista d\u00e1ndole identidad.<\/p>\n<p>Me pareci\u00f3 indicado hacer una reflexi\u00f3n de \u201ccu\u00e1l es la funci\u00f3n de la portada y el sumario\u201d con la revista \u201cNational Geographic\u201d, que comenz\u00f3 en el a\u00f1o 1888 y contin\u00faa en la actualidad. Anteriormente en el a\u00f1o 1890, se comenz\u00f3 a publicar la revista donde el \u201ccontenido\u201d ( en la actualidad sumario) se mostraba en la portada. Podemos ver adem\u00e1s una diferencia importante en la elecci\u00f3n de los colores y el dominio de la tipograf\u00eda con una ilustraci\u00f3n que la acompa\u00f1aba. La tipograf\u00eda ocupaba casi toda la portada. Tomando el principal protagonismo.<\/p>\n<div id=\"attachment_5571\" style=\"width: 430px\" class=\"wp-caption aligncenter\"><a href=\"http:\/\/www.catedracosgaya.com.ar\/tipoblog\/2014\/wp-content\/uploads\/2014\/11\/imagen-1.jpg\"><img loading=\"lazy\" decoding=\"async\" aria-describedby=\"caption-attachment-5571\" data-attachment-id=\"5571\" data-permalink=\"https:\/\/www.catedracosgaya.com.ar\/tipoblog\/2014\/mi-investigacion-sobre-portada-y-sumario\/imagen-1\/\" data-orig-file=\"https:\/\/www.catedracosgaya.com.ar\/tipoblog\/2014\/wp-content\/uploads\/2014\/11\/imagen-1.jpg\" data-orig-size=\"420,710\" data-comments-opened=\"0\" data-image-meta=\"{&quot;aperture&quot;:&quot;0&quot;,&quot;credit&quot;:&quot;&quot;,&quot;camera&quot;:&quot;&quot;,&quot;caption&quot;:&quot;&quot;,&quot;created_timestamp&quot;:&quot;0&quot;,&quot;copyright&quot;:&quot;&quot;,&quot;focal_length&quot;:&quot;0&quot;,&quot;iso&quot;:&quot;0&quot;,&quot;shutter_speed&quot;:&quot;0&quot;,&quot;title&quot;:&quot;&quot;}\" data-image-title=\"National Geographic \" data-image-description=\"\" data-image-caption=\"&lt;p&gt;primer numero del a\u00f1o 1988&lt;\/p&gt;\n\" data-large-file=\"https:\/\/www.catedracosgaya.com.ar\/tipoblog\/2014\/wp-content\/uploads\/2014\/11\/imagen-1.jpg\" class=\"wp-image-5571 size-full\" src=\"http:\/\/www.catedracosgaya.com.ar\/tipoblog\/2014\/wp-content\/uploads\/2014\/11\/imagen-1.jpg\" alt=\"\" width=\"420\" height=\"710\" srcset=\"https:\/\/www.catedracosgaya.com.ar\/tipoblog\/2014\/wp-content\/uploads\/2014\/11\/imagen-1.jpg 420w, https:\/\/www.catedracosgaya.com.ar\/tipoblog\/2014\/wp-content\/uploads\/2014\/11\/imagen-1-177x300.jpg 177w\" sizes=\"auto, (max-width: 420px) 100vw, 420px\" \/><\/a><p id=\"caption-attachment-5571\" class=\"wp-caption-text\">1- Uno de los primeros numeros de la revista,\u00a0 del a\u00f1o 1988<\/p><\/div>\n<div id=\"attachment_5574\" style=\"width: 430px\" class=\"wp-caption aligncenter\"><a href=\"http:\/\/www.catedracosgaya.com.ar\/tipoblog\/2014\/wp-content\/uploads\/2014\/11\/imagen-4-primera-con-remarco-amarillo.jpg\"><img loading=\"lazy\" decoding=\"async\" aria-describedby=\"caption-attachment-5574\" data-attachment-id=\"5574\" data-permalink=\"https:\/\/www.catedracosgaya.com.ar\/tipoblog\/2014\/mi-investigacion-sobre-portada-y-sumario\/imagen-4-primera-con-remarco-amarillo\/\" data-orig-file=\"https:\/\/www.catedracosgaya.com.ar\/tipoblog\/2014\/wp-content\/uploads\/2014\/11\/imagen-4-primera-con-remarco-amarillo.jpg\" data-orig-size=\"420,630\" data-comments-opened=\"0\" data-image-meta=\"{&quot;aperture&quot;:&quot;0&quot;,&quot;credit&quot;:&quot;&quot;,&quot;camera&quot;:&quot;&quot;,&quot;caption&quot;:&quot;&quot;,&quot;created_timestamp&quot;:&quot;0&quot;,&quot;copyright&quot;:&quot;&quot;,&quot;focal_length&quot;:&quot;0&quot;,&quot;iso&quot;:&quot;0&quot;,&quot;shutter_speed&quot;:&quot;0&quot;,&quot;title&quot;:&quot;&quot;}\" data-image-title=\"imagen 4 primera con remarco amarillo\" data-image-description=\"\" data-image-caption=\"\" data-large-file=\"https:\/\/www.catedracosgaya.com.ar\/tipoblog\/2014\/wp-content\/uploads\/2014\/11\/imagen-4-primera-con-remarco-amarillo.jpg\" class=\"wp-image-5574 size-full\" src=\"http:\/\/www.catedracosgaya.com.ar\/tipoblog\/2014\/wp-content\/uploads\/2014\/11\/imagen-4-primera-con-remarco-amarillo.jpg\" alt=\"\" width=\"420\" height=\"630\" srcset=\"https:\/\/www.catedracosgaya.com.ar\/tipoblog\/2014\/wp-content\/uploads\/2014\/11\/imagen-4-primera-con-remarco-amarillo.jpg 420w, https:\/\/www.catedracosgaya.com.ar\/tipoblog\/2014\/wp-content\/uploads\/2014\/11\/imagen-4-primera-con-remarco-amarillo-200x300.jpg 200w\" sizes=\"auto, (max-width: 420px) 100vw, 420px\" \/><\/a><p id=\"caption-attachment-5574\" class=\"wp-caption-text\">2- Primer lanzamiento de la revista con el marco amarillo, que es uno de los puntos con mayor identidad de esta revista<\/p><\/div>\n<p>La estructura del contenido en la portada es una de los puntos de la revista que m\u00e1s capto mi atenci\u00f3n. En el a\u00f1o 1959 (imagen 3) Se edito la primera versi\u00f3n de la revista en la cual se mostraba el contenido acompa\u00f1ado con una imagen. En un principio la imagen solo ocupaba una parte de la tapa, dividiendo un espacio en paralelo con la puesta tipogr\u00e1fica. Despu\u00e9s al pasar los n\u00fameros y los a\u00f1os, la imagen fue tomando m\u00e1s protagonismo. Luego Comenz\u00f3 con algunos n\u00fameros sacados con fotograf\u00edas a partir del a\u00f1o 1960.<\/p>\n<div id=\"attachment_5575\" style=\"width: 429px\" class=\"wp-caption aligncenter\"><a href=\"http:\/\/www.catedracosgaya.com.ar\/tipoblog\/2014\/wp-content\/uploads\/2014\/11\/imagen-5.jpg\"><img loading=\"lazy\" decoding=\"async\" aria-describedby=\"caption-attachment-5575\" data-attachment-id=\"5575\" data-permalink=\"https:\/\/www.catedracosgaya.com.ar\/tipoblog\/2014\/mi-investigacion-sobre-portada-y-sumario\/imagen-5-2\/\" data-orig-file=\"https:\/\/www.catedracosgaya.com.ar\/tipoblog\/2014\/wp-content\/uploads\/2014\/11\/imagen-5.jpg\" data-orig-size=\"419,634\" data-comments-opened=\"0\" data-image-meta=\"{&quot;aperture&quot;:&quot;0&quot;,&quot;credit&quot;:&quot;&quot;,&quot;camera&quot;:&quot;&quot;,&quot;caption&quot;:&quot;&quot;,&quot;created_timestamp&quot;:&quot;0&quot;,&quot;copyright&quot;:&quot;&quot;,&quot;focal_length&quot;:&quot;0&quot;,&quot;iso&quot;:&quot;0&quot;,&quot;shutter_speed&quot;:&quot;0&quot;,&quot;title&quot;:&quot;&quot;}\" data-image-title=\"imagen 5\" data-image-description=\"\" data-image-caption=\"\" data-large-file=\"https:\/\/www.catedracosgaya.com.ar\/tipoblog\/2014\/wp-content\/uploads\/2014\/11\/imagen-5.jpg\" class=\"wp-image-5575 size-full\" src=\"http:\/\/www.catedracosgaya.com.ar\/tipoblog\/2014\/wp-content\/uploads\/2014\/11\/imagen-5.jpg\" alt=\"\" width=\"419\" height=\"634\" srcset=\"https:\/\/www.catedracosgaya.com.ar\/tipoblog\/2014\/wp-content\/uploads\/2014\/11\/imagen-5.jpg 419w, https:\/\/www.catedracosgaya.com.ar\/tipoblog\/2014\/wp-content\/uploads\/2014\/11\/imagen-5-198x300.jpg 198w\" sizes=\"auto, (max-width: 419px) 100vw, 419px\" \/><\/a><p id=\"caption-attachment-5575\" class=\"wp-caption-text\">3- Primera version de la revista con imagen en la portada.<\/p><\/div>\n<div id=\"attachment_5576\" style=\"width: 429px\" class=\"wp-caption aligncenter\"><a href=\"http:\/\/www.catedracosgaya.com.ar\/tipoblog\/2014\/wp-content\/uploads\/2014\/11\/imagen-6.jpg\"><img loading=\"lazy\" decoding=\"async\" aria-describedby=\"caption-attachment-5576\" data-attachment-id=\"5576\" data-permalink=\"https:\/\/www.catedracosgaya.com.ar\/tipoblog\/2014\/mi-investigacion-sobre-portada-y-sumario\/imagen-6-2\/\" data-orig-file=\"https:\/\/www.catedracosgaya.com.ar\/tipoblog\/2014\/wp-content\/uploads\/2014\/11\/imagen-6.jpg\" data-orig-size=\"419,634\" data-comments-opened=\"0\" data-image-meta=\"{&quot;aperture&quot;:&quot;0&quot;,&quot;credit&quot;:&quot;&quot;,&quot;camera&quot;:&quot;&quot;,&quot;caption&quot;:&quot;&quot;,&quot;created_timestamp&quot;:&quot;0&quot;,&quot;copyright&quot;:&quot;&quot;,&quot;focal_length&quot;:&quot;0&quot;,&quot;iso&quot;:&quot;0&quot;,&quot;shutter_speed&quot;:&quot;0&quot;,&quot;title&quot;:&quot;&quot;}\" data-image-title=\"imagen 6\" data-image-description=\"\" data-image-caption=\"\" data-large-file=\"https:\/\/www.catedracosgaya.com.ar\/tipoblog\/2014\/wp-content\/uploads\/2014\/11\/imagen-6.jpg\" class=\"wp-image-5576 size-full\" src=\"http:\/\/www.catedracosgaya.com.ar\/tipoblog\/2014\/wp-content\/uploads\/2014\/11\/imagen-6.jpg\" alt=\"\" width=\"419\" height=\"634\" srcset=\"https:\/\/www.catedracosgaya.com.ar\/tipoblog\/2014\/wp-content\/uploads\/2014\/11\/imagen-6.jpg 419w, https:\/\/www.catedracosgaya.com.ar\/tipoblog\/2014\/wp-content\/uploads\/2014\/11\/imagen-6-198x300.jpg 198w\" sizes=\"auto, (max-width: 419px) 100vw, 419px\" \/><\/a><p id=\"caption-attachment-5576\" class=\"wp-caption-text\">4- portada con una fotografia .<\/p><\/div>\n<div id=\"attachment_5577\" style=\"width: 208px\" class=\"wp-caption aligncenter\"><a href=\"http:\/\/www.catedracosgaya.com.ar\/tipoblog\/2014\/wp-content\/uploads\/2014\/11\/imagen-7.jpg\"><img loading=\"lazy\" decoding=\"async\" aria-describedby=\"caption-attachment-5577\" data-attachment-id=\"5577\" data-permalink=\"https:\/\/www.catedracosgaya.com.ar\/tipoblog\/2014\/mi-investigacion-sobre-portada-y-sumario\/imagen-7-3\/\" data-orig-file=\"https:\/\/www.catedracosgaya.com.ar\/tipoblog\/2014\/wp-content\/uploads\/2014\/11\/imagen-7.jpg\" data-orig-size=\"419,634\" data-comments-opened=\"0\" data-image-meta=\"{&quot;aperture&quot;:&quot;0&quot;,&quot;credit&quot;:&quot;&quot;,&quot;camera&quot;:&quot;&quot;,&quot;caption&quot;:&quot;&quot;,&quot;created_timestamp&quot;:&quot;0&quot;,&quot;copyright&quot;:&quot;&quot;,&quot;focal_length&quot;:&quot;0&quot;,&quot;iso&quot;:&quot;0&quot;,&quot;shutter_speed&quot;:&quot;0&quot;,&quot;title&quot;:&quot;&quot;}\" data-image-title=\"imagen 7\" data-image-description=\"\" data-image-caption=\"\" data-large-file=\"https:\/\/www.catedracosgaya.com.ar\/tipoblog\/2014\/wp-content\/uploads\/2014\/11\/imagen-7.jpg\" class=\"wp-image-5577 size-medium\" src=\"http:\/\/www.catedracosgaya.com.ar\/tipoblog\/2014\/wp-content\/uploads\/2014\/11\/imagen-7-198x300.jpg\" alt=\"\" width=\"198\" height=\"300\" srcset=\"https:\/\/www.catedracosgaya.com.ar\/tipoblog\/2014\/wp-content\/uploads\/2014\/11\/imagen-7-198x300.jpg 198w, https:\/\/www.catedracosgaya.com.ar\/tipoblog\/2014\/wp-content\/uploads\/2014\/11\/imagen-7.jpg 419w\" sizes=\"auto, (max-width: 198px) 100vw, 198px\" \/><\/a><p id=\"caption-attachment-5577\" class=\"wp-caption-text\">5- Portada del a\u00f1o 1962<\/p><\/div>\n<p>En el a\u00f1o 1962 (imagen 5) la imagen domin\u00f3 toda la tapa de la revista, con la diferencia de las versiones anteriores en el sentido de que despues\u00a0 de esta versi\u00f3n, se empezo a hacer una selecci\u00f3n del \u201ccontenido\u201d (o \u00edndice que estuvo siempre en la tapa), y se empez\u00f3 a utilizar solo los t\u00edtulos m\u00e1s relevantes de la revista. Despu\u00e9s y teniendo como punto de partida eso, se termin\u00f3 de notar en los 80 una generaci\u00f3n de puestas tipogr\u00e1ficas, con una jerarqu\u00eda y ubicaci\u00f3n m\u00e1s atractiva y estructurada.<\/p>\n<div id=\"attachment_5579\" style=\"width: 429px\" class=\"wp-caption aligncenter\"><a href=\"http:\/\/www.catedracosgaya.com.ar\/tipoblog\/2014\/wp-content\/uploads\/2014\/11\/imagen-8.jpg\"><img loading=\"lazy\" decoding=\"async\" aria-describedby=\"caption-attachment-5579\" data-attachment-id=\"5579\" data-permalink=\"https:\/\/www.catedracosgaya.com.ar\/tipoblog\/2014\/mi-investigacion-sobre-portada-y-sumario\/imagen-8-2\/\" data-orig-file=\"https:\/\/www.catedracosgaya.com.ar\/tipoblog\/2014\/wp-content\/uploads\/2014\/11\/imagen-8.jpg\" data-orig-size=\"419,634\" data-comments-opened=\"0\" data-image-meta=\"{&quot;aperture&quot;:&quot;0&quot;,&quot;credit&quot;:&quot;&quot;,&quot;camera&quot;:&quot;&quot;,&quot;caption&quot;:&quot;&quot;,&quot;created_timestamp&quot;:&quot;0&quot;,&quot;copyright&quot;:&quot;&quot;,&quot;focal_length&quot;:&quot;0&quot;,&quot;iso&quot;:&quot;0&quot;,&quot;shutter_speed&quot;:&quot;0&quot;,&quot;title&quot;:&quot;&quot;}\" data-image-title=\"imagen 8\" data-image-description=\"\" data-image-caption=\"\" data-large-file=\"https:\/\/www.catedracosgaya.com.ar\/tipoblog\/2014\/wp-content\/uploads\/2014\/11\/imagen-8.jpg\" class=\"wp-image-5579 size-full\" src=\"http:\/\/www.catedracosgaya.com.ar\/tipoblog\/2014\/wp-content\/uploads\/2014\/11\/imagen-8.jpg\" alt=\"\" width=\"419\" height=\"634\" srcset=\"https:\/\/www.catedracosgaya.com.ar\/tipoblog\/2014\/wp-content\/uploads\/2014\/11\/imagen-8.jpg 419w, https:\/\/www.catedracosgaya.com.ar\/tipoblog\/2014\/wp-content\/uploads\/2014\/11\/imagen-8-198x300.jpg 198w\" sizes=\"auto, (max-width: 419px) 100vw, 419px\" \/><\/a><p id=\"caption-attachment-5579\" class=\"wp-caption-text\">6- La portada, del a\u00f1o 1963, tiene una estructura tipogr\u00e1fica acompa\u00f1ado con una imagen muy pregnante, que me parecio muy interesante.<\/p><\/div>\n<div id=\"attachment_5580\" style=\"width: 429px\" class=\"wp-caption aligncenter\"><a href=\"http:\/\/www.catedracosgaya.com.ar\/tipoblog\/2014\/wp-content\/uploads\/2014\/11\/imagen-9.jpg\"><img loading=\"lazy\" decoding=\"async\" aria-describedby=\"caption-attachment-5580\" data-attachment-id=\"5580\" data-permalink=\"https:\/\/www.catedracosgaya.com.ar\/tipoblog\/2014\/mi-investigacion-sobre-portada-y-sumario\/imagen-9\/\" data-orig-file=\"https:\/\/www.catedracosgaya.com.ar\/tipoblog\/2014\/wp-content\/uploads\/2014\/11\/imagen-9.jpg\" data-orig-size=\"419,634\" data-comments-opened=\"0\" data-image-meta=\"{&quot;aperture&quot;:&quot;0&quot;,&quot;credit&quot;:&quot;&quot;,&quot;camera&quot;:&quot;&quot;,&quot;caption&quot;:&quot;&quot;,&quot;created_timestamp&quot;:&quot;0&quot;,&quot;copyright&quot;:&quot;&quot;,&quot;focal_length&quot;:&quot;0&quot;,&quot;iso&quot;:&quot;0&quot;,&quot;shutter_speed&quot;:&quot;0&quot;,&quot;title&quot;:&quot;&quot;}\" data-image-title=\"imagen 9\" data-image-description=\"\" data-image-caption=\"\" data-large-file=\"https:\/\/www.catedracosgaya.com.ar\/tipoblog\/2014\/wp-content\/uploads\/2014\/11\/imagen-9.jpg\" class=\"wp-image-5580 size-full\" src=\"http:\/\/www.catedracosgaya.com.ar\/tipoblog\/2014\/wp-content\/uploads\/2014\/11\/imagen-9.jpg\" alt=\"imagen 9\" width=\"419\" height=\"634\" srcset=\"https:\/\/www.catedracosgaya.com.ar\/tipoblog\/2014\/wp-content\/uploads\/2014\/11\/imagen-9.jpg 419w, https:\/\/www.catedracosgaya.com.ar\/tipoblog\/2014\/wp-content\/uploads\/2014\/11\/imagen-9-198x300.jpg 198w\" sizes=\"auto, (max-width: 419px) 100vw, 419px\" \/><\/a><p id=\"caption-attachment-5580\" class=\"wp-caption-text\">7- Portada a\u00f1o 1969, se empezo a generar puestas tipograficas y de imagen m\u00e1s interesantes.<\/p><\/div>\n<div id=\"attachment_5581\" style=\"width: 429px\" class=\"wp-caption aligncenter\"><a href=\"http:\/\/www.catedracosgaya.com.ar\/tipoblog\/2014\/wp-content\/uploads\/2014\/11\/imagen-10.jpg\"><img loading=\"lazy\" decoding=\"async\" aria-describedby=\"caption-attachment-5581\" data-attachment-id=\"5581\" data-permalink=\"https:\/\/www.catedracosgaya.com.ar\/tipoblog\/2014\/mi-investigacion-sobre-portada-y-sumario\/imagen-10\/\" data-orig-file=\"https:\/\/www.catedracosgaya.com.ar\/tipoblog\/2014\/wp-content\/uploads\/2014\/11\/imagen-10.jpg\" data-orig-size=\"419,634\" data-comments-opened=\"0\" data-image-meta=\"{&quot;aperture&quot;:&quot;0&quot;,&quot;credit&quot;:&quot;&quot;,&quot;camera&quot;:&quot;&quot;,&quot;caption&quot;:&quot;&quot;,&quot;created_timestamp&quot;:&quot;0&quot;,&quot;copyright&quot;:&quot;&quot;,&quot;focal_length&quot;:&quot;0&quot;,&quot;iso&quot;:&quot;0&quot;,&quot;shutter_speed&quot;:&quot;0&quot;,&quot;title&quot;:&quot;&quot;}\" data-image-title=\"imagen 10\" data-image-description=\"\" data-image-caption=\"\" data-large-file=\"https:\/\/www.catedracosgaya.com.ar\/tipoblog\/2014\/wp-content\/uploads\/2014\/11\/imagen-10.jpg\" class=\"wp-image-5581 size-full\" src=\"http:\/\/www.catedracosgaya.com.ar\/tipoblog\/2014\/wp-content\/uploads\/2014\/11\/imagen-10.jpg\" alt=\"\" width=\"419\" height=\"634\" srcset=\"https:\/\/www.catedracosgaya.com.ar\/tipoblog\/2014\/wp-content\/uploads\/2014\/11\/imagen-10.jpg 419w, https:\/\/www.catedracosgaya.com.ar\/tipoblog\/2014\/wp-content\/uploads\/2014\/11\/imagen-10-198x300.jpg 198w\" sizes=\"auto, (max-width: 419px) 100vw, 419px\" \/><\/a><p id=\"caption-attachment-5581\" class=\"wp-caption-text\">8- Portada a\u00f1o 1981, en los a\u00f1os 80 se comenzo a tapar con la imagen el nombre de la revista, generandole una identidad mas atractiva y distinguida.<\/p><\/div>\n<div id=\"attachment_5582\" style=\"width: 630px\" class=\"wp-caption aligncenter\"><a href=\"http:\/\/www.catedracosgaya.com.ar\/tipoblog\/2014\/wp-content\/uploads\/2014\/11\/imagen-11-Portada-1997-620x896.jpg\"><img loading=\"lazy\" decoding=\"async\" aria-describedby=\"caption-attachment-5582\" data-attachment-id=\"5582\" data-permalink=\"https:\/\/www.catedracosgaya.com.ar\/tipoblog\/2014\/mi-investigacion-sobre-portada-y-sumario\/imagen-11-portada-1997-620x896\/\" data-orig-file=\"https:\/\/www.catedracosgaya.com.ar\/tipoblog\/2014\/wp-content\/uploads\/2014\/11\/imagen-11-Portada-1997-620x896.jpg\" data-orig-size=\"620,896\" data-comments-opened=\"0\" data-image-meta=\"{&quot;aperture&quot;:&quot;0&quot;,&quot;credit&quot;:&quot;&quot;,&quot;camera&quot;:&quot;&quot;,&quot;caption&quot;:&quot;&quot;,&quot;created_timestamp&quot;:&quot;0&quot;,&quot;copyright&quot;:&quot;&quot;,&quot;focal_length&quot;:&quot;0&quot;,&quot;iso&quot;:&quot;0&quot;,&quot;shutter_speed&quot;:&quot;0&quot;,&quot;title&quot;:&quot;&quot;}\" data-image-title=\"imagen 11 Portada-1997-620&amp;#215;896\" data-image-description=\"\" data-image-caption=\"\" data-large-file=\"https:\/\/www.catedracosgaya.com.ar\/tipoblog\/2014\/wp-content\/uploads\/2014\/11\/imagen-11-Portada-1997-620x896.jpg\" class=\"wp-image-5582 size-full\" src=\"http:\/\/www.catedracosgaya.com.ar\/tipoblog\/2014\/wp-content\/uploads\/2014\/11\/imagen-11-Portada-1997-620x896.jpg\" alt=\"imagen 11 Portada-1997-620x896\" width=\"620\" height=\"896\" srcset=\"https:\/\/www.catedracosgaya.com.ar\/tipoblog\/2014\/wp-content\/uploads\/2014\/11\/imagen-11-Portada-1997-620x896.jpg 620w, https:\/\/www.catedracosgaya.com.ar\/tipoblog\/2014\/wp-content\/uploads\/2014\/11\/imagen-11-Portada-1997-620x896-207x300.jpg 207w\" sizes=\"auto, (max-width: 620px) 100vw, 620px\" \/><\/a><p id=\"caption-attachment-5582\" class=\"wp-caption-text\">Imagen 9<\/p><\/div>\n<div id=\"attachment_5583\" style=\"width: 630px\" class=\"wp-caption aligncenter\"><a href=\"http:\/\/www.catedracosgaya.com.ar\/tipoblog\/2014\/wp-content\/uploads\/2014\/11\/imagen-12-Portada-2010-620x910.jpg\"><img loading=\"lazy\" decoding=\"async\" aria-describedby=\"caption-attachment-5583\" data-attachment-id=\"5583\" data-permalink=\"https:\/\/www.catedracosgaya.com.ar\/tipoblog\/2014\/mi-investigacion-sobre-portada-y-sumario\/imagen-12-portada-2010-620x910\/\" data-orig-file=\"https:\/\/www.catedracosgaya.com.ar\/tipoblog\/2014\/wp-content\/uploads\/2014\/11\/imagen-12-Portada-2010-620x910.jpg\" data-orig-size=\"620,910\" data-comments-opened=\"0\" data-image-meta=\"{&quot;aperture&quot;:&quot;0&quot;,&quot;credit&quot;:&quot;&quot;,&quot;camera&quot;:&quot;&quot;,&quot;caption&quot;:&quot;&quot;,&quot;created_timestamp&quot;:&quot;0&quot;,&quot;copyright&quot;:&quot;&quot;,&quot;focal_length&quot;:&quot;0&quot;,&quot;iso&quot;:&quot;0&quot;,&quot;shutter_speed&quot;:&quot;0&quot;,&quot;title&quot;:&quot;&quot;}\" data-image-title=\"imagen 12 Portada-2010-620&amp;#215;910\" data-image-description=\"\" data-image-caption=\"\" data-large-file=\"https:\/\/www.catedracosgaya.com.ar\/tipoblog\/2014\/wp-content\/uploads\/2014\/11\/imagen-12-Portada-2010-620x910.jpg\" class=\"wp-image-5583 size-full\" src=\"http:\/\/www.catedracosgaya.com.ar\/tipoblog\/2014\/wp-content\/uploads\/2014\/11\/imagen-12-Portada-2010-620x910.jpg\" alt=\"imagen 12 Portada-2010-620x910\" width=\"620\" height=\"910\" srcset=\"https:\/\/www.catedracosgaya.com.ar\/tipoblog\/2014\/wp-content\/uploads\/2014\/11\/imagen-12-Portada-2010-620x910.jpg 620w, https:\/\/www.catedracosgaya.com.ar\/tipoblog\/2014\/wp-content\/uploads\/2014\/11\/imagen-12-Portada-2010-620x910-204x300.jpg 204w\" sizes=\"auto, (max-width: 620px) 100vw, 620px\" \/><\/a><p id=\"caption-attachment-5583\" class=\"wp-caption-text\">imagen 10<\/p><\/div>\n<p>A fines de la d\u00e9cada del 60 y a principios del 80 la revista ya ten\u00eda una identidad muy similar a la actual. Aunque podemos notar una diferencia importante en la imagen 6 y 10, en cuanto a la jerarqu\u00eda de los textos (tama\u00f1o, color, puesta tipogr\u00e1fica) y el protagonismo que toma la imagen.<\/p>\n<p>Pero fue en la d\u00e9cada del 80 cuando comenz\u00f3 a hacerse com\u00fan que se presente un previo de cada art\u00edculo en el sumario. En un principio era solo un listado muy similar a un \u00edndice, acompa\u00f1ado con una ilustraci\u00f3n del contenido de la portada (esto comenz\u00f3 en la d\u00e9cada del 60, a seleccionarse que contenido poner en la tapa y que no, y se empez\u00f3 a poner un \u00edndice en el interior de la revista).<\/p>\n<p>Ya en los 80 se pod\u00eda ver una armon\u00eda en la estructura y juegos tipogr\u00e1ficos muy atractivos similares a la actual. Adem\u00e1s de esto se empez\u00f3 a hacer diferentes estructuras y puestas del sumario en cada n\u00famero de revista.<\/p>\n<p>&nbsp;<\/p>\n<div id=\"attachment_5587\" style=\"width: 630px\" class=\"wp-caption alignnone\"><a href=\"http:\/\/www.catedracosgaya.com.ar\/tipoblog\/2014\/wp-content\/uploads\/2014\/11\/imagen-15-Sumario-2011-620x972.jpg\"><img loading=\"lazy\" decoding=\"async\" aria-describedby=\"caption-attachment-5587\" data-attachment-id=\"5587\" data-permalink=\"https:\/\/www.catedracosgaya.com.ar\/tipoblog\/2014\/mi-investigacion-sobre-portada-y-sumario\/imagen-15-sumario-2011-620x972\/\" data-orig-file=\"https:\/\/www.catedracosgaya.com.ar\/tipoblog\/2014\/wp-content\/uploads\/2014\/11\/imagen-15-Sumario-2011-620x972.jpg\" data-orig-size=\"620,972\" data-comments-opened=\"0\" data-image-meta=\"{&quot;aperture&quot;:&quot;0&quot;,&quot;credit&quot;:&quot;&quot;,&quot;camera&quot;:&quot;&quot;,&quot;caption&quot;:&quot;&quot;,&quot;created_timestamp&quot;:&quot;0&quot;,&quot;copyright&quot;:&quot;&quot;,&quot;focal_length&quot;:&quot;0&quot;,&quot;iso&quot;:&quot;0&quot;,&quot;shutter_speed&quot;:&quot;0&quot;,&quot;title&quot;:&quot;&quot;}\" data-image-title=\"imagen 15 Sumario-2011-620&amp;#215;972\" data-image-description=\"\" data-image-caption=\"\" data-large-file=\"https:\/\/www.catedracosgaya.com.ar\/tipoblog\/2014\/wp-content\/uploads\/2014\/11\/imagen-15-Sumario-2011-620x972.jpg\" class=\"wp-image-5587 size-full\" src=\"http:\/\/www.catedracosgaya.com.ar\/tipoblog\/2014\/wp-content\/uploads\/2014\/11\/imagen-15-Sumario-2011-620x972.jpg\" alt=\"imagen 15 Sumario-2011-620x972\" width=\"620\" height=\"972\" srcset=\"https:\/\/www.catedracosgaya.com.ar\/tipoblog\/2014\/wp-content\/uploads\/2014\/11\/imagen-15-Sumario-2011-620x972.jpg 620w, https:\/\/www.catedracosgaya.com.ar\/tipoblog\/2014\/wp-content\/uploads\/2014\/11\/imagen-15-Sumario-2011-620x972-191x300.jpg 191w\" sizes=\"auto, (max-width: 620px) 100vw, 620px\" \/><\/a><p id=\"caption-attachment-5587\" class=\"wp-caption-text\">11-Sumario a\u00f1o 2010<\/p><\/div>\n<div id=\"attachment_5588\" style=\"width: 630px\" class=\"wp-caption alignnone\"><a href=\"http:\/\/www.catedracosgaya.com.ar\/tipoblog\/2014\/wp-content\/uploads\/2014\/11\/imagen-16-Sumario-2010-620x950.jpg\"><img loading=\"lazy\" decoding=\"async\" aria-describedby=\"caption-attachment-5588\" data-attachment-id=\"5588\" data-permalink=\"https:\/\/www.catedracosgaya.com.ar\/tipoblog\/2014\/mi-investigacion-sobre-portada-y-sumario\/imagen-16-sumario-2010-620x950\/\" data-orig-file=\"https:\/\/www.catedracosgaya.com.ar\/tipoblog\/2014\/wp-content\/uploads\/2014\/11\/imagen-16-Sumario-2010-620x950.jpg\" data-orig-size=\"620,950\" data-comments-opened=\"0\" data-image-meta=\"{&quot;aperture&quot;:&quot;0&quot;,&quot;credit&quot;:&quot;&quot;,&quot;camera&quot;:&quot;&quot;,&quot;caption&quot;:&quot;&quot;,&quot;created_timestamp&quot;:&quot;0&quot;,&quot;copyright&quot;:&quot;&quot;,&quot;focal_length&quot;:&quot;0&quot;,&quot;iso&quot;:&quot;0&quot;,&quot;shutter_speed&quot;:&quot;0&quot;,&quot;title&quot;:&quot;&quot;}\" data-image-title=\"imagen 16 Sumario-2010-620&amp;#215;950\" data-image-description=\"\" data-image-caption=\"\" data-large-file=\"https:\/\/www.catedracosgaya.com.ar\/tipoblog\/2014\/wp-content\/uploads\/2014\/11\/imagen-16-Sumario-2010-620x950.jpg\" class=\"wp-image-5588 size-full\" src=\"http:\/\/www.catedracosgaya.com.ar\/tipoblog\/2014\/wp-content\/uploads\/2014\/11\/imagen-16-Sumario-2010-620x950.jpg\" alt=\"imagen 16 Sumario-2010-620x950\" width=\"620\" height=\"950\" srcset=\"https:\/\/www.catedracosgaya.com.ar\/tipoblog\/2014\/wp-content\/uploads\/2014\/11\/imagen-16-Sumario-2010-620x950.jpg 620w, https:\/\/www.catedracosgaya.com.ar\/tipoblog\/2014\/wp-content\/uploads\/2014\/11\/imagen-16-Sumario-2010-620x950-195x300.jpg 195w\" sizes=\"auto, (max-width: 620px) 100vw, 620px\" \/><\/a><p id=\"caption-attachment-5588\" class=\"wp-caption-text\">imagen 12<\/p><\/div>\n<p>&nbsp;<\/p>\n<p>Conclusi\u00f3n.<\/p>\n<p>El desarrollo de la tecnolog\u00eda, permiti\u00f3 que la estructura e identidad, junto con las puestas tipogr\u00e1ficas y las im\u00e1genes de esta revista, abrieran paso a la separaci\u00f3n de portada y sumario. El rol de la portada es atrapar la atenci\u00f3n del lector, usando una imagen pregnante y la puesta tipogr\u00e1fica de manera arm\u00f3nica y atractiva. Haciendo finalmente que el sujeto tenga la curiosidad e inter\u00e9s de examinar la revista y visualizar el sumario para terminar de ver de q van a tratar las notas.<\/p>\n<p>&nbsp;<\/p>\n<p>fuentes: <a href=\"http:\/\/www.coverbrowser.com\/covers\/national-geographic\">covers de la revista<\/a>\u00a0<a href=\"http:\/\/issuu.com\/soulatsas\/docs\/national_geographic_1930-12\"> issuu<\/a> \u00a0<a href=\"http:\/\/interdigi.net\/diseditorial2012\/disenando-revista-entorno\/\">Analisis editorial<\/a><\/p>\n<p>Atte: Analia Serafini<\/p>\n","protected":false},"excerpt":{"rendered":"<p>Me centre en hacer una investigaci\u00f3n del punto de conexi\u00f3n de la portada y el sumario. Empezando por el concepto de \u201csumario\u201d en el diccionario dice: del lat\u00edn summarium, el t\u00e9rmino hace referencia al resumen, [&hellip;]<\/p>\n","protected":false},"author":358,"featured_media":5591,"comment_status":"closed","ping_status":"closed","sticky":false,"template":"","format":"standard","meta":{"jetpack_post_was_ever_published":false,"_jetpack_newsletter_access":"","_jetpack_dont_email_post_to_subs":false,"_jetpack_newsletter_tier_id":0,"_jetpack_memberships_contains_paywalled_content":false,"_jetpack_memberships_contains_paid_content":false,"footnotes":""},"categories":[4],"tags":[],"class_list":["post-5570","post","type-post","status-publish","format-standard","has-post-thumbnail","hentry","category-revista"],"jetpack_featured_media_url":"https:\/\/www.catedracosgaya.com.ar\/tipoblog\/2014\/wp-content\/uploads\/2014\/11\/1099-2.jpg","jetpack_shortlink":"https:\/\/wp.me\/p4rrRH-1rQ","jetpack_sharing_enabled":true,"_links":{"self":[{"href":"https:\/\/www.catedracosgaya.com.ar\/tipoblog\/2014\/wp-json\/wp\/v2\/posts\/5570","targetHints":{"allow":["GET"]}}],"collection":[{"href":"https:\/\/www.catedracosgaya.com.ar\/tipoblog\/2014\/wp-json\/wp\/v2\/posts"}],"about":[{"href":"https:\/\/www.catedracosgaya.com.ar\/tipoblog\/2014\/wp-json\/wp\/v2\/types\/post"}],"author":[{"embeddable":true,"href":"https:\/\/www.catedracosgaya.com.ar\/tipoblog\/2014\/wp-json\/wp\/v2\/users\/358"}],"replies":[{"embeddable":true,"href":"https:\/\/www.catedracosgaya.com.ar\/tipoblog\/2014\/wp-json\/wp\/v2\/comments?post=5570"}],"version-history":[{"count":8,"href":"https:\/\/www.catedracosgaya.com.ar\/tipoblog\/2014\/wp-json\/wp\/v2\/posts\/5570\/revisions"}],"predecessor-version":[{"id":5595,"href":"https:\/\/www.catedracosgaya.com.ar\/tipoblog\/2014\/wp-json\/wp\/v2\/posts\/5570\/revisions\/5595"}],"wp:featuredmedia":[{"embeddable":true,"href":"https:\/\/www.catedracosgaya.com.ar\/tipoblog\/2014\/wp-json\/wp\/v2\/media\/5591"}],"wp:attachment":[{"href":"https:\/\/www.catedracosgaya.com.ar\/tipoblog\/2014\/wp-json\/wp\/v2\/media?parent=5570"}],"wp:term":[{"taxonomy":"category","embeddable":true,"href":"https:\/\/www.catedracosgaya.com.ar\/tipoblog\/2014\/wp-json\/wp\/v2\/categories?post=5570"},{"taxonomy":"post_tag","embeddable":true,"href":"https:\/\/www.catedracosgaya.com.ar\/tipoblog\/2014\/wp-json\/wp\/v2\/tags?post=5570"}],"curies":[{"name":"wp","href":"https:\/\/api.w.org\/{rel}","templated":true}]}}