{"id":5517,"date":"2014-11-04T04:32:12","date_gmt":"2014-11-04T04:32:12","guid":{"rendered":"http:\/\/www.catedracosgaya.com.ar\/tipoblog\/2014\/?p=5517"},"modified":"2014-11-10T07:12:49","modified_gmt":"2014-11-10T07:12:49","slug":"imaginefx-una-revista-magica","status":"publish","type":"post","link":"https:\/\/www.catedracosgaya.com.ar\/tipoblog\/2014\/imaginefx-una-revista-magica\/","title":{"rendered":"ImagineFX: una revista m\u00e1gica."},"content":{"rendered":"<p><a href=\"http:\/\/www.catedracosgaya.com.ar\/tipoblog\/2014\/wp-content\/uploads\/2014\/11\/blog7.png\"><img loading=\"lazy\" decoding=\"async\" data-attachment-id=\"5560\" data-permalink=\"https:\/\/www.catedracosgaya.com.ar\/tipoblog\/2014\/imaginefx-una-revista-magica\/blog7\/\" data-orig-file=\"https:\/\/www.catedracosgaya.com.ar\/tipoblog\/2014\/wp-content\/uploads\/2014\/11\/blog7.png\" data-orig-size=\"647,656\" data-comments-opened=\"0\" data-image-meta=\"{&quot;aperture&quot;:&quot;0&quot;,&quot;credit&quot;:&quot;&quot;,&quot;camera&quot;:&quot;&quot;,&quot;caption&quot;:&quot;&quot;,&quot;created_timestamp&quot;:&quot;0&quot;,&quot;copyright&quot;:&quot;&quot;,&quot;focal_length&quot;:&quot;0&quot;,&quot;iso&quot;:&quot;0&quot;,&quot;shutter_speed&quot;:&quot;0&quot;,&quot;title&quot;:&quot;&quot;}\" data-image-title=\"blog7\" data-image-description=\"\" data-image-caption=\"\" data-large-file=\"https:\/\/www.catedracosgaya.com.ar\/tipoblog\/2014\/wp-content\/uploads\/2014\/11\/blog7.png\" class=\"alignnone size-full wp-image-5560\" src=\"http:\/\/www.catedracosgaya.com.ar\/tipoblog\/2014\/wp-content\/uploads\/2014\/11\/blog7.png\" alt=\"blog7\" width=\"647\" height=\"656\" srcset=\"https:\/\/www.catedracosgaya.com.ar\/tipoblog\/2014\/wp-content\/uploads\/2014\/11\/blog7.png 647w, https:\/\/www.catedracosgaya.com.ar\/tipoblog\/2014\/wp-content\/uploads\/2014\/11\/blog7-295x300.png 295w\" sizes=\"auto, (max-width: 647px) 100vw, 647px\" \/><\/a><em><strong>ImagineFX<\/strong><\/em> es una revista digital de arte y dise\u00f1o, la cual destaca talleres y entrevistas con artistas y dise\u00f1adores de alta y baja gama de la ciencia ficci\u00f3n, la fantas\u00eda, manga, anime, disciplinas animosas, c\u00f3micas. Es publicada en Bath,\u00a0una ciudad en el condado ceremonial de Somerset, en el sudoeste de Inglaterra,\u00a0por el estudio Future PLC, desde enero de 2006. Su foco principal son los talleres, destacados en la segunda mitad de la revista, y grandes artistas como Ryan Church, Jonny Duddle, Martin Bland y Henning Ludvigsen contribuyen en ellos. Viene junto con\u00a0un DVD que incluye los archivos de taller, los cuales\u00a0se relacionan con las clases tutoriales, as\u00ed como el material gr\u00e1fico de lectores, demos de programas, fuentes gratuitas, texturas, im\u00e1genes y pinceles de Photoshop. Cada mes, la revista destaca una entrevista con artistas como Alan Lee, Larry Elmore, Frank Frazetta y Jim Burns. Sin embargo, no s\u00f3lo es su estilo gr\u00e1fico de diagramaci\u00f3n lo que la hace especial, sino el hecho de que brinda la oportunidad a artistas y dise\u00f1adores de todo el mundo de ofrecer su arte, sin importar el pa\u00eds en el que se encuentren, y expresarlo ante las dem\u00e1s personas para llegar a\u00fan m\u00e1s lejos. Publicita a artistas menores, pero destacados y talentosos; les obsequia\u00a0una chance para exponer sus <em>portfolios<\/em> y buscar ofertas de trabajo, o para que las m\u00e1s importantes animadoras y\/o empresas de dise\u00f1o les contacten a trav\u00e9s de sus p\u00e1ginas o los datos que ellos mismos ofrezcan. <em><strong>Ejemplos de publicidad a artistas no reconocidos:<\/strong><\/em><a href=\"http:\/\/www.catedracosgaya.com.ar\/tipoblog\/2014\/wp-content\/uploads\/2014\/11\/blog.png\"><img loading=\"lazy\" decoding=\"async\" data-attachment-id=\"5523\" data-permalink=\"https:\/\/www.catedracosgaya.com.ar\/tipoblog\/2014\/imaginefx-una-revista-magica\/blog-2\/\" data-orig-file=\"https:\/\/www.catedracosgaya.com.ar\/tipoblog\/2014\/wp-content\/uploads\/2014\/11\/blog.png\" data-orig-size=\"647,1020\" data-comments-opened=\"0\" data-image-meta=\"{&quot;aperture&quot;:&quot;0&quot;,&quot;credit&quot;:&quot;&quot;,&quot;camera&quot;:&quot;&quot;,&quot;caption&quot;:&quot;&quot;,&quot;created_timestamp&quot;:&quot;0&quot;,&quot;copyright&quot;:&quot;&quot;,&quot;focal_length&quot;:&quot;0&quot;,&quot;iso&quot;:&quot;0&quot;,&quot;shutter_speed&quot;:&quot;0&quot;,&quot;title&quot;:&quot;&quot;}\" data-image-title=\"blog\" data-image-description=\"\" data-image-caption=\"\" data-large-file=\"https:\/\/www.catedracosgaya.com.ar\/tipoblog\/2014\/wp-content\/uploads\/2014\/11\/blog.png\" class=\"alignnone size-full wp-image-5523\" src=\"http:\/\/www.catedracosgaya.com.ar\/tipoblog\/2014\/wp-content\/uploads\/2014\/11\/blog.png\" alt=\"blog\" width=\"647\" height=\"1020\" srcset=\"https:\/\/www.catedracosgaya.com.ar\/tipoblog\/2014\/wp-content\/uploads\/2014\/11\/blog.png 647w, https:\/\/www.catedracosgaya.com.ar\/tipoblog\/2014\/wp-content\/uploads\/2014\/11\/blog-190x300.png 190w\" sizes=\"auto, (max-width: 647px) 100vw, 647px\" \/><\/a> No s\u00f3lo los editores son quienes ponen en pr\u00e1ctica esto, sino que tambi\u00e9n los artistas que colaboran en la conformaci\u00f3n de la revista opinan sobre los trabajos de aquellos que aguardan se reconocidos, donde, la mayor\u00eda del tiempo, todas son visiones positivas y alentadoras. En el mismo ejemplar, uno de los artistas expertos invitados expone un tutorial paso a paso de doble p\u00e1gina, donde ense\u00f1a y explica con lujo de detalle, a quienes reci\u00e9n empiezan, c\u00f3mo realizar la pieza que ilustra la tapa de la revista. <em><strong>Ejemplo de tutoriales paso a paso:<\/strong><\/em> <a href=\"http:\/\/www.catedracosgaya.com.ar\/tipoblog\/2014\/wp-content\/uploads\/2014\/11\/blog2.png\"><img loading=\"lazy\" decoding=\"async\" data-attachment-id=\"5527\" data-permalink=\"https:\/\/www.catedracosgaya.com.ar\/tipoblog\/2014\/imaginefx-una-revista-magica\/blog2\/\" data-orig-file=\"https:\/\/www.catedracosgaya.com.ar\/tipoblog\/2014\/wp-content\/uploads\/2014\/11\/blog2.png\" data-orig-size=\"647,1200\" data-comments-opened=\"0\" data-image-meta=\"{&quot;aperture&quot;:&quot;0&quot;,&quot;credit&quot;:&quot;&quot;,&quot;camera&quot;:&quot;&quot;,&quot;caption&quot;:&quot;&quot;,&quot;created_timestamp&quot;:&quot;0&quot;,&quot;copyright&quot;:&quot;&quot;,&quot;focal_length&quot;:&quot;0&quot;,&quot;iso&quot;:&quot;0&quot;,&quot;shutter_speed&quot;:&quot;0&quot;,&quot;title&quot;:&quot;&quot;}\" data-image-title=\"blog2\" data-image-description=\"\" data-image-caption=\"\" data-large-file=\"https:\/\/www.catedracosgaya.com.ar\/tipoblog\/2014\/wp-content\/uploads\/2014\/11\/blog2-552x1024.png\" class=\"alignnone size-full wp-image-5527\" src=\"http:\/\/www.catedracosgaya.com.ar\/tipoblog\/2014\/wp-content\/uploads\/2014\/11\/blog2.png\" alt=\"blog2\" width=\"647\" height=\"1200\" srcset=\"https:\/\/www.catedracosgaya.com.ar\/tipoblog\/2014\/wp-content\/uploads\/2014\/11\/blog2.png 647w, https:\/\/www.catedracosgaya.com.ar\/tipoblog\/2014\/wp-content\/uploads\/2014\/11\/blog2-161x300.png 161w, https:\/\/www.catedracosgaya.com.ar\/tipoblog\/2014\/wp-content\/uploads\/2014\/11\/blog2-552x1024.png 552w\" sizes=\"auto, (max-width: 647px) 100vw, 647px\" \/><\/a> <a href=\"http:\/\/www.catedracosgaya.com.ar\/tipoblog\/2014\/wp-content\/uploads\/2014\/11\/blog3.png\"><img loading=\"lazy\" decoding=\"async\" data-attachment-id=\"5528\" data-permalink=\"https:\/\/www.catedracosgaya.com.ar\/tipoblog\/2014\/imaginefx-una-revista-magica\/blog3\/\" data-orig-file=\"https:\/\/www.catedracosgaya.com.ar\/tipoblog\/2014\/wp-content\/uploads\/2014\/11\/blog3.png\" data-orig-size=\"647,465\" data-comments-opened=\"0\" data-image-meta=\"{&quot;aperture&quot;:&quot;0&quot;,&quot;credit&quot;:&quot;&quot;,&quot;camera&quot;:&quot;&quot;,&quot;caption&quot;:&quot;&quot;,&quot;created_timestamp&quot;:&quot;0&quot;,&quot;copyright&quot;:&quot;&quot;,&quot;focal_length&quot;:&quot;0&quot;,&quot;iso&quot;:&quot;0&quot;,&quot;shutter_speed&quot;:&quot;0&quot;,&quot;title&quot;:&quot;&quot;}\" data-image-title=\"blog3\" data-image-description=\"\" data-image-caption=\"\" data-large-file=\"https:\/\/www.catedracosgaya.com.ar\/tipoblog\/2014\/wp-content\/uploads\/2014\/11\/blog3.png\" class=\"alignnone size-full wp-image-5528\" src=\"http:\/\/www.catedracosgaya.com.ar\/tipoblog\/2014\/wp-content\/uploads\/2014\/11\/blog3.png\" alt=\"blog3\" width=\"647\" height=\"465\" srcset=\"https:\/\/www.catedracosgaya.com.ar\/tipoblog\/2014\/wp-content\/uploads\/2014\/11\/blog3.png 647w, https:\/\/www.catedracosgaya.com.ar\/tipoblog\/2014\/wp-content\/uploads\/2014\/11\/blog3-300x215.png 300w\" sizes=\"auto, (max-width: 647px) 100vw, 647px\" \/><\/a> Incluso, da la oportunidad de bajar recursos adjuntos en el DVD por los artistas profesionales, quienes tambi\u00e9n demuestran c\u00f3mo crearlos y aprender a hacer los propios. <strong><i>Ejemplo:<\/i><\/strong> <a href=\"http:\/\/www.catedracosgaya.com.ar\/tipoblog\/2014\/wp-content\/uploads\/2014\/11\/blog4.png\"><img loading=\"lazy\" decoding=\"async\" data-attachment-id=\"5536\" data-permalink=\"https:\/\/www.catedracosgaya.com.ar\/tipoblog\/2014\/imaginefx-una-revista-magica\/blog4\/\" data-orig-file=\"https:\/\/www.catedracosgaya.com.ar\/tipoblog\/2014\/wp-content\/uploads\/2014\/11\/blog4.png\" data-orig-size=\"647,465\" data-comments-opened=\"0\" data-image-meta=\"{&quot;aperture&quot;:&quot;0&quot;,&quot;credit&quot;:&quot;&quot;,&quot;camera&quot;:&quot;&quot;,&quot;caption&quot;:&quot;&quot;,&quot;created_timestamp&quot;:&quot;0&quot;,&quot;copyright&quot;:&quot;&quot;,&quot;focal_length&quot;:&quot;0&quot;,&quot;iso&quot;:&quot;0&quot;,&quot;shutter_speed&quot;:&quot;0&quot;,&quot;title&quot;:&quot;&quot;}\" data-image-title=\"blog4\" data-image-description=\"\" data-image-caption=\"\" data-large-file=\"https:\/\/www.catedracosgaya.com.ar\/tipoblog\/2014\/wp-content\/uploads\/2014\/11\/blog4.png\" class=\"alignnone size-full wp-image-5536\" src=\"http:\/\/www.catedracosgaya.com.ar\/tipoblog\/2014\/wp-content\/uploads\/2014\/11\/blog4.png\" alt=\"blog4\" width=\"647\" height=\"465\" srcset=\"https:\/\/www.catedracosgaya.com.ar\/tipoblog\/2014\/wp-content\/uploads\/2014\/11\/blog4.png 647w, https:\/\/www.catedracosgaya.com.ar\/tipoblog\/2014\/wp-content\/uploads\/2014\/11\/blog4-300x215.png 300w\" sizes=\"auto, (max-width: 647px) 100vw, 647px\" \/><\/a> <a href=\"http:\/\/www.catedracosgaya.com.ar\/tipoblog\/2014\/wp-content\/uploads\/2014\/11\/blog5.png\"><img loading=\"lazy\" decoding=\"async\" data-attachment-id=\"5533\" data-permalink=\"https:\/\/www.catedracosgaya.com.ar\/tipoblog\/2014\/imaginefx-una-revista-magica\/blog5\/\" data-orig-file=\"https:\/\/www.catedracosgaya.com.ar\/tipoblog\/2014\/wp-content\/uploads\/2014\/11\/blog5.png\" data-orig-size=\"647,465\" data-comments-opened=\"0\" data-image-meta=\"{&quot;aperture&quot;:&quot;0&quot;,&quot;credit&quot;:&quot;&quot;,&quot;camera&quot;:&quot;&quot;,&quot;caption&quot;:&quot;&quot;,&quot;created_timestamp&quot;:&quot;0&quot;,&quot;copyright&quot;:&quot;&quot;,&quot;focal_length&quot;:&quot;0&quot;,&quot;iso&quot;:&quot;0&quot;,&quot;shutter_speed&quot;:&quot;0&quot;,&quot;title&quot;:&quot;&quot;}\" data-image-title=\"blog5\" data-image-description=\"\" data-image-caption=\"\" data-large-file=\"https:\/\/www.catedracosgaya.com.ar\/tipoblog\/2014\/wp-content\/uploads\/2014\/11\/blog5.png\" class=\"alignnone size-full wp-image-5533\" src=\"http:\/\/www.catedracosgaya.com.ar\/tipoblog\/2014\/wp-content\/uploads\/2014\/11\/blog5.png\" alt=\"blog5\" width=\"647\" height=\"465\" srcset=\"https:\/\/www.catedracosgaya.com.ar\/tipoblog\/2014\/wp-content\/uploads\/2014\/11\/blog5.png 647w, https:\/\/www.catedracosgaya.com.ar\/tipoblog\/2014\/wp-content\/uploads\/2014\/11\/blog5-300x215.png 300w\" sizes=\"auto, (max-width: 647px) 100vw, 647px\" \/><\/a> <em><strong>En conclusi\u00f3n<\/strong><\/em>, <em>la idea de compartir este n\u00famero es demostrar que las revistas de hoy en d\u00eda pueden ser utilizadas tambi\u00e9n como complemento para fomentar el arte y el dise\u00f1o, en el aprendizaje y la exposici\u00f3n del talento art\u00edstico, ya sean tanto artistas afamados como de los m\u00e1s peque\u00f1os, independientemente de\u00a0que se est\u00e9\u00a0cerca o lejos. En nuestro pa\u00eds, existen muchos de ellos quienes casi siempre se ven limitados a expandirse por la poca importancia y salida laboral que, en este rubro, se presenta.\u00a0Por eso, ImagineFX es un claro ejemplo de que con un poco de esfuerzo y expectativa, el g\u00e9nero de la revista puede ayudarnos tambi\u00e9n para demostrarle al mundo lo que amamos hacer y esperar obtener buenos frutos de ello. \u00a1Ojal\u00e1 disfruten tanto de sus 116 p\u00e1ginas de magia en tinta como yo!\u00a0<\/em> <em><strong>Visit\u00e1la:<\/strong><\/em><\/p>\n<ul>\n<li><strong><a href=\"http:\/\/beta.imaginefx.com\/\">P\u00e1gina oficial<\/a><\/strong><\/li>\n<li><strong><a href=\"http:\/\/www.imaginefx.com\/-2287754330326480692\/Workshops.html\">Workshops<\/a><\/strong><\/li>\n<li><strong><a href=\"https:\/\/www.facebook.com\/imaginefx\">Facebook<\/a><\/strong><\/li>\n<li><strong><a href=\"https:\/\/twitter.com\/imaginefx\">Twitter<\/a><\/strong><\/li>\n<li><strong><a href=\"https:\/\/www.youtube.com\/user\/imaginefx\">YouTube<\/a><\/strong><\/li>\n<\/ul>\n<p>&nbsp;<\/p>\n","protected":false},"excerpt":{"rendered":"<p>ImagineFX es una revista digital de arte y dise\u00f1o, la cual destaca talleres y entrevistas con artistas y dise\u00f1adores de alta y baja gama de la ciencia ficci\u00f3n, la fantas\u00eda, manga, anime, disciplinas animosas, c\u00f3micas. [&hellip;]<\/p>\n","protected":false},"author":357,"featured_media":5565,"comment_status":"closed","ping_status":"closed","sticky":false,"template":"","format":"standard","meta":{"jetpack_post_was_ever_published":false,"_jetpack_newsletter_access":"","_jetpack_dont_email_post_to_subs":false,"_jetpack_newsletter_tier_id":0,"_jetpack_memberships_contains_paywalled_content":false,"_jetpack_memberships_contains_paid_content":false,"footnotes":""},"categories":[4],"tags":[329,330,331,332],"class_list":["post-5517","post","type-post","status-publish","format-standard","has-post-thumbnail","hentry","category-revista","tag-imaginefx","tag-revista-de-artistas","tag-revista-de-disenadores","tag-revista-de-publicidad-artistica"],"jetpack_featured_media_url":"https:\/\/www.catedracosgaya.com.ar\/tipoblog\/2014\/wp-content\/uploads\/2014\/11\/ima.png","jetpack_shortlink":"https:\/\/wp.me\/p4rrRH-1qZ","jetpack_sharing_enabled":true,"_links":{"self":[{"href":"https:\/\/www.catedracosgaya.com.ar\/tipoblog\/2014\/wp-json\/wp\/v2\/posts\/5517","targetHints":{"allow":["GET"]}}],"collection":[{"href":"https:\/\/www.catedracosgaya.com.ar\/tipoblog\/2014\/wp-json\/wp\/v2\/posts"}],"about":[{"href":"https:\/\/www.catedracosgaya.com.ar\/tipoblog\/2014\/wp-json\/wp\/v2\/types\/post"}],"author":[{"embeddable":true,"href":"https:\/\/www.catedracosgaya.com.ar\/tipoblog\/2014\/wp-json\/wp\/v2\/users\/357"}],"replies":[{"embeddable":true,"href":"https:\/\/www.catedracosgaya.com.ar\/tipoblog\/2014\/wp-json\/wp\/v2\/comments?post=5517"}],"version-history":[{"count":24,"href":"https:\/\/www.catedracosgaya.com.ar\/tipoblog\/2014\/wp-json\/wp\/v2\/posts\/5517\/revisions"}],"predecessor-version":[{"id":5688,"href":"https:\/\/www.catedracosgaya.com.ar\/tipoblog\/2014\/wp-json\/wp\/v2\/posts\/5517\/revisions\/5688"}],"wp:featuredmedia":[{"embeddable":true,"href":"https:\/\/www.catedracosgaya.com.ar\/tipoblog\/2014\/wp-json\/wp\/v2\/media\/5565"}],"wp:attachment":[{"href":"https:\/\/www.catedracosgaya.com.ar\/tipoblog\/2014\/wp-json\/wp\/v2\/media?parent=5517"}],"wp:term":[{"taxonomy":"category","embeddable":true,"href":"https:\/\/www.catedracosgaya.com.ar\/tipoblog\/2014\/wp-json\/wp\/v2\/categories?post=5517"},{"taxonomy":"post_tag","embeddable":true,"href":"https:\/\/www.catedracosgaya.com.ar\/tipoblog\/2014\/wp-json\/wp\/v2\/tags?post=5517"}],"curies":[{"name":"wp","href":"https:\/\/api.w.org\/{rel}","templated":true}]}}