{"id":5456,"date":"2014-10-30T01:29:52","date_gmt":"2014-10-30T01:29:52","guid":{"rendered":"http:\/\/www.catedracosgaya.com.ar\/tipoblog\/2014\/?p=5456"},"modified":"2014-10-30T01:30:06","modified_gmt":"2014-10-30T01:30:06","slug":"historia-en-papel","status":"publish","type":"post","link":"https:\/\/www.catedracosgaya.com.ar\/tipoblog\/2014\/historia-en-papel\/","title":{"rendered":"Historia de papel"},"content":{"rendered":"<p>Elegimos el tema de la revista. Investigamos, desarrollamos, hacemos pruebas siempre sobre algo que nos gusta, nos llama la atenci\u00f3n nos parece interesante y el resultado es entretenido conceptualmente. \u00bfY ma\u00f1ana? \u00bfCon qu\u00e9 vamos a trabajar?<\/p>\n<p>Hac\u00eda mucho que no ten\u00eda en mis manos una revista que me interese guardar, no por una tapa linda o una nota especial, sino por el hecho de que en las p\u00e1ginas qued\u00f3 grabado un momento \u00fanico en Argentina y en el mundo que hoy se me hace muy lejano.<\/p>\n<p>Fue impactante escuchar hablar en presente algo que para muchos de nosotros no es m\u00e1s que lo que podemos llegar a imaginar en base a relatos e historias.<\/p>\n<p><a href=\"http:\/\/www.catedracosgaya.com.ar\/tipoblog\/2014\/wp-content\/uploads\/2014\/10\/tapas.jpg\"><img loading=\"lazy\" decoding=\"async\" data-attachment-id=\"5457\" data-permalink=\"https:\/\/www.catedracosgaya.com.ar\/tipoblog\/2014\/historia-en-papel\/tapas-2\/\" data-orig-file=\"https:\/\/www.catedracosgaya.com.ar\/tipoblog\/2014\/wp-content\/uploads\/2014\/10\/tapas.jpg\" data-orig-size=\"1754,1240\" data-comments-opened=\"0\" data-image-meta=\"{&quot;aperture&quot;:&quot;0&quot;,&quot;credit&quot;:&quot;&quot;,&quot;camera&quot;:&quot;&quot;,&quot;caption&quot;:&quot;&quot;,&quot;created_timestamp&quot;:&quot;0&quot;,&quot;copyright&quot;:&quot;&quot;,&quot;focal_length&quot;:&quot;0&quot;,&quot;iso&quot;:&quot;0&quot;,&quot;shutter_speed&quot;:&quot;0&quot;,&quot;title&quot;:&quot;&quot;}\" data-image-title=\"tapas\" data-image-description=\"\" data-image-caption=\"\" data-large-file=\"https:\/\/www.catedracosgaya.com.ar\/tipoblog\/2014\/wp-content\/uploads\/2014\/10\/tapas-1024x723.jpg\" class=\"alignnone  wp-image-5457\" src=\"http:\/\/www.catedracosgaya.com.ar\/tipoblog\/2014\/wp-content\/uploads\/2014\/10\/tapas-300x212.jpg\" alt=\"tapas\" width=\"332\" height=\"235\" srcset=\"https:\/\/www.catedracosgaya.com.ar\/tipoblog\/2014\/wp-content\/uploads\/2014\/10\/tapas-300x212.jpg 300w, https:\/\/www.catedracosgaya.com.ar\/tipoblog\/2014\/wp-content\/uploads\/2014\/10\/tapas-1024x723.jpg 1024w, https:\/\/www.catedracosgaya.com.ar\/tipoblog\/2014\/wp-content\/uploads\/2014\/10\/tapas.jpg 1754w\" sizes=\"auto, (max-width: 332px) 100vw, 332px\" \/><\/a><\/p>\n<p>Ambas sobre el mismo tema y ambas quieren vender. Ninguna se anim\u00f3 a poner a Charly Garc\u00eda o Le\u00f3n Gieco en la tapa y est\u00e1 bien. Las estrellas eran Sting, Springsteen y Gabriel principalmente. Sin embargo en la salta a la vista que mir\u00f3 cada una y cu\u00e1l era su postura.<\/p>\n<p><a href=\"http:\/\/www.catedracosgaya.com.ar\/tipoblog\/2014\/wp-content\/uploads\/2014\/10\/pelo-1.jpg\"><img loading=\"lazy\" decoding=\"async\" data-attachment-id=\"5458\" data-permalink=\"https:\/\/www.catedracosgaya.com.ar\/tipoblog\/2014\/historia-en-papel\/pelo-1\/\" data-orig-file=\"https:\/\/www.catedracosgaya.com.ar\/tipoblog\/2014\/wp-content\/uploads\/2014\/10\/pelo-1.jpg\" data-orig-size=\"1754,1240\" data-comments-opened=\"0\" data-image-meta=\"{&quot;aperture&quot;:&quot;0&quot;,&quot;credit&quot;:&quot;&quot;,&quot;camera&quot;:&quot;&quot;,&quot;caption&quot;:&quot;&quot;,&quot;created_timestamp&quot;:&quot;0&quot;,&quot;copyright&quot;:&quot;&quot;,&quot;focal_length&quot;:&quot;0&quot;,&quot;iso&quot;:&quot;0&quot;,&quot;shutter_speed&quot;:&quot;0&quot;,&quot;title&quot;:&quot;&quot;}\" data-image-title=\"pelo 1\" data-image-description=\"\" data-image-caption=\"\" data-large-file=\"https:\/\/www.catedracosgaya.com.ar\/tipoblog\/2014\/wp-content\/uploads\/2014\/10\/pelo-1-1024x723.jpg\" class=\"alignnone size-medium wp-image-5458\" src=\"http:\/\/www.catedracosgaya.com.ar\/tipoblog\/2014\/wp-content\/uploads\/2014\/10\/pelo-1-300x212.jpg\" alt=\"pelo 1\" width=\"300\" height=\"212\" srcset=\"https:\/\/www.catedracosgaya.com.ar\/tipoblog\/2014\/wp-content\/uploads\/2014\/10\/pelo-1-300x212.jpg 300w, https:\/\/www.catedracosgaya.com.ar\/tipoblog\/2014\/wp-content\/uploads\/2014\/10\/pelo-1-1024x723.jpg 1024w, https:\/\/www.catedracosgaya.com.ar\/tipoblog\/2014\/wp-content\/uploads\/2014\/10\/pelo-1.jpg 1754w\" sizes=\"auto, (max-width: 300px) 100vw, 300px\" \/><\/a><\/p>\n<p>&nbsp;<\/p>\n<p><img loading=\"lazy\" decoding=\"async\" data-attachment-id=\"5460\" data-permalink=\"https:\/\/www.catedracosgaya.com.ar\/tipoblog\/2014\/historia-en-papel\/gente-1-2\/\" data-orig-file=\"https:\/\/www.catedracosgaya.com.ar\/tipoblog\/2014\/wp-content\/uploads\/2014\/10\/gente-11.jpg\" data-orig-size=\"1754,1240\" data-comments-opened=\"0\" data-image-meta=\"{&quot;aperture&quot;:&quot;0&quot;,&quot;credit&quot;:&quot;&quot;,&quot;camera&quot;:&quot;&quot;,&quot;caption&quot;:&quot;&quot;,&quot;created_timestamp&quot;:&quot;0&quot;,&quot;copyright&quot;:&quot;&quot;,&quot;focal_length&quot;:&quot;0&quot;,&quot;iso&quot;:&quot;0&quot;,&quot;shutter_speed&quot;:&quot;0&quot;,&quot;title&quot;:&quot;&quot;}\" data-image-title=\"gente 1\" data-image-description=\"\" data-image-caption=\"\" data-large-file=\"https:\/\/www.catedracosgaya.com.ar\/tipoblog\/2014\/wp-content\/uploads\/2014\/10\/gente-11-1024x723.jpg\" class=\"alignnone size-medium wp-image-5460\" src=\"http:\/\/www.catedracosgaya.com.ar\/tipoblog\/2014\/wp-content\/uploads\/2014\/10\/gente-11-300x212.jpg\" alt=\"gente 1\" width=\"300\" height=\"212\" srcset=\"https:\/\/www.catedracosgaya.com.ar\/tipoblog\/2014\/wp-content\/uploads\/2014\/10\/gente-11-300x212.jpg 300w, https:\/\/www.catedracosgaya.com.ar\/tipoblog\/2014\/wp-content\/uploads\/2014\/10\/gente-11-1024x723.jpg 1024w, https:\/\/www.catedracosgaya.com.ar\/tipoblog\/2014\/wp-content\/uploads\/2014\/10\/gente-11.jpg 1754w\" sizes=\"auto, (max-width: 300px) 100vw, 300px\" \/><\/p>\n<p>Es entendible desde mi punto de vista. Hasta hoy no recuerdo haber visto a \u201cGente\u201d como una fuente interesante de cultura, pero son posturas.<\/p>\n<p>Aunque si llama la atenci\u00f3n ver que toda la revista se dedic\u00f3 a hablar de los artistas extranjeros, casi olvidando la \u201cDeclaraci\u00f3n Universal de los Derechos Humanos\u00bb \u00a0mientras que la mayor parte de \u201cPelo\u201d la ocuparon artistas nacionales o quejas, a veces encubiertas, a veces no tanto, hacia la hipocres\u00eda y\u00a0cholulismo argentino y el aparato comercial que para ellos fue el recital.<\/p>\n<p><a href=\"http:\/\/www.catedracosgaya.com.ar\/tipoblog\/2014\/wp-content\/uploads\/2014\/10\/pelo-2.jpg\"><img loading=\"lazy\" decoding=\"async\" data-attachment-id=\"5461\" data-permalink=\"https:\/\/www.catedracosgaya.com.ar\/tipoblog\/2014\/historia-en-papel\/pelo-2\/\" data-orig-file=\"https:\/\/www.catedracosgaya.com.ar\/tipoblog\/2014\/wp-content\/uploads\/2014\/10\/pelo-2.jpg\" data-orig-size=\"1754,1240\" data-comments-opened=\"0\" data-image-meta=\"{&quot;aperture&quot;:&quot;0&quot;,&quot;credit&quot;:&quot;&quot;,&quot;camera&quot;:&quot;&quot;,&quot;caption&quot;:&quot;&quot;,&quot;created_timestamp&quot;:&quot;0&quot;,&quot;copyright&quot;:&quot;&quot;,&quot;focal_length&quot;:&quot;0&quot;,&quot;iso&quot;:&quot;0&quot;,&quot;shutter_speed&quot;:&quot;0&quot;,&quot;title&quot;:&quot;&quot;}\" data-image-title=\"pelo 2\" data-image-description=\"\" data-image-caption=\"\" data-large-file=\"https:\/\/www.catedracosgaya.com.ar\/tipoblog\/2014\/wp-content\/uploads\/2014\/10\/pelo-2-1024x723.jpg\" class=\"alignnone size-medium wp-image-5461\" src=\"http:\/\/www.catedracosgaya.com.ar\/tipoblog\/2014\/wp-content\/uploads\/2014\/10\/pelo-2-300x212.jpg\" alt=\"pelo 2\" width=\"300\" height=\"212\" srcset=\"https:\/\/www.catedracosgaya.com.ar\/tipoblog\/2014\/wp-content\/uploads\/2014\/10\/pelo-2-300x212.jpg 300w, https:\/\/www.catedracosgaya.com.ar\/tipoblog\/2014\/wp-content\/uploads\/2014\/10\/pelo-2-1024x723.jpg 1024w, https:\/\/www.catedracosgaya.com.ar\/tipoblog\/2014\/wp-content\/uploads\/2014\/10\/pelo-2.jpg 1754w\" sizes=\"auto, (max-width: 300px) 100vw, 300px\" \/><\/a><\/p>\n<p><img loading=\"lazy\" decoding=\"async\" data-attachment-id=\"5462\" data-permalink=\"https:\/\/www.catedracosgaya.com.ar\/tipoblog\/2014\/historia-en-papel\/pelo-3\/\" data-orig-file=\"https:\/\/www.catedracosgaya.com.ar\/tipoblog\/2014\/wp-content\/uploads\/2014\/10\/pelo-3.jpg\" data-orig-size=\"1754,1240\" data-comments-opened=\"0\" data-image-meta=\"{&quot;aperture&quot;:&quot;0&quot;,&quot;credit&quot;:&quot;&quot;,&quot;camera&quot;:&quot;&quot;,&quot;caption&quot;:&quot;&quot;,&quot;created_timestamp&quot;:&quot;0&quot;,&quot;copyright&quot;:&quot;&quot;,&quot;focal_length&quot;:&quot;0&quot;,&quot;iso&quot;:&quot;0&quot;,&quot;shutter_speed&quot;:&quot;0&quot;,&quot;title&quot;:&quot;&quot;}\" data-image-title=\"pelo 3\" data-image-description=\"\" data-image-caption=\"\" data-large-file=\"https:\/\/www.catedracosgaya.com.ar\/tipoblog\/2014\/wp-content\/uploads\/2014\/10\/pelo-3-1024x723.jpg\" class=\"alignnone size-medium wp-image-5462\" src=\"http:\/\/www.catedracosgaya.com.ar\/tipoblog\/2014\/wp-content\/uploads\/2014\/10\/pelo-3-300x212.jpg\" alt=\"pelo 3\" width=\"300\" height=\"212\" srcset=\"https:\/\/www.catedracosgaya.com.ar\/tipoblog\/2014\/wp-content\/uploads\/2014\/10\/pelo-3-300x212.jpg 300w, https:\/\/www.catedracosgaya.com.ar\/tipoblog\/2014\/wp-content\/uploads\/2014\/10\/pelo-3-1024x723.jpg 1024w, https:\/\/www.catedracosgaya.com.ar\/tipoblog\/2014\/wp-content\/uploads\/2014\/10\/pelo-3.jpg 1754w\" sizes=\"auto, (max-width: 300px) 100vw, 300px\" \/>\u00a0Revista \u00abPelo\u00bb<\/p>\n<p>&nbsp;<\/p>\n<p>Y volvemos al presente. \u00bfY ma\u00f1ana? \u00bfCon qu\u00e9 vamos a trabajar?<\/p>\n<p>Vivir en esa \u00e9poca no. Pero \u00bfY si nos toca? \u00bfY si como comunicadores visuales se nos aparece la posibilidad de trabajar la informaci\u00f3n que hoy y quiz\u00e1s a\u00f1os m\u00e1s tarde forme una parte de la historia?<\/p>\n<p>\u00bfPodemos buscar o crear esa posibilidad o elegimos el momento y la moda?<\/p>\n","protected":false},"excerpt":{"rendered":"<p>Elegimos el tema de la revista. Investigamos, desarrollamos, hacemos pruebas siempre sobre algo que nos gusta, nos llama la atenci\u00f3n nos parece interesante y el resultado es entretenido conceptualmente. \u00bfY ma\u00f1ana? \u00bfCon qu\u00e9 vamos a [&hellip;]<\/p>\n","protected":false},"author":350,"featured_media":5461,"comment_status":"closed","ping_status":"closed","sticky":false,"template":"","format":"standard","meta":{"jetpack_post_was_ever_published":false,"_jetpack_newsletter_access":"","_jetpack_dont_email_post_to_subs":false,"_jetpack_newsletter_tier_id":0,"_jetpack_memberships_contains_paywalled_content":false,"_jetpack_memberships_contains_paid_content":false,"footnotes":""},"categories":[4],"tags":[323],"class_list":["post-5456","post","type-post","status-publish","format-standard","has-post-thumbnail","hentry","category-revista","tag-comunicacion-revista"],"jetpack_featured_media_url":"https:\/\/www.catedracosgaya.com.ar\/tipoblog\/2014\/wp-content\/uploads\/2014\/10\/pelo-2.jpg","jetpack_shortlink":"https:\/\/wp.me\/p4rrRH-1q0","jetpack_sharing_enabled":true,"_links":{"self":[{"href":"https:\/\/www.catedracosgaya.com.ar\/tipoblog\/2014\/wp-json\/wp\/v2\/posts\/5456","targetHints":{"allow":["GET"]}}],"collection":[{"href":"https:\/\/www.catedracosgaya.com.ar\/tipoblog\/2014\/wp-json\/wp\/v2\/posts"}],"about":[{"href":"https:\/\/www.catedracosgaya.com.ar\/tipoblog\/2014\/wp-json\/wp\/v2\/types\/post"}],"author":[{"embeddable":true,"href":"https:\/\/www.catedracosgaya.com.ar\/tipoblog\/2014\/wp-json\/wp\/v2\/users\/350"}],"replies":[{"embeddable":true,"href":"https:\/\/www.catedracosgaya.com.ar\/tipoblog\/2014\/wp-json\/wp\/v2\/comments?post=5456"}],"version-history":[{"count":3,"href":"https:\/\/www.catedracosgaya.com.ar\/tipoblog\/2014\/wp-json\/wp\/v2\/posts\/5456\/revisions"}],"predecessor-version":[{"id":5465,"href":"https:\/\/www.catedracosgaya.com.ar\/tipoblog\/2014\/wp-json\/wp\/v2\/posts\/5456\/revisions\/5465"}],"wp:featuredmedia":[{"embeddable":true,"href":"https:\/\/www.catedracosgaya.com.ar\/tipoblog\/2014\/wp-json\/wp\/v2\/media\/5461"}],"wp:attachment":[{"href":"https:\/\/www.catedracosgaya.com.ar\/tipoblog\/2014\/wp-json\/wp\/v2\/media?parent=5456"}],"wp:term":[{"taxonomy":"category","embeddable":true,"href":"https:\/\/www.catedracosgaya.com.ar\/tipoblog\/2014\/wp-json\/wp\/v2\/categories?post=5456"},{"taxonomy":"post_tag","embeddable":true,"href":"https:\/\/www.catedracosgaya.com.ar\/tipoblog\/2014\/wp-json\/wp\/v2\/tags?post=5456"}],"curies":[{"name":"wp","href":"https:\/\/api.w.org\/{rel}","templated":true}]}}