{"id":5435,"date":"2014-10-29T10:00:58","date_gmt":"2014-10-29T10:00:58","guid":{"rendered":"http:\/\/www.catedracosgaya.com.ar\/tipoblog\/2014\/?p=5435"},"modified":"2014-10-28T15:48:34","modified_gmt":"2014-10-28T15:48:34","slug":"la-tipografia-habla-mas-fuerte-que-las-palabras","status":"publish","type":"post","link":"https:\/\/www.catedracosgaya.com.ar\/tipoblog\/2014\/la-tipografia-habla-mas-fuerte-que-las-palabras\/","title":{"rendered":"La tipograf\u00eda habla m\u00e1s fuerte que las palabras."},"content":{"rendered":"<p>En la comunicaci\u00f3n de un mensaje, debe lograrse un equilibrio entre lo visual y los aspectos verbales de un dise\u00f1o. Es muy interesante explorar la interacci\u00f3n que existe entre la tipograf\u00eda y lo que \u00e9sta realmente dice. Para la creaci\u00f3n de una revista, este aspecto es fundamental, ya que en muchos casos la tipograf\u00eda es la encargada de darle un aspecto distintivo y caracter\u00edstico a la pieza gr\u00e1fica.<\/p>\n<p><a href=\"http:\/\/www.catedracosgaya.com.ar\/tipoblog\/2014\/wp-content\/uploads\/2014\/10\/248e35c3326adbe673fabc552ad49eb3.jpg\"><img loading=\"lazy\" decoding=\"async\" data-attachment-id=\"5436\" data-permalink=\"https:\/\/www.catedracosgaya.com.ar\/tipoblog\/2014\/la-tipografia-habla-mas-fuerte-que-las-palabras\/248e35c3326adbe673fabc552ad49eb3\/\" data-orig-file=\"https:\/\/www.catedracosgaya.com.ar\/tipoblog\/2014\/wp-content\/uploads\/2014\/10\/248e35c3326adbe673fabc552ad49eb3.jpg\" data-orig-size=\"553,777\" data-comments-opened=\"0\" data-image-meta=\"{&quot;aperture&quot;:&quot;0&quot;,&quot;credit&quot;:&quot;&quot;,&quot;camera&quot;:&quot;&quot;,&quot;caption&quot;:&quot;&quot;,&quot;created_timestamp&quot;:&quot;0&quot;,&quot;copyright&quot;:&quot;&quot;,&quot;focal_length&quot;:&quot;0&quot;,&quot;iso&quot;:&quot;0&quot;,&quot;shutter_speed&quot;:&quot;0&quot;,&quot;title&quot;:&quot;&quot;}\" data-image-title=\"248e35c3326adbe673fabc552ad49eb3\" data-image-description=\"\" data-image-caption=\"\" data-large-file=\"https:\/\/www.catedracosgaya.com.ar\/tipoblog\/2014\/wp-content\/uploads\/2014\/10\/248e35c3326adbe673fabc552ad49eb3.jpg\" class=\"alignnone size-medium wp-image-5436\" src=\"http:\/\/www.catedracosgaya.com.ar\/tipoblog\/2014\/wp-content\/uploads\/2014\/10\/248e35c3326adbe673fabc552ad49eb3-213x300.jpg\" alt=\"248e35c3326adbe673fabc552ad49eb3\" width=\"213\" height=\"300\" srcset=\"https:\/\/www.catedracosgaya.com.ar\/tipoblog\/2014\/wp-content\/uploads\/2014\/10\/248e35c3326adbe673fabc552ad49eb3-213x300.jpg 213w, https:\/\/www.catedracosgaya.com.ar\/tipoblog\/2014\/wp-content\/uploads\/2014\/10\/248e35c3326adbe673fabc552ad49eb3.jpg 553w\" sizes=\"auto, (max-width: 213px) 100vw, 213px\" \/><\/a> <a href=\"http:\/\/www.catedracosgaya.com.ar\/tipoblog\/2014\/wp-content\/uploads\/2014\/10\/cea01eda06353c6efbab0b298a01b617.jpg\"><img loading=\"lazy\" decoding=\"async\" data-attachment-id=\"5437\" data-permalink=\"https:\/\/www.catedracosgaya.com.ar\/tipoblog\/2014\/la-tipografia-habla-mas-fuerte-que-las-palabras\/cea01eda06353c6efbab0b298a01b617\/\" data-orig-file=\"https:\/\/www.catedracosgaya.com.ar\/tipoblog\/2014\/wp-content\/uploads\/2014\/10\/cea01eda06353c6efbab0b298a01b617.jpg\" data-orig-size=\"410,495\" data-comments-opened=\"0\" data-image-meta=\"{&quot;aperture&quot;:&quot;0&quot;,&quot;credit&quot;:&quot;&quot;,&quot;camera&quot;:&quot;&quot;,&quot;caption&quot;:&quot;&quot;,&quot;created_timestamp&quot;:&quot;0&quot;,&quot;copyright&quot;:&quot;&quot;,&quot;focal_length&quot;:&quot;0&quot;,&quot;iso&quot;:&quot;0&quot;,&quot;shutter_speed&quot;:&quot;0&quot;,&quot;title&quot;:&quot;&quot;}\" data-image-title=\"cea01eda06353c6efbab0b298a01b617\" data-image-description=\"\" data-image-caption=\"\" data-large-file=\"https:\/\/www.catedracosgaya.com.ar\/tipoblog\/2014\/wp-content\/uploads\/2014\/10\/cea01eda06353c6efbab0b298a01b617.jpg\" class=\"alignnone size-medium wp-image-5437\" src=\"http:\/\/www.catedracosgaya.com.ar\/tipoblog\/2014\/wp-content\/uploads\/2014\/10\/cea01eda06353c6efbab0b298a01b617-248x300.jpg\" alt=\"cea01eda06353c6efbab0b298a01b617\" width=\"248\" height=\"300\" srcset=\"https:\/\/www.catedracosgaya.com.ar\/tipoblog\/2014\/wp-content\/uploads\/2014\/10\/cea01eda06353c6efbab0b298a01b617-248x300.jpg 248w, https:\/\/www.catedracosgaya.com.ar\/tipoblog\/2014\/wp-content\/uploads\/2014\/10\/cea01eda06353c6efbab0b298a01b617.jpg 410w\" sizes=\"auto, (max-width: 248px) 100vw, 248px\" \/><\/a> <a href=\"http:\/\/www.catedracosgaya.com.ar\/tipoblog\/2014\/wp-content\/uploads\/2014\/10\/d2288e08bea7f4e4466f8b6b2073a537.jpg\"><img loading=\"lazy\" decoding=\"async\" data-attachment-id=\"5438\" data-permalink=\"https:\/\/www.catedracosgaya.com.ar\/tipoblog\/2014\/la-tipografia-habla-mas-fuerte-que-las-palabras\/d2288e08bea7f4e4466f8b6b2073a537\/\" data-orig-file=\"https:\/\/www.catedracosgaya.com.ar\/tipoblog\/2014\/wp-content\/uploads\/2014\/10\/d2288e08bea7f4e4466f8b6b2073a537.jpg\" data-orig-size=\"236,325\" data-comments-opened=\"0\" data-image-meta=\"{&quot;aperture&quot;:&quot;0&quot;,&quot;credit&quot;:&quot;&quot;,&quot;camera&quot;:&quot;&quot;,&quot;caption&quot;:&quot;&quot;,&quot;created_timestamp&quot;:&quot;0&quot;,&quot;copyright&quot;:&quot;&quot;,&quot;focal_length&quot;:&quot;0&quot;,&quot;iso&quot;:&quot;0&quot;,&quot;shutter_speed&quot;:&quot;0&quot;,&quot;title&quot;:&quot;&quot;}\" data-image-title=\"d2288e08bea7f4e4466f8b6b2073a537\" data-image-description=\"\" data-image-caption=\"\" data-large-file=\"https:\/\/www.catedracosgaya.com.ar\/tipoblog\/2014\/wp-content\/uploads\/2014\/10\/d2288e08bea7f4e4466f8b6b2073a537.jpg\" class=\"alignnone size-medium wp-image-5438\" src=\"http:\/\/www.catedracosgaya.com.ar\/tipoblog\/2014\/wp-content\/uploads\/2014\/10\/d2288e08bea7f4e4466f8b6b2073a537-217x300.jpg\" alt=\"d2288e08bea7f4e4466f8b6b2073a537\" width=\"217\" height=\"300\" srcset=\"https:\/\/www.catedracosgaya.com.ar\/tipoblog\/2014\/wp-content\/uploads\/2014\/10\/d2288e08bea7f4e4466f8b6b2073a537-217x300.jpg 217w, https:\/\/www.catedracosgaya.com.ar\/tipoblog\/2014\/wp-content\/uploads\/2014\/10\/d2288e08bea7f4e4466f8b6b2073a537.jpg 236w\" sizes=\"auto, (max-width: 217px) 100vw, 217px\" \/><\/a><\/p>\n<p><em>Diferentes miradas sobre un mismo artista que gracias al uso de la tipograf\u00eda, la imagen y la composici\u00f3n en la p\u00e1gina producen diversos climas con un partido gr\u00e1fico claro y conciso.<\/em><\/p>\n<p>A veces, sin embargo, los dise\u00f1adores exploran el aspecto visual de la tipograf\u00eda a un grado mucho mayor que el verbal. En estos casos, el lenguaje visual es el que toma el protagonismo y los elementos visuales de la tipograf\u00eda son m\u00e1s elocuentes que las palabras.<\/p>\n<p>En el dise\u00f1o gr\u00e1fico, el lenguaje visual se refiere a los significados creados por el aspecto visual de texto e imagen. El t\u00e9rmino \u00ablenguaje visual\u00bb se refiere al car\u00e1cter y el significado creado por la tipograf\u00eda selecta. El lenguaje verbal es el significado literal de las palabras, frases y oraciones.<\/p>\n<p>La tipograf\u00eda tiene una gran influencia en la toma de control de significado, desde el lenguaje verbal que inspira y da forma a un tratamiento visual hasta al lenguaje visual que domina significado verbal. El mismo mensaje se puede presentar en un n\u00famero de maneras de transmitir y fomentar la diversidad de respuestas, dependiendo del significado y la interpretaci\u00f3n.<\/p>\n<p>Todos tenemos diferentes antecedentes culturales y experiencias que afectan a nuestra percepci\u00f3n de la tipograf\u00eda de una manera u otra. As\u00ed que, independientemente de la habilidad y el esfuerzo del dise\u00f1ador, una serie de aspectos incontrolables permanecen, incluyendo la percepci\u00f3n, expectativas, conocimientos, experiencias y preferencias del espectador. Es fundamental estar al tanto de estos aspectos para una correcta difusi\u00f3n del mensaje.<\/p>\n<p><strong>Las ventajas del \u00a0lenguaje visual<\/strong><\/p>\n<p>El lenguaje verbal se utiliza a menudo para inspirar y dar forma al dise\u00f1o y la tipograf\u00eda con el fin de transmitir un mensaje, con el objetivo de provocar una reacci\u00f3n al espectador. Mezclar cuidadosamente la implicaci\u00f3n de un dise\u00f1o con sentido literal puede conducir a un resultado muy satisfactorio. Los siguientes dise\u00f1os son grandes ejemplos de los efectos que se pueden lograr mediante el empleo de un lenguaje verbal que ha ayudado a inspirar a un tratamiento visual.<\/p>\n<p>Un dise\u00f1ador que valora el poder comunicativo combinado del lenguaje, la tipograf\u00eda y la composici\u00f3n debe encontrar una manera de enfatizar el significado y el mensaje de un proyecto. Para lograr esto, el concepto es de suma importancia y debe ser analizado antes del dise\u00f1o.<\/p>\n<p><a href=\"http:\/\/www.catedracosgaya.com.ar\/tipoblog\/2014\/wp-content\/uploads\/2014\/10\/article-2188385-148BA958000005DC-649_306x367.jpg\"><img loading=\"lazy\" decoding=\"async\" data-attachment-id=\"5439\" data-permalink=\"https:\/\/www.catedracosgaya.com.ar\/tipoblog\/2014\/la-tipografia-habla-mas-fuerte-que-las-palabras\/article-2188385-148ba958000005dc-649_306x367\/\" data-orig-file=\"https:\/\/www.catedracosgaya.com.ar\/tipoblog\/2014\/wp-content\/uploads\/2014\/10\/article-2188385-148BA958000005DC-649_306x367.jpg\" data-orig-size=\"306,367\" data-comments-opened=\"0\" data-image-meta=\"{&quot;aperture&quot;:&quot;0&quot;,&quot;credit&quot;:&quot;\\u00a9 Harper&#039;s Bazaar&quot;,&quot;camera&quot;:&quot;&quot;,&quot;caption&quot;:&quot;&quot;,&quot;created_timestamp&quot;:&quot;0&quot;,&quot;copyright&quot;:&quot;&quot;,&quot;focal_length&quot;:&quot;0&quot;,&quot;iso&quot;:&quot;0&quot;,&quot;shutter_speed&quot;:&quot;0&quot;,&quot;title&quot;:&quot;&quot;}\" data-image-title=\"article-2188385-148BA958000005DC-649_306x367\" data-image-description=\"\" data-image-caption=\"\" data-large-file=\"https:\/\/www.catedracosgaya.com.ar\/tipoblog\/2014\/wp-content\/uploads\/2014\/10\/article-2188385-148BA958000005DC-649_306x367.jpg\" class=\"alignnone size-medium wp-image-5439\" src=\"http:\/\/www.catedracosgaya.com.ar\/tipoblog\/2014\/wp-content\/uploads\/2014\/10\/article-2188385-148BA958000005DC-649_306x367-250x300.jpg\" alt=\"article-2188385-148BA958000005DC-649_306x367\" width=\"250\" height=\"300\" srcset=\"https:\/\/www.catedracosgaya.com.ar\/tipoblog\/2014\/wp-content\/uploads\/2014\/10\/article-2188385-148BA958000005DC-649_306x367-250x300.jpg 250w, https:\/\/www.catedracosgaya.com.ar\/tipoblog\/2014\/wp-content\/uploads\/2014\/10\/article-2188385-148BA958000005DC-649_306x367.jpg 306w\" sizes=\"auto, (max-width: 250px) 100vw, 250px\" \/><\/a> <a href=\"http:\/\/www.catedracosgaya.com.ar\/tipoblog\/2014\/wp-content\/uploads\/2014\/10\/katy-perry1.jpg\"><img loading=\"lazy\" decoding=\"async\" data-attachment-id=\"5440\" data-permalink=\"https:\/\/www.catedracosgaya.com.ar\/tipoblog\/2014\/la-tipografia-habla-mas-fuerte-que-las-palabras\/katy-perry1\/\" data-orig-file=\"https:\/\/www.catedracosgaya.com.ar\/tipoblog\/2014\/wp-content\/uploads\/2014\/10\/katy-perry1.jpg\" data-orig-size=\"800,518\" data-comments-opened=\"0\" data-image-meta=\"{&quot;aperture&quot;:&quot;0&quot;,&quot;credit&quot;:&quot;&quot;,&quot;camera&quot;:&quot;&quot;,&quot;caption&quot;:&quot;&quot;,&quot;created_timestamp&quot;:&quot;0&quot;,&quot;copyright&quot;:&quot;&quot;,&quot;focal_length&quot;:&quot;0&quot;,&quot;iso&quot;:&quot;0&quot;,&quot;shutter_speed&quot;:&quot;0&quot;,&quot;title&quot;:&quot;&quot;}\" data-image-title=\"katy-perry1\" data-image-description=\"\" data-image-caption=\"\" data-large-file=\"https:\/\/www.catedracosgaya.com.ar\/tipoblog\/2014\/wp-content\/uploads\/2014\/10\/katy-perry1.jpg\" class=\"alignnone size-medium wp-image-5440\" src=\"http:\/\/www.catedracosgaya.com.ar\/tipoblog\/2014\/wp-content\/uploads\/2014\/10\/katy-perry1-300x194.jpg\" alt=\"katy-perry1\" width=\"300\" height=\"194\" srcset=\"https:\/\/www.catedracosgaya.com.ar\/tipoblog\/2014\/wp-content\/uploads\/2014\/10\/katy-perry1-300x194.jpg 300w, https:\/\/www.catedracosgaya.com.ar\/tipoblog\/2014\/wp-content\/uploads\/2014\/10\/katy-perry1.jpg 800w\" sizes=\"auto, (max-width: 300px) 100vw, 300px\" \/><\/a> <a href=\"http:\/\/www.catedracosgaya.com.ar\/tipoblog\/2014\/wp-content\/uploads\/2014\/10\/rebecca-chew-esquire-magazine-cover.jpeg\"><img loading=\"lazy\" decoding=\"async\" data-attachment-id=\"5441\" data-permalink=\"https:\/\/www.catedracosgaya.com.ar\/tipoblog\/2014\/la-tipografia-habla-mas-fuerte-que-las-palabras\/rebecca-chew-esquire-magazine-cover\/\" data-orig-file=\"https:\/\/www.catedracosgaya.com.ar\/tipoblog\/2014\/wp-content\/uploads\/2014\/10\/rebecca-chew-esquire-magazine-cover.jpeg\" data-orig-size=\"600,825\" data-comments-opened=\"0\" data-image-meta=\"{&quot;aperture&quot;:&quot;0&quot;,&quot;credit&quot;:&quot;&quot;,&quot;camera&quot;:&quot;&quot;,&quot;caption&quot;:&quot;&quot;,&quot;created_timestamp&quot;:&quot;0&quot;,&quot;copyright&quot;:&quot;&quot;,&quot;focal_length&quot;:&quot;0&quot;,&quot;iso&quot;:&quot;0&quot;,&quot;shutter_speed&quot;:&quot;0&quot;,&quot;title&quot;:&quot;&quot;}\" data-image-title=\"rebecca-chew-esquire-magazine-cover\" data-image-description=\"\" data-image-caption=\"\" data-large-file=\"https:\/\/www.catedracosgaya.com.ar\/tipoblog\/2014\/wp-content\/uploads\/2014\/10\/rebecca-chew-esquire-magazine-cover.jpeg\" class=\"alignnone size-medium wp-image-5441\" src=\"http:\/\/www.catedracosgaya.com.ar\/tipoblog\/2014\/wp-content\/uploads\/2014\/10\/rebecca-chew-esquire-magazine-cover-218x300.jpeg\" alt=\"rebecca-chew-esquire-magazine-cover\" width=\"218\" height=\"300\" srcset=\"https:\/\/www.catedracosgaya.com.ar\/tipoblog\/2014\/wp-content\/uploads\/2014\/10\/rebecca-chew-esquire-magazine-cover-218x300.jpeg 218w, https:\/\/www.catedracosgaya.com.ar\/tipoblog\/2014\/wp-content\/uploads\/2014\/10\/rebecca-chew-esquire-magazine-cover.jpeg 600w\" sizes=\"auto, (max-width: 218px) 100vw, 218px\" \/><\/a> <a href=\"http:\/\/www.catedracosgaya.com.ar\/tipoblog\/2014\/wp-content\/uploads\/2014\/10\/rg16.jpg\"><img loading=\"lazy\" decoding=\"async\" data-attachment-id=\"5442\" data-permalink=\"https:\/\/www.catedracosgaya.com.ar\/tipoblog\/2014\/la-tipografia-habla-mas-fuerte-que-las-palabras\/rg16\/\" data-orig-file=\"https:\/\/www.catedracosgaya.com.ar\/tipoblog\/2014\/wp-content\/uploads\/2014\/10\/rg16.jpg\" data-orig-size=\"290,337\" data-comments-opened=\"0\" data-image-meta=\"{&quot;aperture&quot;:&quot;0&quot;,&quot;credit&quot;:&quot;&quot;,&quot;camera&quot;:&quot;&quot;,&quot;caption&quot;:&quot;&quot;,&quot;created_timestamp&quot;:&quot;0&quot;,&quot;copyright&quot;:&quot;&quot;,&quot;focal_length&quot;:&quot;0&quot;,&quot;iso&quot;:&quot;0&quot;,&quot;shutter_speed&quot;:&quot;0&quot;,&quot;title&quot;:&quot;&quot;}\" data-image-title=\"rg16\" data-image-description=\"\" data-image-caption=\"\" data-large-file=\"https:\/\/www.catedracosgaya.com.ar\/tipoblog\/2014\/wp-content\/uploads\/2014\/10\/rg16.jpg\" class=\"alignnone size-medium wp-image-5442\" src=\"http:\/\/www.catedracosgaya.com.ar\/tipoblog\/2014\/wp-content\/uploads\/2014\/10\/rg16-258x300.jpg\" alt=\"rg16\" width=\"258\" height=\"300\" srcset=\"https:\/\/www.catedracosgaya.com.ar\/tipoblog\/2014\/wp-content\/uploads\/2014\/10\/rg16-258x300.jpg 258w, https:\/\/www.catedracosgaya.com.ar\/tipoblog\/2014\/wp-content\/uploads\/2014\/10\/rg16.jpg 290w\" sizes=\"auto, (max-width: 258px) 100vw, 258px\" \/><\/a><\/p>\n<p><em>Diferentes ejemplos de c\u00f3mo la \u00a0tipograf\u00eda produce un clima distintivo en las portadas de \u00a0revistas. Los ej. anteriores utilizan la tipo para reforzar el sentido de sus enunciados. La tipograf\u00eda se utiliza para comunicar el tono de voz, la personalidad, la edad, el sexo y el estado de \u00e1nimo del consumidor; y \u00e9sta puede ser f\u00e1cilmente manipulada para lograr sus objetivos.<\/em><\/p>\n<p><strong>El poder de la tipograf\u00eda no puede ser subestimada<\/strong><\/p>\n<p>El papel del dise\u00f1ador en el establecimiento de un tono que a\u00f1ade significado al mensaje verbal es un tema de debate muy interesante. Muchos dise\u00f1adores gr\u00e1ficos y acad\u00e9micos sostienen que el dise\u00f1ador tiene la responsabilidad de a\u00f1adir \u00abun extra\u00bb a su trabajo, no s\u00f3lo ayudando a transmitir y reforzar el significado, sino tambi\u00e9n haciendo que el mensaje sea agradable y atractivo para leer.<\/p>\n","protected":false},"excerpt":{"rendered":"<p>En la comunicaci\u00f3n de un mensaje, debe lograrse un equilibrio entre lo visual y los aspectos verbales de un dise\u00f1o. Es muy interesante explorar la interacci\u00f3n que existe entre la tipograf\u00eda y lo que \u00e9sta [&hellip;]<\/p>\n","protected":false},"author":351,"featured_media":5444,"comment_status":"closed","ping_status":"closed","sticky":false,"template":"","format":"standard","meta":{"jetpack_post_was_ever_published":false,"_jetpack_newsletter_access":"","_jetpack_dont_email_post_to_subs":false,"_jetpack_newsletter_tier_id":0,"_jetpack_memberships_contains_paywalled_content":false,"_jetpack_memberships_contains_paid_content":false,"footnotes":""},"categories":[4],"tags":[89,321,302,322],"class_list":["post-5435","post","type-post","status-publish","format-standard","has-post-thumbnail","hentry","category-revista","tag-identidad-grafica","tag-lenguaje","tag-revista-2","tag-significado"],"jetpack_featured_media_url":"https:\/\/www.catedracosgaya.com.ar\/tipoblog\/2014\/wp-content\/uploads\/2014\/10\/Lubalin-diplomat.jpg","jetpack_shortlink":"https:\/\/wp.me\/p4rrRH-1pF","jetpack_sharing_enabled":true,"_links":{"self":[{"href":"https:\/\/www.catedracosgaya.com.ar\/tipoblog\/2014\/wp-json\/wp\/v2\/posts\/5435","targetHints":{"allow":["GET"]}}],"collection":[{"href":"https:\/\/www.catedracosgaya.com.ar\/tipoblog\/2014\/wp-json\/wp\/v2\/posts"}],"about":[{"href":"https:\/\/www.catedracosgaya.com.ar\/tipoblog\/2014\/wp-json\/wp\/v2\/types\/post"}],"author":[{"embeddable":true,"href":"https:\/\/www.catedracosgaya.com.ar\/tipoblog\/2014\/wp-json\/wp\/v2\/users\/351"}],"replies":[{"embeddable":true,"href":"https:\/\/www.catedracosgaya.com.ar\/tipoblog\/2014\/wp-json\/wp\/v2\/comments?post=5435"}],"version-history":[{"count":1,"href":"https:\/\/www.catedracosgaya.com.ar\/tipoblog\/2014\/wp-json\/wp\/v2\/posts\/5435\/revisions"}],"predecessor-version":[{"id":5443,"href":"https:\/\/www.catedracosgaya.com.ar\/tipoblog\/2014\/wp-json\/wp\/v2\/posts\/5435\/revisions\/5443"}],"wp:featuredmedia":[{"embeddable":true,"href":"https:\/\/www.catedracosgaya.com.ar\/tipoblog\/2014\/wp-json\/wp\/v2\/media\/5444"}],"wp:attachment":[{"href":"https:\/\/www.catedracosgaya.com.ar\/tipoblog\/2014\/wp-json\/wp\/v2\/media?parent=5435"}],"wp:term":[{"taxonomy":"category","embeddable":true,"href":"https:\/\/www.catedracosgaya.com.ar\/tipoblog\/2014\/wp-json\/wp\/v2\/categories?post=5435"},{"taxonomy":"post_tag","embeddable":true,"href":"https:\/\/www.catedracosgaya.com.ar\/tipoblog\/2014\/wp-json\/wp\/v2\/tags?post=5435"}],"curies":[{"name":"wp","href":"https:\/\/api.w.org\/{rel}","templated":true}]}}