{"id":5280,"date":"2014-10-16T20:08:12","date_gmt":"2014-10-16T20:08:12","guid":{"rendered":"http:\/\/www.catedracosgaya.com.ar\/tipoblog\/2014\/?p=5280"},"modified":"2014-10-16T20:08:12","modified_gmt":"2014-10-16T20:08:12","slug":"la-importancia-de-las-revistas-culturales-independientes-en-argentina","status":"publish","type":"post","link":"https:\/\/www.catedracosgaya.com.ar\/tipoblog\/2014\/la-importancia-de-las-revistas-culturales-independientes-en-argentina\/","title":{"rendered":"La importancia de las revistas culturales independientes en Argentina"},"content":{"rendered":"<p>Frente a la realidad en que nos encontramos, en la que los medios dominantes quieren imponernos una sola\u00a0alternativa, una \u00fanica visi\u00f3n. Decid\u00ed hacer esta publicaci\u00f3n en la que se detalla como se organizan y agrupan diferentes revistas para poder seguir saliendo a la calle y llegar al p\u00fablico.<\/p>\n<p>&nbsp;<\/p>\n<h2><strong>\u00bfQu\u00e9 es AReCIA?<\/strong><\/h2>\n<p>El universo de revistas culturales es amplio, recorre m\u00faltiples caminos y va desde el arrabal hasta la industria de los brillos y los flashes, as\u00ed como atraviesa la discusi\u00f3n pol\u00edtica, te\u00f3rica, de g\u00e9nero y una larga lista de etc\u00e9teras. Esas voces se unieron en 2012 para conformar la Asociaci\u00f3n de Revistas Culturales Independientes de la Argentina y en 2013 dieron pie al impulso de un proyecto de ley de fomento para el sector. En el medio, lo que se inici\u00f3 por tierras porte\u00f1as se fue expandiendo al resto del pa\u00eds.<br \/>\nAReCIA constituye una red de publicaciones culturales e Independientes de todo el pa\u00eds, distribuida en nodos que permite federalizar \u2013<em>la asociaci\u00f3n est\u00e1 integrada por 320 revistas de todo el pa\u00eds<\/em>\u2013 la puesta en com\u00fan de los problemas y estrategias del sector. Adem\u00e1s, el vicepresidente de Arecia dio a conocer algunas cifras que muestran la incidencia del sector:<br \/>\n\u2022322 revistas culturales en todo el pa\u00eds<br \/>\n\u202251 por ciento del Interior<br \/>\n\u2022Tirada promedio de 500 mil ejemplares por mes<br \/>\n\u20222 millones de lectores mensuales<br \/>\n\u20223,5 millones mensuales de aporte a la industria gr\u00e1fica pyme<\/p>\n<h2>Distribuci\u00f3n geogr\u00e1fica y soporte<\/h2>\n<p><a href=\"http:\/\/www.catedracosgaya.com.ar\/tipoblog\/2014\/wp-content\/uploads\/2014\/10\/infografias-01-revistas.jpg\"><img loading=\"lazy\" decoding=\"async\" data-attachment-id=\"5283\" data-permalink=\"https:\/\/www.catedracosgaya.com.ar\/tipoblog\/2014\/la-importancia-de-las-revistas-culturales-independientes-en-argentina\/infografias-01-revistas\/\" data-orig-file=\"https:\/\/www.catedracosgaya.com.ar\/tipoblog\/2014\/wp-content\/uploads\/2014\/10\/infografias-01-revistas.jpg\" data-orig-size=\"675,800\" data-comments-opened=\"0\" data-image-meta=\"{&quot;aperture&quot;:&quot;0&quot;,&quot;credit&quot;:&quot;&quot;,&quot;camera&quot;:&quot;&quot;,&quot;caption&quot;:&quot;&quot;,&quot;created_timestamp&quot;:&quot;0&quot;,&quot;copyright&quot;:&quot;&quot;,&quot;focal_length&quot;:&quot;0&quot;,&quot;iso&quot;:&quot;0&quot;,&quot;shutter_speed&quot;:&quot;0&quot;,&quot;title&quot;:&quot;&quot;}\" data-image-title=\"infografias-01-revistas\" data-image-description=\"\" data-image-caption=\"\" data-large-file=\"https:\/\/www.catedracosgaya.com.ar\/tipoblog\/2014\/wp-content\/uploads\/2014\/10\/infografias-01-revistas.jpg\" class=\"alignnone wp-image-5283 size-full\" src=\"http:\/\/www.catedracosgaya.com.ar\/tipoblog\/2014\/wp-content\/uploads\/2014\/10\/infografias-01-revistas.jpg\" alt=\"infografias-01-revistas\" width=\"675\" height=\"800\" srcset=\"https:\/\/www.catedracosgaya.com.ar\/tipoblog\/2014\/wp-content\/uploads\/2014\/10\/infografias-01-revistas.jpg 675w, https:\/\/www.catedracosgaya.com.ar\/tipoblog\/2014\/wp-content\/uploads\/2014\/10\/infografias-01-revistas-253x300.jpg 253w\" sizes=\"auto, (max-width: 675px) 100vw, 675px\" \/><\/a><\/p>\n<h2>Frecuencia y tipo de comercializaci\u00f3n<\/p>\n<p><a href=\"http:\/\/www.catedracosgaya.com.ar\/tipoblog\/2014\/wp-content\/uploads\/2014\/10\/infografias-02-revistas.jpg\"><img loading=\"lazy\" decoding=\"async\" data-attachment-id=\"5284\" data-permalink=\"https:\/\/www.catedracosgaya.com.ar\/tipoblog\/2014\/la-importancia-de-las-revistas-culturales-independientes-en-argentina\/infografias-02-revistas\/\" data-orig-file=\"https:\/\/www.catedracosgaya.com.ar\/tipoblog\/2014\/wp-content\/uploads\/2014\/10\/infografias-02-revistas.jpg\" data-orig-size=\"679,800\" data-comments-opened=\"0\" data-image-meta=\"{&quot;aperture&quot;:&quot;0&quot;,&quot;credit&quot;:&quot;&quot;,&quot;camera&quot;:&quot;&quot;,&quot;caption&quot;:&quot;&quot;,&quot;created_timestamp&quot;:&quot;0&quot;,&quot;copyright&quot;:&quot;&quot;,&quot;focal_length&quot;:&quot;0&quot;,&quot;iso&quot;:&quot;0&quot;,&quot;shutter_speed&quot;:&quot;0&quot;,&quot;title&quot;:&quot;&quot;}\" data-image-title=\"infografias-02-revistas\" data-image-description=\"\" data-image-caption=\"\" data-large-file=\"https:\/\/www.catedracosgaya.com.ar\/tipoblog\/2014\/wp-content\/uploads\/2014\/10\/infografias-02-revistas.jpg\" class=\"alignnone wp-image-5284 size-full\" src=\"http:\/\/www.catedracosgaya.com.ar\/tipoblog\/2014\/wp-content\/uploads\/2014\/10\/infografias-02-revistas.jpg\" alt=\"infografias-02-revistas\" width=\"679\" height=\"800\" srcset=\"https:\/\/www.catedracosgaya.com.ar\/tipoblog\/2014\/wp-content\/uploads\/2014\/10\/infografias-02-revistas.jpg 679w, https:\/\/www.catedracosgaya.com.ar\/tipoblog\/2014\/wp-content\/uploads\/2014\/10\/infografias-02-revistas-254x300.jpg 254w\" sizes=\"auto, (max-width: 679px) 100vw, 679px\" \/><\/a><\/h2>\n<h2><a href=\"http:\/\/www.catedracosgaya.com.ar\/tipoblog\/2014\/wp-content\/uploads\/2014\/10\/infografias-02-revistas.jpg\"><br \/>\n<\/a>Tirada y puntos de venta<\/p>\n<p><a href=\"http:\/\/www.catedracosgaya.com.ar\/tipoblog\/2014\/wp-content\/uploads\/2014\/10\/infografias-03-revistas.jpg\"><img loading=\"lazy\" decoding=\"async\" data-attachment-id=\"5285\" data-permalink=\"https:\/\/www.catedracosgaya.com.ar\/tipoblog\/2014\/la-importancia-de-las-revistas-culturales-independientes-en-argentina\/infografias-03-revistas\/\" data-orig-file=\"https:\/\/www.catedracosgaya.com.ar\/tipoblog\/2014\/wp-content\/uploads\/2014\/10\/infografias-03-revistas.jpg\" data-orig-size=\"680,800\" data-comments-opened=\"0\" data-image-meta=\"{&quot;aperture&quot;:&quot;0&quot;,&quot;credit&quot;:&quot;&quot;,&quot;camera&quot;:&quot;&quot;,&quot;caption&quot;:&quot;&quot;,&quot;created_timestamp&quot;:&quot;0&quot;,&quot;copyright&quot;:&quot;&quot;,&quot;focal_length&quot;:&quot;0&quot;,&quot;iso&quot;:&quot;0&quot;,&quot;shutter_speed&quot;:&quot;0&quot;,&quot;title&quot;:&quot;&quot;}\" data-image-title=\"infografias-03-revistas\" data-image-description=\"\" data-image-caption=\"\" data-large-file=\"https:\/\/www.catedracosgaya.com.ar\/tipoblog\/2014\/wp-content\/uploads\/2014\/10\/infografias-03-revistas.jpg\" class=\"alignnone wp-image-5285 size-full\" src=\"http:\/\/www.catedracosgaya.com.ar\/tipoblog\/2014\/wp-content\/uploads\/2014\/10\/infografias-03-revistas.jpg\" alt=\"infografias-03-revistas\" width=\"680\" height=\"800\" srcset=\"https:\/\/www.catedracosgaya.com.ar\/tipoblog\/2014\/wp-content\/uploads\/2014\/10\/infografias-03-revistas.jpg 680w, https:\/\/www.catedracosgaya.com.ar\/tipoblog\/2014\/wp-content\/uploads\/2014\/10\/infografias-03-revistas-255x300.jpg 255w\" sizes=\"auto, (max-width: 680px) 100vw, 680px\" \/><\/a><\/h2>\n<p><em style=\"font-weight: inherit;font-style: italic\">En el sitio web de AReCIA ese censo contabiliza a junio de 2014 273 revistas, lo cual representa 107 registros m\u00e1s que el \u00faltimo dato publicado en el informe 2013 (166). Sin embargo, solo 191 de \u00e9stas figuran como \u201cactivas\u201d \u2013con el restante categorizadas como \u201cpendientes\u201d u \u201cobjetadas\u201d. Seg\u00fan nos inform\u00f3 AReCIA, las revistas registradas pasan a ser socias activas de la Asociaci\u00f3n en la asamblea general anual. Mientras tanto, permanecen como pendientes. En tanto las \u201cobjetadas\u201d son aquellas que no cumplen alguno de los requisitos: podr\u00edan no ser consideradas culturales (por su tem\u00e1tica) o no tener domicilio en el pa\u00eds, entre las razones m\u00e1s frecuentes. Del total de 273 revistas registradas, hay 7 objetadas.<\/em><\/p>\n<p>&nbsp;<\/p>\n<h2>Proyecto de Ley de Fomento para la Producci\u00f3n Autogestiva de Comunicaci\u00f3n Social por Medios Gr\u00e1ficos y de Internet<\/h2>\n<p>Esta ley es una forma de saldar la deuda que con el sector tiene la Ley de Servicios Audiovisuales, instrumento que ha significado la democratizaci\u00f3n de los espacios televisivos y radiales, pero ha olvidado a las publicaciones culturales gr\u00e1ficas y de Internet, independientes y autogestivas, sin las cuales esa misma ley no hubiese contado con canales de debate y difusi\u00f3n entre los diferentes actores sociales que la hicieron posible. Este no es m\u00e1s que un ejemplo importante, pero no aislado- de la tarea social que cumple el sector: la batalla que all\u00ed se libra cotidiana y sostenidamente contra la monopolizaci\u00f3n no s\u00f3lo de productos, sino de contenidos. No s\u00f3lo de voces, sino de est\u00e9ticas. No s\u00f3lo de ideas, sino de futuros posibles. Este es uno de los fundamentos del proyecto de Ley de Fomento para la Producci\u00f3n Independiente y Autogestiva de Comunicaci\u00f3n Cultural por medios gr\u00e1ficos y de Internet que la\u00a0\u00a0Asociaci\u00f3n de Revistas Culturales Independientes (AReCIA)\u00a0impulsa para garantizar la libre circulaci\u00f3n de publicaciones; entre ellas las que hoy se ven amenazadas por la pol\u00edtica de expulsi\u00f3n que quiere implementar el sector que controla la corporaci\u00f3n Clar\u00edn en el circuito de distribuci\u00f3n de kioscos de la Capital.<\/p>\n<p>&nbsp;<\/p>\n<p><a href=\"http:\/\/www.catedracosgaya.com.ar\/tipoblog\/2014\/wp-content\/uploads\/2014\/10\/capusotto-1.jpg\"><img loading=\"lazy\" decoding=\"async\" data-attachment-id=\"5286\" data-permalink=\"https:\/\/www.catedracosgaya.com.ar\/tipoblog\/2014\/la-importancia-de-las-revistas-culturales-independientes-en-argentina\/layout-1-2\/\" data-orig-file=\"https:\/\/www.catedracosgaya.com.ar\/tipoblog\/2014\/wp-content\/uploads\/2014\/10\/capusotto-1.jpg\" data-orig-size=\"560,800\" data-comments-opened=\"0\" data-image-meta=\"{&quot;aperture&quot;:&quot;0&quot;,&quot;credit&quot;:&quot;Picasa&quot;,&quot;camera&quot;:&quot;&quot;,&quot;caption&quot;:&quot;&quot;,&quot;created_timestamp&quot;:&quot;1348747056&quot;,&quot;copyright&quot;:&quot;&quot;,&quot;focal_length&quot;:&quot;0&quot;,&quot;iso&quot;:&quot;0&quot;,&quot;shutter_speed&quot;:&quot;0&quot;,&quot;title&quot;:&quot;Layout 1&quot;}\" data-image-title=\"Layout 1\" data-image-description=\"\" data-image-caption=\"\" data-large-file=\"https:\/\/www.catedracosgaya.com.ar\/tipoblog\/2014\/wp-content\/uploads\/2014\/10\/capusotto-1.jpg\" class=\"alignnone wp-image-5286 size-full\" src=\"http:\/\/www.catedracosgaya.com.ar\/tipoblog\/2014\/wp-content\/uploads\/2014\/10\/capusotto-1.jpg\" alt=\"Layout 1\" width=\"560\" height=\"800\" srcset=\"https:\/\/www.catedracosgaya.com.ar\/tipoblog\/2014\/wp-content\/uploads\/2014\/10\/capusotto-1.jpg 560w, https:\/\/www.catedracosgaya.com.ar\/tipoblog\/2014\/wp-content\/uploads\/2014\/10\/capusotto-1-210x300.jpg 210w\" sizes=\"auto, (max-width: 560px) 100vw, 560px\" \/><\/a><\/p>\n<p>&nbsp;<\/p>\n<address>\n<\/address>\n<address><strong>Fuentes<\/strong><\/address>\n<address>http:\/\/www.revistasculturales.org<\/address>\n<address>http:\/\/www.recursosculturales.com\u00a0<\/address>\n","protected":false},"excerpt":{"rendered":"<p>Frente a la realidad en que nos encontramos, en la que los medios dominantes quieren imponernos una sola\u00a0alternativa, una \u00fanica visi\u00f3n. Decid\u00ed hacer esta publicaci\u00f3n en la que se detalla como se organizan y agrupan [&hellip;]<\/p>\n","protected":false},"author":332,"featured_media":5281,"comment_status":"closed","ping_status":"closed","sticky":false,"template":"","format":"standard","meta":{"jetpack_post_was_ever_published":false,"_jetpack_newsletter_access":"","_jetpack_dont_email_post_to_subs":false,"_jetpack_newsletter_tier_id":0,"_jetpack_memberships_contains_paywalled_content":false,"_jetpack_memberships_contains_paid_content":false,"footnotes":""},"categories":[4],"tags":[299,300,301,298],"class_list":["post-5280","post","type-post","status-publish","format-standard","has-post-thumbnail","hentry","category-revista","tag-autogestion","tag-comunicacion-social","tag-revistas-culturales","tag-revistas-independientes"],"jetpack_featured_media_url":"https:\/\/www.catedracosgaya.com.ar\/tipoblog\/2014\/wp-content\/uploads\/2014\/10\/Quiosco-de-revistas-culturales1.jpg","jetpack_shortlink":"https:\/\/wp.me\/p4rrRH-1na","jetpack_sharing_enabled":true,"_links":{"self":[{"href":"https:\/\/www.catedracosgaya.com.ar\/tipoblog\/2014\/wp-json\/wp\/v2\/posts\/5280","targetHints":{"allow":["GET"]}}],"collection":[{"href":"https:\/\/www.catedracosgaya.com.ar\/tipoblog\/2014\/wp-json\/wp\/v2\/posts"}],"about":[{"href":"https:\/\/www.catedracosgaya.com.ar\/tipoblog\/2014\/wp-json\/wp\/v2\/types\/post"}],"author":[{"embeddable":true,"href":"https:\/\/www.catedracosgaya.com.ar\/tipoblog\/2014\/wp-json\/wp\/v2\/users\/332"}],"replies":[{"embeddable":true,"href":"https:\/\/www.catedracosgaya.com.ar\/tipoblog\/2014\/wp-json\/wp\/v2\/comments?post=5280"}],"version-history":[{"count":7,"href":"https:\/\/www.catedracosgaya.com.ar\/tipoblog\/2014\/wp-json\/wp\/v2\/posts\/5280\/revisions"}],"predecessor-version":[{"id":5292,"href":"https:\/\/www.catedracosgaya.com.ar\/tipoblog\/2014\/wp-json\/wp\/v2\/posts\/5280\/revisions\/5292"}],"wp:featuredmedia":[{"embeddable":true,"href":"https:\/\/www.catedracosgaya.com.ar\/tipoblog\/2014\/wp-json\/wp\/v2\/media\/5281"}],"wp:attachment":[{"href":"https:\/\/www.catedracosgaya.com.ar\/tipoblog\/2014\/wp-json\/wp\/v2\/media?parent=5280"}],"wp:term":[{"taxonomy":"category","embeddable":true,"href":"https:\/\/www.catedracosgaya.com.ar\/tipoblog\/2014\/wp-json\/wp\/v2\/categories?post=5280"},{"taxonomy":"post_tag","embeddable":true,"href":"https:\/\/www.catedracosgaya.com.ar\/tipoblog\/2014\/wp-json\/wp\/v2\/tags?post=5280"}],"curies":[{"name":"wp","href":"https:\/\/api.w.org\/{rel}","templated":true}]}}