{"id":5242,"date":"2014-10-15T21:20:31","date_gmt":"2014-10-15T21:20:31","guid":{"rendered":"http:\/\/www.catedracosgaya.com.ar\/tipoblog\/2014\/?p=5242"},"modified":"2014-10-15T21:20:31","modified_gmt":"2014-10-15T21:20:31","slug":"el-fin-del-cuarto-poder","status":"publish","type":"post","link":"https:\/\/www.catedracosgaya.com.ar\/tipoblog\/2014\/el-fin-del-cuarto-poder\/","title":{"rendered":"\u00bfEl fin del cuarto poder?"},"content":{"rendered":"<p>\u00bfEs realmente la prensa el 4to poder?, \u00bfo la misma fue vencida y desplazado por la masividad de Internet? Y por esa rapidez y facilidad de compartir las noticias, la informaci\u00f3n y los contenidos en las redes sociales.<\/p>\n<p>En estos \u00faltimos a\u00f1os, con la necesidad constante que tenemos de compartir \u201ccasi todo\u201d en las redes sociales, el trafico de informaci\u00f3n, ya sean noticias, revistas, fotos, m\u00fasica, o simplemente \u201ccontenido\u201d, creci\u00f3 exponencialmente a una velocidad impensada.\u00a0Hoy en d\u00eda hay aproximadamente, <strong>cien mil millones de personas conectadas a Internet en todo el mundo<\/strong>. Esto representa la<strong> tercera parte de la poblaci\u00f3n mundial<\/strong>; Si nos ponemos a pensar cualquier tipo de contenido volcado en Internet, por ejemplo en <em>Twitter<\/em>, llega r\u00e1pidamente al otro lado del mundo e incluso se comparte y masifica en segundos.<\/p>\n<p><strong>Arthur Sulzberger<\/strong>, propietario, presidente y editor del diario internacional m\u00e1s influyente del mundo <em>\u201cThe New York Times<\/em>\u201d, hace unos a\u00f1os lo dijo sin demasiado dramatismo \u201cEn poco tiempo el diario en papel podr\u00eda simplemente no existir mas, debido al avance de Internet\u201d. Aunque en mi consideraci\u00f3n, esto dif\u00edcilm<br \/>\nente pase (debido a que hay gente que aun disfruta del cl\u00e1sico caf\u00e9 con un <strong>diario en papel<\/strong> y mas aun, de <strong>coleccionar revistas<\/strong>), no podemos negar que es mas r\u00e1pido y actualizado consumir informaci\u00f3n de la red (con el peligro que conlleva, debido a que no siempre se conocen las fuentes o precedencias del contenido).<a href=\"http:\/\/www.catedracosgaya.com.ar\/tipoblog\/2014\/wp-content\/uploads\/2014\/10\/diario-digital.jpg\"><img loading=\"lazy\" decoding=\"async\" data-attachment-id=\"5248\" data-permalink=\"https:\/\/www.catedracosgaya.com.ar\/tipoblog\/2014\/el-fin-del-cuarto-poder\/diario-digital-2\/\" data-orig-file=\"https:\/\/www.catedracosgaya.com.ar\/tipoblog\/2014\/wp-content\/uploads\/2014\/10\/diario-digital.jpg\" data-orig-size=\"300,252\" data-comments-opened=\"0\" data-image-meta=\"{&quot;aperture&quot;:&quot;0&quot;,&quot;credit&quot;:&quot;&quot;,&quot;camera&quot;:&quot;&quot;,&quot;caption&quot;:&quot;&quot;,&quot;created_timestamp&quot;:&quot;0&quot;,&quot;copyright&quot;:&quot;&quot;,&quot;focal_length&quot;:&quot;0&quot;,&quot;iso&quot;:&quot;0&quot;,&quot;shutter_speed&quot;:&quot;0&quot;,&quot;title&quot;:&quot;&quot;}\" data-image-title=\"diario-digital\" data-image-description=\"\" data-image-caption=\"\" data-large-file=\"https:\/\/www.catedracosgaya.com.ar\/tipoblog\/2014\/wp-content\/uploads\/2014\/10\/diario-digital.jpg\" class=\"alignleft size-full wp-image-5248\" src=\"http:\/\/www.catedracosgaya.com.ar\/tipoblog\/2014\/wp-content\/uploads\/2014\/10\/diario-digital.jpg\" alt=\"diario-digital\" width=\"300\" height=\"252\" \/><\/a><\/p>\n<p>En relaci\u00f3n a los dichos de <strong>Arthur Sulzberger<\/strong> , tiempo atr\u00e1s, hab\u00eda un dicho muy atinado que dec\u00eda \u201c<em>No hay nada mas viejo que el diario de ayer\u2026<\/em>\u201d, hoy con los avances tecnol\u00f3gicos, y la masificaci\u00f3n de informaci\u00f3n constante, se podr\u00eda reformular ese dicho diciendo \u201cN<em>o hay nada mas viejo que el diario de hoy\u2026<\/em>\u201d o simplemente como dir\u00eda <strong>El indio Solari<\/strong> \u201c<em>Noticias de ayer\u2026extra extra<\/em>\u201d.<\/p>\n<blockquote><p>Los avances y la masificacion, tanto como los cambios de soporte y velocidades de expansi\u00f3n, los expone y explica claramente <strong>Alberto Ar\u00e9valo<\/strong> ( vocero de <em>Google<\/em> en nuestro pa\u00eds), Cuando un periodista le pregunta si sab\u00edan desde <em>Google<\/em> la revoluci\u00f3n que causaban, el mismo contesto, \u201c Es parte del fen\u00f3meno que estamos observando. Yo siempre digo, que no es un fen\u00f3meno nuevo en realidad. La gente se ha comunicado o a tratado de comunicarse y compartir sus experiencias de muchas formas en lo que es el transcurso de la historia. Creo que la gran novedad de Internet es la masividad, la velocidad, y el alcance que tiene. A mi me gusta decir que las cuevas de Altamira son el \u201c<em>YouTube<\/em>\u201d de hace trescientos mil a\u00f1os y hoy Internet es el fog\u00f3n universal. Antes se acercaban cinco, seis o diez personas a contar lo que hab\u00eda pasado durante el d\u00eda y hoy ese fog\u00f3n son las redes sociales, es Internet, son miles de millones de personas\u201d.<\/p><\/blockquote>\n<p><strong>Im\u00e1genes de la cueva de Altamira, Espa\u00f1a:<\/strong><\/p>\n<p><a href=\"http:\/\/www.catedracosgaya.com.ar\/tipoblog\/2014\/wp-content\/uploads\/2014\/10\/altamira-2.jpg\"><img loading=\"lazy\" decoding=\"async\" data-attachment-id=\"5247\" data-permalink=\"https:\/\/www.catedracosgaya.com.ar\/tipoblog\/2014\/el-fin-del-cuarto-poder\/altamira-2\/\" data-orig-file=\"https:\/\/www.catedracosgaya.com.ar\/tipoblog\/2014\/wp-content\/uploads\/2014\/10\/altamira-2.jpg\" data-orig-size=\"540,381\" data-comments-opened=\"0\" data-image-meta=\"{&quot;aperture&quot;:&quot;0&quot;,&quot;credit&quot;:&quot;&quot;,&quot;camera&quot;:&quot;&quot;,&quot;caption&quot;:&quot;&quot;,&quot;created_timestamp&quot;:&quot;0&quot;,&quot;copyright&quot;:&quot;&quot;,&quot;focal_length&quot;:&quot;0&quot;,&quot;iso&quot;:&quot;0&quot;,&quot;shutter_speed&quot;:&quot;0&quot;,&quot;title&quot;:&quot;&quot;}\" data-image-title=\"altamira 2\" data-image-description=\"\" data-image-caption=\"&lt;p&gt;Dibujos con pigmentos naturales&lt;\/p&gt;\n\" data-large-file=\"https:\/\/www.catedracosgaya.com.ar\/tipoblog\/2014\/wp-content\/uploads\/2014\/10\/altamira-2.jpg\" class=\"size-medium wp-image-5247\" src=\"http:\/\/www.catedracosgaya.com.ar\/tipoblog\/2014\/wp-content\/uploads\/2014\/10\/altamira-2-300x211.jpg\" alt=\"Dibujos con pigmentos naturales\" width=\"300\" height=\"211\" srcset=\"https:\/\/www.catedracosgaya.com.ar\/tipoblog\/2014\/wp-content\/uploads\/2014\/10\/altamira-2-300x211.jpg 300w, https:\/\/www.catedracosgaya.com.ar\/tipoblog\/2014\/wp-content\/uploads\/2014\/10\/altamira-2.jpg 540w\" sizes=\"auto, (max-width: 300px) 100vw, 300px\" \/><\/a><\/p>\n<div id=\"attachment_5246\" style=\"width: 310px\" class=\"wp-caption alignleft\"><a href=\"http:\/\/www.catedracosgaya.com.ar\/tipoblog\/2014\/wp-content\/uploads\/2014\/10\/altamira-1.jpg\"><img loading=\"lazy\" decoding=\"async\" aria-describedby=\"caption-attachment-5246\" data-attachment-id=\"5246\" data-permalink=\"https:\/\/www.catedracosgaya.com.ar\/tipoblog\/2014\/el-fin-del-cuarto-poder\/altamira-1\/\" data-orig-file=\"https:\/\/www.catedracosgaya.com.ar\/tipoblog\/2014\/wp-content\/uploads\/2014\/10\/altamira-1.jpg\" data-orig-size=\"700,554\" data-comments-opened=\"0\" data-image-meta=\"{&quot;aperture&quot;:&quot;0&quot;,&quot;credit&quot;:&quot;&quot;,&quot;camera&quot;:&quot;&quot;,&quot;caption&quot;:&quot;&quot;,&quot;created_timestamp&quot;:&quot;0&quot;,&quot;copyright&quot;:&quot;&quot;,&quot;focal_length&quot;:&quot;0&quot;,&quot;iso&quot;:&quot;0&quot;,&quot;shutter_speed&quot;:&quot;0&quot;,&quot;title&quot;:&quot;&quot;}\" data-image-title=\"altamira 1\" data-image-description=\"\" data-image-caption=\"&lt;p&gt;Imagen encontrada en la cueva de Altamira espa\u00f1a&lt;\/p&gt;\n\" data-large-file=\"https:\/\/www.catedracosgaya.com.ar\/tipoblog\/2014\/wp-content\/uploads\/2014\/10\/altamira-1.jpg\" class=\"size-medium wp-image-5246\" src=\"http:\/\/www.catedracosgaya.com.ar\/tipoblog\/2014\/wp-content\/uploads\/2014\/10\/altamira-1-300x237.jpg\" alt=\"Imagen encontrada en la cueva de Altamira espa\u00f1a\" width=\"300\" height=\"237\" srcset=\"https:\/\/www.catedracosgaya.com.ar\/tipoblog\/2014\/wp-content\/uploads\/2014\/10\/altamira-1-300x237.jpg 300w, https:\/\/www.catedracosgaya.com.ar\/tipoblog\/2014\/wp-content\/uploads\/2014\/10\/altamira-1.jpg 700w\" sizes=\"auto, (max-width: 300px) 100vw, 300px\" \/><\/a><p id=\"caption-attachment-5246\" class=\"wp-caption-text\">Dibujos realizados \u00a0con pigmentos naturales.<\/p><\/div>\n<p>&nbsp;<\/p>\n<p><strong>Para cerrar:<\/strong><\/p>\n<p>La idea era plantear y hacernos pensar un poco, sobre la posibilidad y masividad de este tiempo, al momento de compartir y adquirir informaci\u00f3n. En mi parecer, hoy en d\u00eda es mas importante el <strong>QUE<\/strong> se dice, y no tanto el <strong>QUIEN<\/strong> lo dice. Tiempo atr\u00e1s, la prensa se \u00abgano\u00bb el apodo de \u00ab4to poder\u00bb casi como voz \u00fanica, primordial, y principal formadora de opini\u00f3n; Hoy cualquiera de nosotros tiene la facilidad de dar a conocer y masificar informaci\u00f3n, o su pensamiento, y debido al cambio de estos \u00faltimos 10 o 20 a\u00f1os en la tecnolog\u00eda y la masificaci\u00f3n de la misma, fue la elecci\u00f3n del titulo, y la pregunta de \u201cel fin del cuarto poder\u201d.<\/p>\n<p>&nbsp;<\/p>\n<p>&nbsp;<\/p>\n<p>&nbsp;<\/p>\n<p>&nbsp;<\/p>\n<p>&nbsp;<\/p>\n<p>&nbsp;<\/p>\n<p>&nbsp;<\/p>\n","protected":false},"excerpt":{"rendered":"<p>\u00bfEs realmente la prensa el 4to poder?, \u00bfo la misma fue vencida y desplazado por la masividad de Internet? Y por esa rapidez y facilidad de compartir las noticias, la informaci\u00f3n y los contenidos en [&hellip;]<\/p>\n","protected":false},"author":330,"featured_media":5243,"comment_status":"closed","ping_status":"closed","sticky":false,"template":"","format":"standard","meta":{"jetpack_post_was_ever_published":false,"_jetpack_newsletter_access":"","_jetpack_dont_email_post_to_subs":false,"_jetpack_newsletter_tier_id":0,"_jetpack_memberships_contains_paywalled_content":false,"_jetpack_memberships_contains_paid_content":false,"footnotes":""},"categories":[4],"tags":[295,297,293,296,292,294],"class_list":["post-5242","post","type-post","status-publish","format-standard","has-post-thumbnail","hentry","category-revista","tag-cantidad-de-informacion","tag-cuarto-poder","tag-masificacion","tag-nuevas-tecnologias","tag-prensa","tag-velocidad"],"jetpack_featured_media_url":"https:\/\/www.catedracosgaya.com.ar\/tipoblog\/2014\/wp-content\/uploads\/2014\/10\/Kiosco-1.jpg","jetpack_shortlink":"https:\/\/wp.me\/p4rrRH-1my","jetpack_sharing_enabled":true,"_links":{"self":[{"href":"https:\/\/www.catedracosgaya.com.ar\/tipoblog\/2014\/wp-json\/wp\/v2\/posts\/5242","targetHints":{"allow":["GET"]}}],"collection":[{"href":"https:\/\/www.catedracosgaya.com.ar\/tipoblog\/2014\/wp-json\/wp\/v2\/posts"}],"about":[{"href":"https:\/\/www.catedracosgaya.com.ar\/tipoblog\/2014\/wp-json\/wp\/v2\/types\/post"}],"author":[{"embeddable":true,"href":"https:\/\/www.catedracosgaya.com.ar\/tipoblog\/2014\/wp-json\/wp\/v2\/users\/330"}],"replies":[{"embeddable":true,"href":"https:\/\/www.catedracosgaya.com.ar\/tipoblog\/2014\/wp-json\/wp\/v2\/comments?post=5242"}],"version-history":[{"count":30,"href":"https:\/\/www.catedracosgaya.com.ar\/tipoblog\/2014\/wp-json\/wp\/v2\/posts\/5242\/revisions"}],"predecessor-version":[{"id":5277,"href":"https:\/\/www.catedracosgaya.com.ar\/tipoblog\/2014\/wp-json\/wp\/v2\/posts\/5242\/revisions\/5277"}],"wp:featuredmedia":[{"embeddable":true,"href":"https:\/\/www.catedracosgaya.com.ar\/tipoblog\/2014\/wp-json\/wp\/v2\/media\/5243"}],"wp:attachment":[{"href":"https:\/\/www.catedracosgaya.com.ar\/tipoblog\/2014\/wp-json\/wp\/v2\/media?parent=5242"}],"wp:term":[{"taxonomy":"category","embeddable":true,"href":"https:\/\/www.catedracosgaya.com.ar\/tipoblog\/2014\/wp-json\/wp\/v2\/categories?post=5242"},{"taxonomy":"post_tag","embeddable":true,"href":"https:\/\/www.catedracosgaya.com.ar\/tipoblog\/2014\/wp-json\/wp\/v2\/tags?post=5242"}],"curies":[{"name":"wp","href":"https:\/\/api.w.org\/{rel}","templated":true}]}}