{"id":5224,"date":"2014-10-09T16:50:37","date_gmt":"2014-10-09T16:50:37","guid":{"rendered":"http:\/\/www.catedracosgaya.com.ar\/tipoblog\/2014\/?p=5224"},"modified":"2014-10-09T16:50:37","modified_gmt":"2014-10-09T16:50:37","slug":"el-diario-y-sus-publicos","status":"publish","type":"post","link":"https:\/\/www.catedracosgaya.com.ar\/tipoblog\/2014\/el-diario-y-sus-publicos\/","title":{"rendered":"El diario y sus p\u00fablicos"},"content":{"rendered":"<p>&nbsp;<\/p>\n<p><strong>Un breve recorrido hist\u00f3rico por la prensa europea del siglo XIX, particularmente de \u00abLa edad de Oro\u00bb (1870-1914) y los diferentes peri\u00f3dicos seg\u00fan el publico al que iban dirigidos.<\/strong><\/p>\n<p>En la primera clase en la que empezamos con este tp, en mi comisi\u00f3n surgi\u00f3 el tema de los diferentes p\u00fablicos seg\u00fan el tipo de publicaci\u00f3n, ya sea pensandolo solo en cuestiones del formato, como por ejemplo, el caso del formato grande de La Naci\u00f3n compar\u00e1ndolo con un diario m\u00e1s chico, practico y que ya invita a otro tipo de lectura y de p\u00fablico&#8230;<\/p>\n<p>Por eso, al momento de pensar de lo que iba a hablar, pens\u00e9 en profundizar un poco este tema a lo largo de la historia y hacer un breve repaso de la prensa europea en el siglo XIX, particularmente en \u201cla Edad Europea\u201d y sus diferentes p\u00fablicos.<\/p>\n<p>En el siglo XIX una serie de factores influir\u00e1n en el desarrollo de la prensa: como por ejemplo la revoluci\u00f3n industrial, que provoca el fen\u00f3meno de la urbanizaci\u00f3n e implica la aparici\u00f3n de la prensa obrera y la progresiva alfabetizaci\u00f3n que provoca una demanda cada vez mayor de noticias. \u00a0Un texto de Martyn Lyons que le\u00ed en Historia I nos comenta que en el siglo XIX aparecieron nuevos lectores que se interesaron por los peri\u00f3dicos y la ficci\u00f3n barata sobre todo en el medio urbano.<\/p>\n<p>Dos de los sectores pertenecientes a este nuevo p\u00fablico lector del per\u00edodo fueron las mujeres y los trabajadores.<\/p>\n<p><strong>\u00abLa edad de Oro\u00bb<\/strong><\/p>\n<p>De 1870 a 1914 \u00a0la prensa europea vive un gran momento conocido como \u00abLa edad de Oro\u00bb . La libertad de prensa facilita la aparici\u00f3n de centenares de publicaciones que se clasifican como prensa de \u00e9lite: Le Journal des D\u00e9bats, Le Figaro, el influyente Le Temps o el Frankfurter Zeitung Allgemeine; prensa especializada: Il Sole, que fue el primer diario econ\u00f3mico y comercial de Italia; prensa pol\u00edtica: L\u2019Humanit\u00e9; y prensa de masas: Le Petit Journal, Le Petit Parisien, Le Matin y Le Journal, con tiradas millonarias en Francia y en Italia Il Secolo, primer peri\u00f3dico moderno, el Corriere della Sera o Il Messaggero.<\/p>\n<p><strong>Algunos periodicos&#8230;<\/strong><\/p>\n<div id=\"attachment_5227\" style=\"width: 310px\" class=\"wp-caption alignnone\"><a href=\"http:\/\/www.catedracosgaya.com.ar\/tipoblog\/2014\/wp-content\/uploads\/2014\/10\/1928.jpg\"><img loading=\"lazy\" decoding=\"async\" aria-describedby=\"caption-attachment-5227\" data-attachment-id=\"5227\" data-permalink=\"https:\/\/www.catedracosgaya.com.ar\/tipoblog\/2014\/el-diario-y-sus-publicos\/attachment\/1928\/\" data-orig-file=\"https:\/\/www.catedracosgaya.com.ar\/tipoblog\/2014\/wp-content\/uploads\/2014\/10\/1928.jpg\" data-orig-size=\"536,359\" data-comments-opened=\"0\" data-image-meta=\"{&quot;aperture&quot;:&quot;0&quot;,&quot;credit&quot;:&quot;&quot;,&quot;camera&quot;:&quot;&quot;,&quot;caption&quot;:&quot;&quot;,&quot;created_timestamp&quot;:&quot;0&quot;,&quot;copyright&quot;:&quot;&quot;,&quot;focal_length&quot;:&quot;0&quot;,&quot;iso&quot;:&quot;0&quot;,&quot;shutter_speed&quot;:&quot;0&quot;,&quot;title&quot;:&quot;&quot;}\" data-image-title=\"1928\" data-image-description=\"&lt;p&gt;Publicaci\u00f3n de 1928&lt;\/p&gt;\n\" data-image-caption=\"&lt;p&gt;Corriere della Sera&lt;\/p&gt;\n\" data-large-file=\"https:\/\/www.catedracosgaya.com.ar\/tipoblog\/2014\/wp-content\/uploads\/2014\/10\/1928.jpg\" class=\"size-medium wp-image-5227\" src=\"http:\/\/www.catedracosgaya.com.ar\/tipoblog\/2014\/wp-content\/uploads\/2014\/10\/1928-300x200.jpg\" alt=\"Corriere della Sera\" width=\"300\" height=\"200\" srcset=\"https:\/\/www.catedracosgaya.com.ar\/tipoblog\/2014\/wp-content\/uploads\/2014\/10\/1928-300x200.jpg 300w, https:\/\/www.catedracosgaya.com.ar\/tipoblog\/2014\/wp-content\/uploads\/2014\/10\/1928.jpg 536w\" sizes=\"auto, (max-width: 300px) 100vw, 300px\" \/><\/a><p id=\"caption-attachment-5227\" class=\"wp-caption-text\">Corriere della Sera<\/p><\/div>\n<div id=\"attachment_5228\" style=\"width: 231px\" class=\"wp-caption alignnone\"><a href=\"http:\/\/www.catedracosgaya.com.ar\/tipoblog\/2014\/wp-content\/uploads\/2014\/10\/journaldesdebat.jpg\"><img loading=\"lazy\" decoding=\"async\" aria-describedby=\"caption-attachment-5228\" data-attachment-id=\"5228\" data-permalink=\"https:\/\/www.catedracosgaya.com.ar\/tipoblog\/2014\/el-diario-y-sus-publicos\/journaldesdebat\/\" data-orig-file=\"https:\/\/www.catedracosgaya.com.ar\/tipoblog\/2014\/wp-content\/uploads\/2014\/10\/journaldesdebat.jpg\" data-orig-size=\"1024,1384\" data-comments-opened=\"0\" data-image-meta=\"{&quot;aperture&quot;:&quot;0&quot;,&quot;credit&quot;:&quot;&quot;,&quot;camera&quot;:&quot;&quot;,&quot;caption&quot;:&quot;&quot;,&quot;created_timestamp&quot;:&quot;0&quot;,&quot;copyright&quot;:&quot;&quot;,&quot;focal_length&quot;:&quot;0&quot;,&quot;iso&quot;:&quot;0&quot;,&quot;shutter_speed&quot;:&quot;0&quot;,&quot;title&quot;:&quot;&quot;}\" data-image-title=\"journal de sdebats\" data-image-description=\"\" data-image-caption=\"&lt;p&gt;Publicaci\u00f3n de 1896&lt;\/p&gt;\n\" data-large-file=\"https:\/\/www.catedracosgaya.com.ar\/tipoblog\/2014\/wp-content\/uploads\/2014\/10\/journaldesdebat-757x1024.jpg\" class=\"size-medium wp-image-5228\" src=\"http:\/\/www.catedracosgaya.com.ar\/tipoblog\/2014\/wp-content\/uploads\/2014\/10\/journaldesdebat-221x300.jpg\" alt=\"Publicaci\u00f3n de 1896\" width=\"221\" height=\"300\" srcset=\"https:\/\/www.catedracosgaya.com.ar\/tipoblog\/2014\/wp-content\/uploads\/2014\/10\/journaldesdebat-221x300.jpg 221w, https:\/\/www.catedracosgaya.com.ar\/tipoblog\/2014\/wp-content\/uploads\/2014\/10\/journaldesdebat-757x1024.jpg 757w, https:\/\/www.catedracosgaya.com.ar\/tipoblog\/2014\/wp-content\/uploads\/2014\/10\/journaldesdebat.jpg 1024w\" sizes=\"auto, (max-width: 221px) 100vw, 221px\" \/><\/a><p id=\"caption-attachment-5228\" class=\"wp-caption-text\">Publicaci\u00f3n de 1896<\/p><\/div>\n<div id=\"attachment_5229\" style=\"width: 228px\" class=\"wp-caption alignnone\"><a href=\"http:\/\/www.catedracosgaya.com.ar\/tipoblog\/2014\/wp-content\/uploads\/2014\/10\/l-humanite.jpg\"><img loading=\"lazy\" decoding=\"async\" aria-describedby=\"caption-attachment-5229\" data-attachment-id=\"5229\" data-permalink=\"https:\/\/www.catedracosgaya.com.ar\/tipoblog\/2014\/el-diario-y-sus-publicos\/l-humanite\/\" data-orig-file=\"https:\/\/www.catedracosgaya.com.ar\/tipoblog\/2014\/wp-content\/uploads\/2014\/10\/l-humanite.jpg\" data-orig-size=\"1024,1403\" data-comments-opened=\"0\" data-image-meta=\"{&quot;aperture&quot;:&quot;0&quot;,&quot;credit&quot;:&quot;&quot;,&quot;camera&quot;:&quot;&quot;,&quot;caption&quot;:&quot;&quot;,&quot;created_timestamp&quot;:&quot;0&quot;,&quot;copyright&quot;:&quot;&quot;,&quot;focal_length&quot;:&quot;0&quot;,&quot;iso&quot;:&quot;0&quot;,&quot;shutter_speed&quot;:&quot;0&quot;,&quot;title&quot;:&quot;&quot;}\" data-image-title=\"l humanit\u00e9\" data-image-description=\"\" data-image-caption=\"&lt;p&gt;Publicaci\u00f3n de 1910&lt;\/p&gt;\n\" data-large-file=\"https:\/\/www.catedracosgaya.com.ar\/tipoblog\/2014\/wp-content\/uploads\/2014\/10\/l-humanite-747x1024.jpg\" class=\"size-medium wp-image-5229\" src=\"http:\/\/www.catedracosgaya.com.ar\/tipoblog\/2014\/wp-content\/uploads\/2014\/10\/l-humanite-218x300.jpg\" alt=\"Publicaci\u00f3n de 1910\" width=\"218\" height=\"300\" srcset=\"https:\/\/www.catedracosgaya.com.ar\/tipoblog\/2014\/wp-content\/uploads\/2014\/10\/l-humanite-218x300.jpg 218w, https:\/\/www.catedracosgaya.com.ar\/tipoblog\/2014\/wp-content\/uploads\/2014\/10\/l-humanite-747x1024.jpg 747w, https:\/\/www.catedracosgaya.com.ar\/tipoblog\/2014\/wp-content\/uploads\/2014\/10\/l-humanite.jpg 1024w\" sizes=\"auto, (max-width: 218px) 100vw, 218px\" \/><\/a><p id=\"caption-attachment-5229\" class=\"wp-caption-text\">Publicaci\u00f3n de 1910<\/p><\/div>\n<div id=\"attachment_5230\" style=\"width: 225px\" class=\"wp-caption alignnone\"><a href=\"http:\/\/www.catedracosgaya.com.ar\/tipoblog\/2014\/wp-content\/uploads\/2014\/10\/lepetitp1914.jpg\"><img loading=\"lazy\" decoding=\"async\" aria-describedby=\"caption-attachment-5230\" data-attachment-id=\"5230\" data-permalink=\"https:\/\/www.catedracosgaya.com.ar\/tipoblog\/2014\/el-diario-y-sus-publicos\/lepetitp1914\/\" data-orig-file=\"https:\/\/www.catedracosgaya.com.ar\/tipoblog\/2014\/wp-content\/uploads\/2014\/10\/lepetitp1914.jpg\" data-orig-size=\"1024,1424\" data-comments-opened=\"0\" data-image-meta=\"{&quot;aperture&quot;:&quot;0&quot;,&quot;credit&quot;:&quot;&quot;,&quot;camera&quot;:&quot;&quot;,&quot;caption&quot;:&quot;&quot;,&quot;created_timestamp&quot;:&quot;0&quot;,&quot;copyright&quot;:&quot;&quot;,&quot;focal_length&quot;:&quot;0&quot;,&quot;iso&quot;:&quot;0&quot;,&quot;shutter_speed&quot;:&quot;0&quot;,&quot;title&quot;:&quot;&quot;}\" data-image-title=\"Le Petit Parisien\" data-image-description=\"\" data-image-caption=\"&lt;p&gt;A\u00f1o 1914&lt;\/p&gt;\n\" data-large-file=\"https:\/\/www.catedracosgaya.com.ar\/tipoblog\/2014\/wp-content\/uploads\/2014\/10\/lepetitp1914-736x1024.jpg\" class=\"size-medium wp-image-5230\" src=\"http:\/\/www.catedracosgaya.com.ar\/tipoblog\/2014\/wp-content\/uploads\/2014\/10\/lepetitp1914-215x300.jpg\" alt=\"A\u00f1o 1914\" width=\"215\" height=\"300\" srcset=\"https:\/\/www.catedracosgaya.com.ar\/tipoblog\/2014\/wp-content\/uploads\/2014\/10\/lepetitp1914-215x300.jpg 215w, https:\/\/www.catedracosgaya.com.ar\/tipoblog\/2014\/wp-content\/uploads\/2014\/10\/lepetitp1914-736x1024.jpg 736w, https:\/\/www.catedracosgaya.com.ar\/tipoblog\/2014\/wp-content\/uploads\/2014\/10\/lepetitp1914.jpg 1024w\" sizes=\"auto, (max-width: 215px) 100vw, 215px\" \/><\/a><p id=\"caption-attachment-5230\" class=\"wp-caption-text\">A\u00f1o 1914<\/p><\/div>\n<p><a href=\"http:\/\/www.catedracosgaya.com.ar\/tipoblog\/2014\/wp-content\/uploads\/2014\/10\/lepetitparisien1912.jpg\"><img loading=\"lazy\" decoding=\"async\" data-attachment-id=\"5231\" data-permalink=\"https:\/\/www.catedracosgaya.com.ar\/tipoblog\/2014\/el-diario-y-sus-publicos\/lepetitparisien1912\/\" data-orig-file=\"https:\/\/www.catedracosgaya.com.ar\/tipoblog\/2014\/wp-content\/uploads\/2014\/10\/lepetitparisien1912.jpg\" data-orig-size=\"1024,1408\" data-comments-opened=\"0\" data-image-meta=\"{&quot;aperture&quot;:&quot;0&quot;,&quot;credit&quot;:&quot;&quot;,&quot;camera&quot;:&quot;&quot;,&quot;caption&quot;:&quot;&quot;,&quot;created_timestamp&quot;:&quot;0&quot;,&quot;copyright&quot;:&quot;&quot;,&quot;focal_length&quot;:&quot;0&quot;,&quot;iso&quot;:&quot;0&quot;,&quot;shutter_speed&quot;:&quot;0&quot;,&quot;title&quot;:&quot;&quot;}\" data-image-title=\"lepetitparisien1912\" data-image-description=\"\" data-image-caption=\"\" data-large-file=\"https:\/\/www.catedracosgaya.com.ar\/tipoblog\/2014\/wp-content\/uploads\/2014\/10\/lepetitparisien1912-744x1024.jpg\" class=\"alignnone size-medium wp-image-5231\" src=\"http:\/\/www.catedracosgaya.com.ar\/tipoblog\/2014\/wp-content\/uploads\/2014\/10\/lepetitparisien1912-218x300.jpg\" alt=\"lepetitparisien1912\" width=\"218\" height=\"300\" srcset=\"https:\/\/www.catedracosgaya.com.ar\/tipoblog\/2014\/wp-content\/uploads\/2014\/10\/lepetitparisien1912-218x300.jpg 218w, https:\/\/www.catedracosgaya.com.ar\/tipoblog\/2014\/wp-content\/uploads\/2014\/10\/lepetitparisien1912-744x1024.jpg 744w, https:\/\/www.catedracosgaya.com.ar\/tipoblog\/2014\/wp-content\/uploads\/2014\/10\/lepetitparisien1912.jpg 1024w\" sizes=\"auto, (max-width: 218px) 100vw, 218px\" \/><\/a><\/p>\n<div id=\"attachment_5232\" style=\"width: 310px\" class=\"wp-caption alignnone\"><a href=\"http:\/\/www.catedracosgaya.com.ar\/tipoblog\/2014\/wp-content\/uploads\/2014\/10\/le-matin-1906.jpg\"><img loading=\"lazy\" decoding=\"async\" aria-describedby=\"caption-attachment-5232\" data-attachment-id=\"5232\" data-permalink=\"https:\/\/www.catedracosgaya.com.ar\/tipoblog\/2014\/el-diario-y-sus-publicos\/le-matin-1906\/\" data-orig-file=\"https:\/\/www.catedracosgaya.com.ar\/tipoblog\/2014\/wp-content\/uploads\/2014\/10\/le-matin-1906.jpg\" data-orig-size=\"555,380\" data-comments-opened=\"0\" data-image-meta=\"{&quot;aperture&quot;:&quot;0&quot;,&quot;credit&quot;:&quot;&quot;,&quot;camera&quot;:&quot;&quot;,&quot;caption&quot;:&quot;&quot;,&quot;created_timestamp&quot;:&quot;0&quot;,&quot;copyright&quot;:&quot;&quot;,&quot;focal_length&quot;:&quot;0&quot;,&quot;iso&quot;:&quot;0&quot;,&quot;shutter_speed&quot;:&quot;0&quot;,&quot;title&quot;:&quot;&quot;}\" data-image-title=\"le matin 1906\" data-image-description=\"\" data-image-caption=\"&lt;p&gt;Publicaci\u00f3n de 1906&lt;\/p&gt;\n\" data-large-file=\"https:\/\/www.catedracosgaya.com.ar\/tipoblog\/2014\/wp-content\/uploads\/2014\/10\/le-matin-1906.jpg\" class=\"size-medium wp-image-5232\" src=\"http:\/\/www.catedracosgaya.com.ar\/tipoblog\/2014\/wp-content\/uploads\/2014\/10\/le-matin-1906-300x205.jpg\" alt=\"Publicaci\u00f3n de 1906\" width=\"300\" height=\"205\" srcset=\"https:\/\/www.catedracosgaya.com.ar\/tipoblog\/2014\/wp-content\/uploads\/2014\/10\/le-matin-1906-300x205.jpg 300w, https:\/\/www.catedracosgaya.com.ar\/tipoblog\/2014\/wp-content\/uploads\/2014\/10\/le-matin-1906.jpg 555w\" sizes=\"auto, (max-width: 300px) 100vw, 300px\" \/><\/a><p id=\"caption-attachment-5232\" class=\"wp-caption-text\">Publicaci\u00f3n de 1906<\/p><\/div>\n<div id=\"attachment_5234\" style=\"width: 229px\" class=\"wp-caption alignnone\"><a href=\"http:\/\/www.catedracosgaya.com.ar\/tipoblog\/2014\/wp-content\/uploads\/2014\/10\/22.jpg\"><img loading=\"lazy\" decoding=\"async\" aria-describedby=\"caption-attachment-5234\" data-attachment-id=\"5234\" data-permalink=\"https:\/\/www.catedracosgaya.com.ar\/tipoblog\/2014\/el-diario-y-sus-publicos\/attachment\/22\/\" data-orig-file=\"https:\/\/www.catedracosgaya.com.ar\/tipoblog\/2014\/wp-content\/uploads\/2014\/10\/22.jpg\" data-orig-size=\"1374,1874\" data-comments-opened=\"0\" data-image-meta=\"{&quot;aperture&quot;:&quot;0&quot;,&quot;credit&quot;:&quot;&quot;,&quot;camera&quot;:&quot;&quot;,&quot;caption&quot;:&quot;&quot;,&quot;created_timestamp&quot;:&quot;0&quot;,&quot;copyright&quot;:&quot;&quot;,&quot;focal_length&quot;:&quot;0&quot;,&quot;iso&quot;:&quot;0&quot;,&quot;shutter_speed&quot;:&quot;0&quot;,&quot;title&quot;:&quot;&quot;}\" data-image-title=\"Il secolo\" data-image-description=\"\" data-image-caption=\"&lt;p&gt;Publicaci\u00f3n del a\u00f1o 1912, con noticia principal sobre el hundmiento del Titanic&lt;\/p&gt;\n\" data-large-file=\"https:\/\/www.catedracosgaya.com.ar\/tipoblog\/2014\/wp-content\/uploads\/2014\/10\/22-750x1024.jpg\" class=\"size-medium wp-image-5234\" src=\"http:\/\/www.catedracosgaya.com.ar\/tipoblog\/2014\/wp-content\/uploads\/2014\/10\/22-219x300.jpg\" alt=\"Publicaci\u00f3n del a\u00f1o 1912, con noticia principal sobre el hundmiento del Titanic\" width=\"219\" height=\"300\" srcset=\"https:\/\/www.catedracosgaya.com.ar\/tipoblog\/2014\/wp-content\/uploads\/2014\/10\/22-219x300.jpg 219w, https:\/\/www.catedracosgaya.com.ar\/tipoblog\/2014\/wp-content\/uploads\/2014\/10\/22-750x1024.jpg 750w, https:\/\/www.catedracosgaya.com.ar\/tipoblog\/2014\/wp-content\/uploads\/2014\/10\/22.jpg 1374w\" sizes=\"auto, (max-width: 219px) 100vw, 219px\" \/><\/a><p id=\"caption-attachment-5234\" class=\"wp-caption-text\">Publicaci\u00f3n del a\u00f1o 1912, con noticia principal sobre el hundmiento del Titanic<\/p><\/div>\n<p>Al observar las diferentes publicaciones, por m\u00e1s que tuviesen noticias y p\u00fablicos diferentes, no se observan grandes diferencias desde el aspecto del dise\u00f1o como si hubo posteriormente para reforzar la impronta de cada diario. La imagen aunque empezaba a estar presente, siempre sol\u00eda cumplir un rol secundario, aspecto que con el correr del tiempo fue modific\u00e1ndose d\u00e1ndole un rol clave.<\/p>\n<p>&nbsp;<\/p>\n<p><strong>Redondeando..<\/strong><\/p>\n<p>La idea de esto fue dejar por un ratiiiito de lado (no mucho, que ma\u00f1ana tenemos entrega!) el tema del dise\u00f1o de diarios de forma aislada para pensar m\u00e1s en el p\u00fablico receptor de la pieza, que determina mucho el tipo de dise\u00f1o.<br \/>\nBibliografia:<\/p>\n<p><span style=\"font-weight: bold\">Martin Lyons,<\/span>\u00a0\u201cLos nuevos lectores del siglo XIX: mujeres, ni\u00f1os, obreros\u201d, en Guglielmo Cavallo y Roger Chartier,\u00a0<i>Historia de la lectura en el mundo occidental<\/i>, Madrid, Taurus, 1998<\/p>\n<p><span style=\"font-weight: bold\">Roger Chartier<\/span>, \u201cRepresentaciones y pr\u00e1cticas. Revoluci\u00f3n y lectura en Francia\u201d, en\u00a0<i>Sociedad y escritura en\u00a0<\/i><i>la Edad Moderna<\/i>,<i>\u00a0<\/i>M\u00e9xico, Instituto Mora, 1995<\/p>\n<p>&nbsp;<\/p>\n","protected":false},"excerpt":{"rendered":"<p>&nbsp; Un breve recorrido hist\u00f3rico por la prensa europea del siglo XIX, particularmente de \u00abLa edad de Oro\u00bb (1870-1914) y los diferentes peri\u00f3dicos seg\u00fan el publico al que iban dirigidos. En la primera clase en [&hellip;]<\/p>\n","protected":false},"author":326,"featured_media":5231,"comment_status":"closed","ping_status":"closed","sticky":false,"template":"","format":"standard","meta":{"jetpack_post_was_ever_published":false,"_jetpack_newsletter_access":"","_jetpack_dont_email_post_to_subs":false,"_jetpack_newsletter_tier_id":0,"_jetpack_memberships_contains_paywalled_content":false,"_jetpack_memberships_contains_paid_content":false,"footnotes":""},"categories":[5],"tags":[174,19,278,291,42],"class_list":["post-5224","post","type-post","status-publish","format-standard","has-post-thumbnail","hentry","category-periodico","tag-comunicacion","tag-diario","tag-historia","tag-receptor","tag-tipografia"],"jetpack_featured_media_url":"https:\/\/www.catedracosgaya.com.ar\/tipoblog\/2014\/wp-content\/uploads\/2014\/10\/lepetitparisien1912.jpg","jetpack_shortlink":"https:\/\/wp.me\/p4rrRH-1mg","jetpack_sharing_enabled":true,"_links":{"self":[{"href":"https:\/\/www.catedracosgaya.com.ar\/tipoblog\/2014\/wp-json\/wp\/v2\/posts\/5224","targetHints":{"allow":["GET"]}}],"collection":[{"href":"https:\/\/www.catedracosgaya.com.ar\/tipoblog\/2014\/wp-json\/wp\/v2\/posts"}],"about":[{"href":"https:\/\/www.catedracosgaya.com.ar\/tipoblog\/2014\/wp-json\/wp\/v2\/types\/post"}],"author":[{"embeddable":true,"href":"https:\/\/www.catedracosgaya.com.ar\/tipoblog\/2014\/wp-json\/wp\/v2\/users\/326"}],"replies":[{"embeddable":true,"href":"https:\/\/www.catedracosgaya.com.ar\/tipoblog\/2014\/wp-json\/wp\/v2\/comments?post=5224"}],"version-history":[{"count":4,"href":"https:\/\/www.catedracosgaya.com.ar\/tipoblog\/2014\/wp-json\/wp\/v2\/posts\/5224\/revisions"}],"predecessor-version":[{"id":5237,"href":"https:\/\/www.catedracosgaya.com.ar\/tipoblog\/2014\/wp-json\/wp\/v2\/posts\/5224\/revisions\/5237"}],"wp:featuredmedia":[{"embeddable":true,"href":"https:\/\/www.catedracosgaya.com.ar\/tipoblog\/2014\/wp-json\/wp\/v2\/media\/5231"}],"wp:attachment":[{"href":"https:\/\/www.catedracosgaya.com.ar\/tipoblog\/2014\/wp-json\/wp\/v2\/media?parent=5224"}],"wp:term":[{"taxonomy":"category","embeddable":true,"href":"https:\/\/www.catedracosgaya.com.ar\/tipoblog\/2014\/wp-json\/wp\/v2\/categories?post=5224"},{"taxonomy":"post_tag","embeddable":true,"href":"https:\/\/www.catedracosgaya.com.ar\/tipoblog\/2014\/wp-json\/wp\/v2\/tags?post=5224"}],"curies":[{"name":"wp","href":"https:\/\/api.w.org\/{rel}","templated":true}]}}