{"id":5214,"date":"2014-10-08T19:27:07","date_gmt":"2014-10-08T19:27:07","guid":{"rendered":"http:\/\/www.catedracosgaya.com.ar\/tipoblog\/2014\/?p=5214"},"modified":"2014-10-08T19:27:07","modified_gmt":"2014-10-08T19:27:07","slug":"periodismo-y-diseno","status":"publish","type":"post","link":"https:\/\/www.catedracosgaya.com.ar\/tipoblog\/2014\/periodismo-y-diseno\/","title":{"rendered":"Periodismo y dise\u00f1o"},"content":{"rendered":"<p><strong>DATO DEL D\u00cdA:<\/strong> Me toco subir en una fecha muy importante, hoy ser\u00eda el cumplea\u00f1os del ex presidente Juan Domingo Per\u00f3n. Lo nombro para recordar que en 1947, durante su presidencia declar\u00f3 el 7 de noviembre como d\u00eda del canillita, \u00e9ste d\u00eda conmemora la muerte de Florencio S\u00e1nchez, un excelente dramaturgo uruguayo. Cabe destacar que Per\u00f3n, durante su cargo en el Ministerio de Trabajo y Previsi\u00f3n fue quien sindicaliz\u00f3 a los vendedores.<\/p>\n<p><a href=\"http:\/\/www.catedracosgaya.com.ar\/tipoblog\/2014\/wp-content\/uploads\/2014\/10\/CMS_1320668531445_canillitas_en_buenos_aires.jpg\"><img loading=\"lazy\" decoding=\"async\" data-attachment-id=\"5215\" data-permalink=\"https:\/\/www.catedracosgaya.com.ar\/tipoblog\/2014\/periodismo-y-diseno\/cms_1320668531445_canillitas_en_buenos_aires\/\" data-orig-file=\"https:\/\/www.catedracosgaya.com.ar\/tipoblog\/2014\/wp-content\/uploads\/2014\/10\/CMS_1320668531445_canillitas_en_buenos_aires.jpg\" data-orig-size=\"853,640\" data-comments-opened=\"0\" data-image-meta=\"{&quot;aperture&quot;:&quot;0&quot;,&quot;credit&quot;:&quot;&quot;,&quot;camera&quot;:&quot;&quot;,&quot;caption&quot;:&quot;&quot;,&quot;created_timestamp&quot;:&quot;0&quot;,&quot;copyright&quot;:&quot;&quot;,&quot;focal_length&quot;:&quot;0&quot;,&quot;iso&quot;:&quot;0&quot;,&quot;shutter_speed&quot;:&quot;0&quot;,&quot;title&quot;:&quot;&quot;}\" data-image-title=\"CMS_1320668531445_canillitas_en_buenos_aires\" data-image-description=\"\" data-image-caption=\"\" data-large-file=\"https:\/\/www.catedracosgaya.com.ar\/tipoblog\/2014\/wp-content\/uploads\/2014\/10\/CMS_1320668531445_canillitas_en_buenos_aires.jpg\" class=\"alignnone size-medium wp-image-5215\" src=\"http:\/\/www.catedracosgaya.com.ar\/tipoblog\/2014\/wp-content\/uploads\/2014\/10\/CMS_1320668531445_canillitas_en_buenos_aires-300x225.jpg\" alt=\"CMS_1320668531445_canillitas_en_buenos_aires\" width=\"300\" height=\"225\" srcset=\"https:\/\/www.catedracosgaya.com.ar\/tipoblog\/2014\/wp-content\/uploads\/2014\/10\/CMS_1320668531445_canillitas_en_buenos_aires-300x225.jpg 300w, https:\/\/www.catedracosgaya.com.ar\/tipoblog\/2014\/wp-content\/uploads\/2014\/10\/CMS_1320668531445_canillitas_en_buenos_aires.jpg 853w\" sizes=\"auto, (max-width: 300px) 100vw, 300px\" \/><\/a><\/p>\n<hr \/>\n<p>&nbsp;<\/p>\n<p>&nbsp;<\/p>\n<p>Llama mi atenci\u00f3n la poderosa similitud que encuentro entre el periodismo y el dise\u00f1o gr\u00e1fico. El periodista no s\u00f3lo consigue notas y el dise\u00f1ador no s\u00f3lo hace dibujos. Ambos captan informaci\u00f3n, el periodismo la trasmite en forma escrita y oral, mientras que el dise\u00f1ador lo hace de manera escrita y visual, es decir gr\u00e1fica. Queda en evidencia que periodismo y dise\u00f1o tratan de una forma de comunicaci\u00f3n que ha producido grandes e importantes cambios en la sociedad. Las dos comunicaciones van de la mano, hablan e impactan por s\u00ed solas. Se orienta al espectador, se lo informa y comunica, pero lo que se destaca en estas disciplinas es que tienen el maravilloso poder de educar.<\/p>\n<p>El periodismo y el dise\u00f1o cuentan con las herramientas necesarias para transformar las ideas, as\u00ed logran orientar y organizar a la sociedad.<\/p>\n<p>En el periodismo los hechos que son noticia est\u00e1n evaluados para que lo sean con ciertos criterios, como la relevancia, el inter\u00e9s y la actualidad. Casi siempre se le incorpora a las noticias condimentos para generar una reacci\u00f3n emocional en el espectador.<\/p>\n<p>De todos los medios de comunicaci\u00f3n la prensa escrita tiene gran profundidad de investigaci\u00f3n comparada con la televisi\u00f3n o la radio, que contienen noticias por lo general superficiales. Los diarios transmiten conocimientos y noticias que informan sobre los hechos de la actualidad.<\/p>\n<p>En el dise\u00f1o del diario las noticias se ordenan por secciones que responden a un inter\u00e9s com\u00fan determinando un recorrido de lectura. En la televisi\u00f3n se trata de conseguir la atenci\u00f3n del televidente y se utilizan otras categor\u00edas como la de \u201c\u00daltimo momento\u201d por ejemplo. Los tiempos de la tv son otros y la informaci\u00f3n se organiza por importancia para que se consuma el producto.<\/p>\n<p><a href=\"http:\/\/www.catedracosgaya.com.ar\/tipoblog\/2014\/wp-content\/uploads\/2014\/10\/2.jpeg\"><img loading=\"lazy\" decoding=\"async\" data-attachment-id=\"5220\" data-permalink=\"https:\/\/www.catedracosgaya.com.ar\/tipoblog\/2014\/periodismo-y-diseno\/2-10\/\" data-orig-file=\"https:\/\/www.catedracosgaya.com.ar\/tipoblog\/2014\/wp-content\/uploads\/2014\/10\/2.jpeg\" data-orig-size=\"619,464\" data-comments-opened=\"0\" data-image-meta=\"{&quot;aperture&quot;:&quot;0&quot;,&quot;credit&quot;:&quot;&quot;,&quot;camera&quot;:&quot;&quot;,&quot;caption&quot;:&quot;&quot;,&quot;created_timestamp&quot;:&quot;0&quot;,&quot;copyright&quot;:&quot;&quot;,&quot;focal_length&quot;:&quot;0&quot;,&quot;iso&quot;:&quot;0&quot;,&quot;shutter_speed&quot;:&quot;0&quot;,&quot;title&quot;:&quot;&quot;}\" data-image-title=\"2\" data-image-description=\"\" data-image-caption=\"\" data-large-file=\"https:\/\/www.catedracosgaya.com.ar\/tipoblog\/2014\/wp-content\/uploads\/2014\/10\/2.jpeg\" class=\"alignnone size-medium wp-image-5220\" src=\"http:\/\/www.catedracosgaya.com.ar\/tipoblog\/2014\/wp-content\/uploads\/2014\/10\/2-300x224.jpeg\" alt=\"2\" width=\"300\" height=\"224\" srcset=\"https:\/\/www.catedracosgaya.com.ar\/tipoblog\/2014\/wp-content\/uploads\/2014\/10\/2-300x224.jpeg 300w, https:\/\/www.catedracosgaya.com.ar\/tipoblog\/2014\/wp-content\/uploads\/2014\/10\/2.jpeg 619w\" sizes=\"auto, (max-width: 300px) 100vw, 300px\" \/><\/a><\/p>\n<p>Gracias a que hay una coincidencia ideol\u00f3gica uno elige ese tipo de medio comunicacional. En el caso del diario es fundamental su dise\u00f1o, desde el nombre, color, la diagramaci\u00f3n, tipograf\u00eda, selecci\u00f3n de im\u00e1genes, entre otras cosas, para que el lector acepte la informaci\u00f3n como verdadera y reconozca la rama period\u00edstica. Adem\u00e1s del poder que la gr\u00e1fica tiene para empatizar con el usuario, hay un consenso con el lector, en donde \u00e9l sabe que las noticias largas son las m\u00e1s importantes, por ejemplo. El dise\u00f1ador trata de guiar al lector en la importancia de las noticias, utilizando por ejemplo fotograf\u00edas, variables tipogr\u00e1ficas en titulares, la tapa del diario, su parte superior o lado derecho de la p\u00e1gina, entre otros.<\/p>\n<p><a href=\"http:\/\/www.catedracosgaya.com.ar\/tipoblog\/2014\/wp-content\/uploads\/2014\/10\/civieco.jpg\"><img loading=\"lazy\" decoding=\"async\" data-attachment-id=\"5219\" data-permalink=\"https:\/\/www.catedracosgaya.com.ar\/tipoblog\/2014\/periodismo-y-diseno\/18m8gn05_1-indd\/\" data-orig-file=\"https:\/\/www.catedracosgaya.com.ar\/tipoblog\/2014\/wp-content\/uploads\/2014\/10\/civieco.jpg\" data-orig-size=\"1531,995\" data-comments-opened=\"0\" data-image-meta=\"{&quot;aperture&quot;:&quot;0&quot;,&quot;credit&quot;:&quot;&quot;,&quot;camera&quot;:&quot;&quot;,&quot;caption&quot;:&quot;&quot;,&quot;created_timestamp&quot;:&quot;0&quot;,&quot;copyright&quot;:&quot;&quot;,&quot;focal_length&quot;:&quot;0&quot;,&quot;iso&quot;:&quot;0&quot;,&quot;shutter_speed&quot;:&quot;0&quot;,&quot;title&quot;:&quot;18m8gn05_1.indd&quot;}\" data-image-title=\"18m8gn05_1.indd\" data-image-description=\"\" data-image-caption=\"\" data-large-file=\"https:\/\/www.catedracosgaya.com.ar\/tipoblog\/2014\/wp-content\/uploads\/2014\/10\/civieco-1024x665.jpg\" class=\"alignnone size-medium wp-image-5219\" src=\"http:\/\/www.catedracosgaya.com.ar\/tipoblog\/2014\/wp-content\/uploads\/2014\/10\/civieco-300x194.jpg\" alt=\"18m8gn05_1.indd\" width=\"300\" height=\"194\" srcset=\"https:\/\/www.catedracosgaya.com.ar\/tipoblog\/2014\/wp-content\/uploads\/2014\/10\/civieco-300x194.jpg 300w, https:\/\/www.catedracosgaya.com.ar\/tipoblog\/2014\/wp-content\/uploads\/2014\/10\/civieco-1024x665.jpg 1024w, https:\/\/www.catedracosgaya.com.ar\/tipoblog\/2014\/wp-content\/uploads\/2014\/10\/civieco.jpg 1531w\" sizes=\"auto, (max-width: 300px) 100vw, 300px\" \/><\/a><\/p>\n<p><a href=\"http:\/\/www.catedracosgaya.com.ar\/tipoblog\/2014\/wp-content\/uploads\/2014\/10\/excelsior_world_best.jpg\"><img loading=\"lazy\" decoding=\"async\" data-attachment-id=\"5218\" data-permalink=\"https:\/\/www.catedracosgaya.com.ar\/tipoblog\/2014\/periodismo-y-diseno\/excelsior_world_best\/\" data-orig-file=\"https:\/\/www.catedracosgaya.com.ar\/tipoblog\/2014\/wp-content\/uploads\/2014\/10\/excelsior_world_best.jpg\" data-orig-size=\"468,398\" data-comments-opened=\"0\" data-image-meta=\"{&quot;aperture&quot;:&quot;0&quot;,&quot;credit&quot;:&quot;&quot;,&quot;camera&quot;:&quot;&quot;,&quot;caption&quot;:&quot;&quot;,&quot;created_timestamp&quot;:&quot;0&quot;,&quot;copyright&quot;:&quot;&quot;,&quot;focal_length&quot;:&quot;0&quot;,&quot;iso&quot;:&quot;0&quot;,&quot;shutter_speed&quot;:&quot;0&quot;,&quot;title&quot;:&quot;&quot;}\" data-image-title=\"excelsior_world_best\" data-image-description=\"\" data-image-caption=\"\" data-large-file=\"https:\/\/www.catedracosgaya.com.ar\/tipoblog\/2014\/wp-content\/uploads\/2014\/10\/excelsior_world_best.jpg\" class=\"alignnone size-medium wp-image-5218\" src=\"http:\/\/www.catedracosgaya.com.ar\/tipoblog\/2014\/wp-content\/uploads\/2014\/10\/excelsior_world_best-300x255.jpg\" alt=\"excelsior_world_best\" width=\"300\" height=\"255\" srcset=\"https:\/\/www.catedracosgaya.com.ar\/tipoblog\/2014\/wp-content\/uploads\/2014\/10\/excelsior_world_best-300x255.jpg 300w, https:\/\/www.catedracosgaya.com.ar\/tipoblog\/2014\/wp-content\/uploads\/2014\/10\/excelsior_world_best.jpg 468w\" sizes=\"auto, (max-width: 300px) 100vw, 300px\" \/><\/a><\/p>\n<p>Las fotograf\u00edas le agregan fuerza a lo escrito. Sin el trabajo del dise\u00f1ador el peri\u00f3dico no lograr\u00eda por si s\u00f3lo el impacto que busca, ya que el profesional debe determinar una serie de decisiones, como tama\u00f1os, distribuciones, colores, etc., en el armado editorial.<\/p>\n<p><a href=\"http:\/\/www.catedracosgaya.com.ar\/tipoblog\/2014\/wp-content\/uploads\/2014\/10\/banfieldcampeon_ole.jpg\"><img loading=\"lazy\" decoding=\"async\" data-attachment-id=\"5221\" data-permalink=\"https:\/\/www.catedracosgaya.com.ar\/tipoblog\/2014\/periodismo-y-diseno\/banfieldcampeon_ole\/\" data-orig-file=\"https:\/\/www.catedracosgaya.com.ar\/tipoblog\/2014\/wp-content\/uploads\/2014\/10\/banfieldcampeon_ole.jpg\" data-orig-size=\"460,643\" data-comments-opened=\"0\" data-image-meta=\"{&quot;aperture&quot;:&quot;0&quot;,&quot;credit&quot;:&quot;&quot;,&quot;camera&quot;:&quot;&quot;,&quot;caption&quot;:&quot;&quot;,&quot;created_timestamp&quot;:&quot;0&quot;,&quot;copyright&quot;:&quot;&quot;,&quot;focal_length&quot;:&quot;0&quot;,&quot;iso&quot;:&quot;0&quot;,&quot;shutter_speed&quot;:&quot;0&quot;,&quot;title&quot;:&quot;&quot;}\" data-image-title=\"banfieldcampeon_ole\" data-image-description=\"\" data-image-caption=\"\" data-large-file=\"https:\/\/www.catedracosgaya.com.ar\/tipoblog\/2014\/wp-content\/uploads\/2014\/10\/banfieldcampeon_ole.jpg\" class=\"alignnone size-medium wp-image-5221\" src=\"http:\/\/www.catedracosgaya.com.ar\/tipoblog\/2014\/wp-content\/uploads\/2014\/10\/banfieldcampeon_ole-214x300.jpg\" alt=\"banfieldcampeon_ole\" width=\"214\" height=\"300\" srcset=\"https:\/\/www.catedracosgaya.com.ar\/tipoblog\/2014\/wp-content\/uploads\/2014\/10\/banfieldcampeon_ole-214x300.jpg 214w, https:\/\/www.catedracosgaya.com.ar\/tipoblog\/2014\/wp-content\/uploads\/2014\/10\/banfieldcampeon_ole.jpg 460w\" sizes=\"auto, (max-width: 214px) 100vw, 214px\" \/><\/a><\/p>\n<p>Relativamente nuevo es el uso de infograf\u00edas, \u00e9stas complementan la informaci\u00f3n de lo escrito, la organizan y resumen para que el lector se encuentre en contacto directo con la informaci\u00f3n.<\/p>\n<p><a href=\"http:\/\/www.catedracosgaya.com.ar\/tipoblog\/2014\/wp-content\/uploads\/2014\/10\/INFOGRAFIA_BEIJING.jpg\"><img loading=\"lazy\" decoding=\"async\" data-attachment-id=\"5217\" data-permalink=\"https:\/\/www.catedracosgaya.com.ar\/tipoblog\/2014\/periodismo-y-diseno\/infografia_beijing\/\" data-orig-file=\"https:\/\/www.catedracosgaya.com.ar\/tipoblog\/2014\/wp-content\/uploads\/2014\/10\/INFOGRAFIA_BEIJING.jpg\" data-orig-size=\"1320,725\" data-comments-opened=\"0\" data-image-meta=\"{&quot;aperture&quot;:&quot;0&quot;,&quot;credit&quot;:&quot;&quot;,&quot;camera&quot;:&quot;&quot;,&quot;caption&quot;:&quot;&quot;,&quot;created_timestamp&quot;:&quot;0&quot;,&quot;copyright&quot;:&quot;&quot;,&quot;focal_length&quot;:&quot;0&quot;,&quot;iso&quot;:&quot;0&quot;,&quot;shutter_speed&quot;:&quot;0&quot;,&quot;title&quot;:&quot;&quot;}\" data-image-title=\"INFOGRAFIA_BEIJING\" data-image-description=\"\" data-image-caption=\"\" data-large-file=\"https:\/\/www.catedracosgaya.com.ar\/tipoblog\/2014\/wp-content\/uploads\/2014\/10\/INFOGRAFIA_BEIJING-1024x562.jpg\" class=\"alignnone size-medium wp-image-5217\" src=\"http:\/\/www.catedracosgaya.com.ar\/tipoblog\/2014\/wp-content\/uploads\/2014\/10\/INFOGRAFIA_BEIJING-300x164.jpg\" alt=\"INFOGRAFIA_BEIJING\" width=\"300\" height=\"164\" srcset=\"https:\/\/www.catedracosgaya.com.ar\/tipoblog\/2014\/wp-content\/uploads\/2014\/10\/INFOGRAFIA_BEIJING-300x164.jpg 300w, https:\/\/www.catedracosgaya.com.ar\/tipoblog\/2014\/wp-content\/uploads\/2014\/10\/INFOGRAFIA_BEIJING-1024x562.jpg 1024w, https:\/\/www.catedracosgaya.com.ar\/tipoblog\/2014\/wp-content\/uploads\/2014\/10\/INFOGRAFIA_BEIJING.jpg 1320w\" sizes=\"auto, (max-width: 300px) 100vw, 300px\" \/><\/a><\/p>\n<p>&nbsp;<\/p>\n<p>&nbsp;<\/p>\n<p>Si bien periodismo y dise\u00f1o son dos disciplinas que se desarrollan individualmente, tienen much\u00edsimos puntos de contacto. Adem\u00e1s, es un trabajo en equipo, ya que el periodista necesita del dise\u00f1ador y viceversa. Juntos logran algo muy importante que es la transmisi\u00f3n del conocimiento.<\/p>\n<p>&nbsp;<\/p>\n<p>&nbsp;<\/p>\n<p>&nbsp;<\/p>\n<p>&nbsp;<\/p>\n<p>&nbsp;<\/p>\n<p><em>Fuentes:<\/em><\/p>\n<p><a href=\"http:\/\/books.google.com.ar\/books?id=dSITRGdycwsC&amp;printsec=frontcover&amp;hl=es&amp;source=gbs_ge_summary_r&amp;cad=0#v=onepage&amp;q&amp;f=false\">http:\/\/books.google.com.ar\/books?id=dSITRGdycwsC&amp;printsec=frontcover&amp;hl=es&amp;source=gbs_ge_summary_r&amp;cad=0#v=onepage&amp;q&amp;f=false<\/a><\/p>\n<p><a href=\"http:\/\/www.elhistoriador.com.ar\/\">http:\/\/www.elhistoriador.com.ar\/<\/a><\/p>\n<p><a href=\"http:\/\/www.fopea.org\/\">http:\/\/www.fopea.org\/<\/a><\/p>\n","protected":false},"excerpt":{"rendered":"<p>DATO DEL D\u00cdA: Me toco subir en una fecha muy importante, hoy ser\u00eda el cumplea\u00f1os del ex presidente Juan Domingo Per\u00f3n. Lo nombro para recordar que en 1947, durante su presidencia declar\u00f3 el 7 de [&hellip;]<\/p>\n","protected":false},"author":324,"featured_media":5216,"comment_status":"closed","ping_status":"closed","sticky":false,"template":"","format":"standard","meta":{"jetpack_post_was_ever_published":false,"_jetpack_newsletter_access":"","_jetpack_dont_email_post_to_subs":false,"_jetpack_newsletter_tier_id":0,"_jetpack_memberships_contains_paywalled_content":false,"_jetpack_memberships_contains_paid_content":false,"footnotes":""},"categories":[5],"tags":[174,19,92,132,290,253,42],"class_list":["post-5214","post","type-post","status-publish","format-standard","has-post-thumbnail","hentry","category-periodico","tag-comunicacion","tag-diario","tag-diseno","tag-fotografia","tag-infografia","tag-periodico-2","tag-tipografia"],"jetpack_featured_media_url":"https:\/\/www.catedracosgaya.com.ar\/tipoblog\/2014\/wp-content\/uploads\/2014\/10\/ojo-ciberperiodismo.psd_1.jpg","jetpack_shortlink":"https:\/\/wp.me\/p4rrRH-1m6","jetpack_sharing_enabled":true,"_links":{"self":[{"href":"https:\/\/www.catedracosgaya.com.ar\/tipoblog\/2014\/wp-json\/wp\/v2\/posts\/5214","targetHints":{"allow":["GET"]}}],"collection":[{"href":"https:\/\/www.catedracosgaya.com.ar\/tipoblog\/2014\/wp-json\/wp\/v2\/posts"}],"about":[{"href":"https:\/\/www.catedracosgaya.com.ar\/tipoblog\/2014\/wp-json\/wp\/v2\/types\/post"}],"author":[{"embeddable":true,"href":"https:\/\/www.catedracosgaya.com.ar\/tipoblog\/2014\/wp-json\/wp\/v2\/users\/324"}],"replies":[{"embeddable":true,"href":"https:\/\/www.catedracosgaya.com.ar\/tipoblog\/2014\/wp-json\/wp\/v2\/comments?post=5214"}],"version-history":[{"count":1,"href":"https:\/\/www.catedracosgaya.com.ar\/tipoblog\/2014\/wp-json\/wp\/v2\/posts\/5214\/revisions"}],"predecessor-version":[{"id":5222,"href":"https:\/\/www.catedracosgaya.com.ar\/tipoblog\/2014\/wp-json\/wp\/v2\/posts\/5214\/revisions\/5222"}],"wp:featuredmedia":[{"embeddable":true,"href":"https:\/\/www.catedracosgaya.com.ar\/tipoblog\/2014\/wp-json\/wp\/v2\/media\/5216"}],"wp:attachment":[{"href":"https:\/\/www.catedracosgaya.com.ar\/tipoblog\/2014\/wp-json\/wp\/v2\/media?parent=5214"}],"wp:term":[{"taxonomy":"category","embeddable":true,"href":"https:\/\/www.catedracosgaya.com.ar\/tipoblog\/2014\/wp-json\/wp\/v2\/categories?post=5214"},{"taxonomy":"post_tag","embeddable":true,"href":"https:\/\/www.catedracosgaya.com.ar\/tipoblog\/2014\/wp-json\/wp\/v2\/tags?post=5214"}],"curies":[{"name":"wp","href":"https:\/\/api.w.org\/{rel}","templated":true}]}}